{"id":6446,"date":"2023-02-15T12:33:34","date_gmt":"2023-02-15T11:33:34","guid":{"rendered":"https:\/\/agora.xtec.cat\/ies-dperramon\/?p=6446"},"modified":"2023-03-05T17:38:09","modified_gmt":"2023-03-05T16:38:09","slug":"dones-100","status":"publish","type":"post","link":"https:\/\/agora.xtec.cat\/ies-dperramon\/portada\/dones-100\/","title":{"rendered":"Dones 100 &#8211; Dia Internacional de les Dones i les Nenes en la Ci\u00e8ncia"},"content":{"rendered":"<p>El dia 11 de febrer se celebra el <a href=\"https:\/\/www.un.org\/en\/events\/women-and-girls-in-science-day\/\" target=\"_blank\" rel=\"noopener\" data-saferedirecturl=\"https:\/\/www.google.com\/url?q=https:\/\/www.un.org\/en\/events\/women-and-girls-in-science-day\/&amp;source=gmail&amp;ust=1676546022087000&amp;usg=AOvVaw1XcLU_VmdDY_Ai4Wx0Povn\">Dia Internacional de les Dones i les Nenes en la Ci\u00e8ncia<\/a>. Va ser establert l&#8217;any 2015 per l\u2019ONU en la <a href=\"https:\/\/www.un.org\/fr\/ga\/search\/view_doc.asp?symbol=A\/70\/474\/Add.2&amp;TYPE=&amp;referer=\/french\/&amp;Lang=S\" target=\"_blank\" rel=\"noopener\" data-saferedirecturl=\"https:\/\/www.google.com\/url?q=https:\/\/www.un.org\/fr\/ga\/search\/view_doc.asp?symbol%3DA\/70\/474\/Add.2%26TYPE%3D%26referer%3D\/french\/%26Lang%3DS&amp;source=gmail&amp;ust=1676546022087000&amp;usg=AOvVaw2ihKekE1JDgHR2UCo3XFYG\">Resoluci\u00f3 70\/474\/Add.2<\/a><\/p>\n<p>A l&#8217;institut ho celebrem. L&#8217;alumnat d&#8217;ESO ha preparat informaci\u00f3 sobre 100 dones cient\u00edfiques i hem fet una representaci\u00f3 de cadascuna d&#8217;elles. Tamb\u00e9 amb la col\u00b7laboraci\u00f3 de professorat tenim une sinfografies de ceint\u00edfiques rellevants i hem fet de ganxet algunes cient\u00edfiques.<\/p>\n<div>\n<p><span id=\"m_-5226852524811465599gmail-docs-internal-guid-c3e00c00-7fff-4910-20d5-9a401551cac0\">L\u2019objectiu \u00e9s promoure la participaci\u00f3 plena i en condicions d&#8217;igualtat de les dones i les nenes en l&#8217;educaci\u00f3, la capacitaci\u00f3, l&#8217;ocupaci\u00f3 i els processos d&#8217;adopci\u00f3 de decisions en la ci\u00e8ncia, i eliminar tota mena de discriminaci\u00f3 contra les dones.<\/span><\/p>\n<p><span id=\"m_-5226852524811465599gmail-docs-internal-guid-ce9841a5-7fff-bad8-bc33-6d46b486c3e5\">Aquesta celebraci\u00f3 forma part del l\u2019Objectiu de Desenvolupament Sostenible n\u00famero 5 de l&#8217;<a href=\"https:\/\/www.un.org\/sustainabledevelopment\/es\/objetivos-de-desarrollo-sostenible\/\" target=\"_blank\" rel=\"noopener\" data-saferedirecturl=\"https:\/\/www.google.com\/url?q=https:\/\/www.un.org\/sustainabledevelopment\/es\/objetivos-de-desarrollo-sostenible\/&amp;source=gmail&amp;ust=1676546022087000&amp;usg=AOvVaw2kgrF9qV_3WvjDxY_sk6qp\">Agenda 2030<\/a>, que t\u00e9 com a objectiu aconseguir la igualtat de g\u00e8nere i apoderar totes les dones i les nenes.<\/span><\/p>\n<p>Espero que gaudiu de l&#8217;exposici\u00f3. La podeu venir a visitar al vest\u00edbul de l&#8217;institut.<\/p>\n\r\n\t<div class=\"slideshow_container slideshow_container_style-light\" style=\"height: 300px; \" data-slideshow-id=\"6448\" data-style-name=\"style-light\" data-style-version=\"2.3.1\" >\r\n\r\n\t\t\t\t\t<div class=\"slideshow_loading_icon\"><\/div>\r\n\t\t\r\n\t\t<div class=\"slideshow_content\" style=\"display: none;\">\r\n\r\n\t\t\t<div class=\"slideshow_view\">\r\n\t\t\t\t<div class=\"slideshow_slide slideshow_slide_image\">\r\n\t\t\t\t\t\t\t\t\t\t\t<img src=\"https:\/\/agora.xtec.cat\/ies-dperramon\/wp-content\/uploads\/usu947\/2023\/02\/IMG20230214140240.jpg\" alt=\"IMG20230214140240\" width=\"1024\" height=\"768\" \/>\r\n\t\t\t\t\t\t\t\t\t\t<div class=\"slideshow_description_box slideshow_transparent\">\r\n\t\t\t\t\t\t<div class=\"slideshow_title\">IMG20230214140240<\/div>\t\t\t\t\t\t\t\t\t\t\t<\/div>\r\n\t\t\t\t<\/div>\r\n\r\n\t\t\t\t\t\t<div style=\"clear: both;\"><\/div><\/div><div class=\"slideshow_view\">\r\n\t\t\t\t<div class=\"slideshow_slide slideshow_slide_image\">\r\n\t\t\t\t\t\t\t\t\t\t\t<img src=\"https:\/\/agora.xtec.cat\/ies-dperramon\/wp-content\/uploads\/usu947\/2023\/02\/IMG20230214140248.jpg\" alt=\"IMG20230214140248\" width=\"1024\" height=\"768\" \/>\r\n\t\t\t\t\t\t\t\t\t\t<div class=\"slideshow_description_box slideshow_transparent\">\r\n\t\t\t\t\t\t<div class=\"slideshow_title\">IMG20230214140248<\/div>\t\t\t\t\t\t\t\t\t\t\t<\/div>\r\n\t\t\t\t<\/div>\r\n\r\n\t\t\t\t\t\t<div style=\"clear: both;\"><\/div><\/div><div class=\"slideshow_view\">\r\n\t\t\t\t<div class=\"slideshow_slide slideshow_slide_image\">\r\n\t\t\t\t\t\t\t\t\t\t\t<img src=\"https:\/\/agora.xtec.cat\/ies-dperramon\/wp-content\/uploads\/usu947\/2023\/02\/IMG20230214140254.jpg\" alt=\"IMG20230214140254\" width=\"1024\" height=\"768\" \/>\r\n\t\t\t\t\t\t\t\t\t\t<div class=\"slideshow_description_box slideshow_transparent\">\r\n\t\t\t\t\t\t<div class=\"slideshow_title\">IMG20230214140254<\/div>\t\t\t\t\t\t\t\t\t\t\t<\/div>\r\n\t\t\t\t<\/div>\r\n\r\n\t\t\t\t\t\t<div style=\"clear: both;\"><\/div><\/div><div class=\"slideshow_view\">\r\n\t\t\t\t<div class=\"slideshow_slide slideshow_slide_image\">\r\n\t\t\t\t\t\t\t\t\t\t\t<img src=\"https:\/\/agora.xtec.cat\/ies-dperramon\/wp-content\/uploads\/usu947\/2023\/02\/IMG20230214140303.jpg\" alt=\"IMG20230214140303\" width=\"1024\" height=\"768\" \/>\r\n\t\t\t\t\t\t\t\t\t\t<div class=\"slideshow_description_box slideshow_transparent\">\r\n\t\t\t\t\t\t<div class=\"slideshow_title\">IMG20230214140303<\/div>\t\t\t\t\t\t\t\t\t\t\t<\/div>\r\n\t\t\t\t<\/div>\r\n\r\n\t\t\t\t\t\t<div style=\"clear: both;\"><\/div><\/div>\r\n\t\t<\/div>\r\n\r\n\t\t<div class=\"slideshow_controlPanel slideshow_transparent\" style=\"display: none;\"><ul><li class=\"slideshow_togglePlay\" data-play-text=\"Visualitza\" data-pause-text=\"Pausa\"><\/li><\/ul><\/div>\r\n\r\n\t\t<div class=\"slideshow_button slideshow_previous slideshow_transparent\" role=\"button\" data-previous-text=\"Anterior\" style=\"display: none;\"><\/div>\r\n\t\t<div class=\"slideshow_button slideshow_next slideshow_transparent\" role=\"button\" data-next-text=\"Seg\u00fcent\" style=\"display: none;\"><\/div>\r\n\r\n\t\t<div class=\"slideshow_pagination\" style=\"display: none;\" data-go-to-text=\"V\u00e9s a la diapositiva\"><div class=\"slideshow_pagination_center\"><\/div><\/div>\r\n\r\n\t\t<!-- WordPress Slideshow Version 2.3.1 -->\r\n\r\n\t\t\t<\/div>\r\n\r\n\n<\/div>\n","protected":false},"excerpt":{"rendered":"<p>El dia 11 de febrer se celebra el Dia Internacional de les Dones i les Nenes en la Ci\u00e8ncia. Va ser establert l&#8217;any 2015 per l\u2019ONU en la Resoluci\u00f3 70\/474\/Add.2 A l&#8217;institut ho celebrem. L&#8217;alumnat d&#8217;ESO ha preparat informaci\u00f3 sobre 100 dones cient\u00edfiques i hem fet una representaci\u00f3 de cadascuna d&#8217;elles. Tamb\u00e9 amb la col\u00b7laboraci\u00f3 [&hellip;]<\/p>\n","protected":false},"author":1,"featured_media":6441,"comment_status":"closed","ping_status":"closed","sticky":false,"template":"","format":"standard","meta":{"_bbp_topic_count":0,"_bbp_reply_count":0,"_bbp_total_topic_count":0,"_bbp_total_reply_count":0,"_bbp_voice_count":0,"_bbp_anonymous_reply_count":0,"_bbp_topic_count_hidden":0,"_bbp_reply_count_hidden":0,"_bbp_forum_subforum_count":0,"site-sidebar-layout":"default","site-content-layout":"","ast-site-content-layout":"","site-content-style":"default","site-sidebar-style":"default","ast-global-header-display":"","ast-banner-title-visibility":"","ast-main-header-display":"","ast-hfb-above-header-display":"","ast-hfb-below-header-display":"","ast-hfb-mobile-header-display":"","site-post-title":"","ast-breadcrumbs-content":"","ast-featured-img":"","footer-sml-layout":"","theme-transparent-header-meta":"","adv-header-id-meta":"","stick-header-meta":"","header-above-stick-meta":"","header-main-stick-meta":"","header-below-stick-meta":"","astra-migrate-meta-layouts":"default","ast-page-background-enabled":"default","ast-page-background-meta":{"desktop":{"background-color":"var(--ast-global-color-4)","background-image":"","background-repeat":"repeat","background-position":"center center","background-size":"auto","background-attachment":"scroll","background-type":"","background-media":"","overlay-type":"","overlay-color":"","overlay-opacity":"","overlay-gradient":""},"tablet":{"background-color":"","background-image":"","background-repeat":"repeat","background-position":"center center","background-size":"auto","background-attachment":"scroll","background-type":"","background-media":"","overlay-type":"","overlay-color":"","overlay-opacity":"","overlay-gradient":""},"mobile":{"background-color":"","background-image":"","background-repeat":"repeat","background-position":"center center","background-size":"auto","background-attachment":"scroll","background-type":"","background-media":"","overlay-type":"","overlay-color":"","overlay-opacity":"","overlay-gradient":""}},"ast-content-background-meta":{"desktop":{"background-color":"var(--ast-global-color-5)","background-image":"","background-repeat":"repeat","background-position":"center center","background-size":"auto","background-attachment":"scroll","background-type":"","background-media":"","overlay-type":"","overlay-color":"","overlay-opacity":"","overlay-gradient":""},"tablet":{"background-color":"var(--ast-global-color-5)","background-image":"","background-repeat":"repeat","background-position":"center center","background-size":"auto","background-attachment":"scroll","background-type":"","background-media":"","overlay-type":"","overlay-color":"","overlay-opacity":"","overlay-gradient":""},"mobile":{"background-color":"var(--ast-global-color-5)","background-image":"","background-repeat":"repeat","background-position":"center center","background-size":"auto","background-attachment":"scroll","background-type":"","background-media":"","overlay-type":"","overlay-color":"","overlay-opacity":"","overlay-gradient":""}},"footnotes":""},"categories":[144,328,29],"tags":[],"class_list":["post-6446","post","type-post","status-publish","format-standard","has-post-thumbnail","hentry","category-ciencies-naturals","category-curs-2022-23","category-portada"],"post_mailing_queue_ids":[],"_links":{"self":[{"href":"https:\/\/agora.xtec.cat\/ies-dperramon\/wp-json\/wp\/v2\/posts\/6446","targetHints":{"allow":["GET"]}}],"collection":[{"href":"https:\/\/agora.xtec.cat\/ies-dperramon\/wp-json\/wp\/v2\/posts"}],"about":[{"href":"https:\/\/agora.xtec.cat\/ies-dperramon\/wp-json\/wp\/v2\/types\/post"}],"author":[{"embeddable":true,"href":"https:\/\/agora.xtec.cat\/ies-dperramon\/wp-json\/wp\/v2\/users\/1"}],"replies":[{"embeddable":true,"href":"https:\/\/agora.xtec.cat\/ies-dperramon\/wp-json\/wp\/v2\/comments?post=6446"}],"version-history":[{"count":3,"href":"https:\/\/agora.xtec.cat\/ies-dperramon\/wp-json\/wp\/v2\/posts\/6446\/revisions"}],"predecessor-version":[{"id":6513,"href":"https:\/\/agora.xtec.cat\/ies-dperramon\/wp-json\/wp\/v2\/posts\/6446\/revisions\/6513"}],"wp:featuredmedia":[{"embeddable":true,"href":"https:\/\/agora.xtec.cat\/ies-dperramon\/wp-json\/wp\/v2\/media\/6441"}],"wp:attachment":[{"href":"https:\/\/agora.xtec.cat\/ies-dperramon\/wp-json\/wp\/v2\/media?parent=6446"}],"wp:term":[{"taxonomy":"category","embeddable":true,"href":"https:\/\/agora.xtec.cat\/ies-dperramon\/wp-json\/wp\/v2\/categories?post=6446"},{"taxonomy":"post_tag","embeddable":true,"href":"https:\/\/agora.xtec.cat\/ies-dperramon\/wp-json\/wp\/v2\/tags?post=6446"}],"curies":[{"name":"wp","href":"https:\/\/api.w.org\/{rel}","templated":true}]}}