{"id":6436,"date":"2023-02-17T18:47:00","date_gmt":"2023-02-17T17:47:00","guid":{"rendered":"https:\/\/agora.xtec.cat\/ies-dperramon\/?p=6436"},"modified":"2023-02-18T09:34:01","modified_gmt":"2023-02-18T08:34:01","slug":"feemcat-el-fem-matematiques-2023","status":"publish","type":"post","link":"https:\/\/agora.xtec.cat\/ies-dperramon\/eso\/feemcat-el-fem-matematiques-2023\/","title":{"rendered":"FEEMCAT: el FEM Matem\u00e0tiques 2023"},"content":{"rendered":"<p>Benvolguda comunitat del Dom\u00e8nec Perramon,<\/p>\n<div><\/div>\n<div>Volem informar-vos que el <strong>15 d&#8217;abril<\/strong> tindrem el privilegi de ser el <strong>centre amfitri\u00f3<\/strong>\u00a0per un dels concursos de matem\u00e0tiques que organitza la <strong>FEEMCAT: el FEM Matem\u00e0tiques<\/strong>.<\/div>\n<div><\/div>\n<div>\n<p dir=\"ltr\">El <strong>FEM MATEM\u00c0TIQUES<\/strong> \u00e9s una activitat que s&#8217;organitza des de fa m\u00e9s de quinze anys i t\u00e9 la finalitat de contribuir a desenvolupar la <strong>compet\u00e8ncia matem\u00e0tica<\/strong> en tot l&#8217;alumnat de sis\u00e8 de Prim\u00e0ria i primer cicle de l&#8217;ESO. Tamb\u00e9 permet intercanviar experi\u00e8ncies i compartir propostes per part del professorat de les diferents comarques de Catalunya. A m\u00e9s, vol sensibilitzar la societat catalana en general sobre la necessitat de <strong>millora de l&#8217;educaci\u00f3 matem\u00e0tica<\/strong> que afavoreix el <strong>desenvolupament personal<\/strong> i la <strong>integraci\u00f3 social<\/strong> d&#8217;uns <strong>ciutadans i ciutadanes lliures i responsables<\/strong>.<\/p>\n<p dir=\"ltr\"><a href=\"https:\/\/agora.xtec.cat\/ies-dperramon\/wp-content\/uploads\/usu947\/2023\/02\/jornadalogo512-FemMates_23.png\"><img loading=\"lazy\" decoding=\"async\" class=\"aligncenter size-medium wp-image-6437\" src=\"https:\/\/agora.xtec.cat\/ies-dperramon\/wp-content\/uploads\/usu947\/2023\/02\/jornadalogo512-FemMates_23-300x138.png\" alt=\"\" width=\"300\" height=\"138\" srcset=\"https:\/\/agora.xtec.cat\/ies-dperramon\/wp-content\/uploads\/usu947\/2023\/02\/jornadalogo512-FemMates_23-300x138.png 300w, https:\/\/agora.xtec.cat\/ies-dperramon\/wp-content\/uploads\/usu947\/2023\/02\/jornadalogo512-FemMates_23.png 436w\" sizes=\"auto, (max-width: 300px) 100vw, 300px\" \/><\/a><\/p>\n<p dir=\"ltr\">Es tracta d&#8217;una activitat organitzada anualment per la <a href=\"http:\/\/feemcat.org\/\" target=\"_blank\" rel=\"noopener\" data-saferedirecturl=\"https:\/\/www.google.com\/url?q=http:\/\/feemcat.org\/&amp;source=gmail&amp;ust=1676395598114000&amp;usg=AOvVaw04PIU5-Xj0riLozbOqMltU\">FEEMCAT<\/a> (Federaci\u00f3 d&#8217;Entitats per a l&#8217;Ensenyament de les Matem\u00e0tiques a Catalunya) amb el suport del <a href=\"http:\/\/www.gencat.net\/educacio\/\" target=\"_blank\" rel=\"noopener\" data-saferedirecturl=\"https:\/\/www.google.com\/url?q=http:\/\/www.gencat.net\/educacio\/&amp;source=gmail&amp;ust=1676395598115000&amp;usg=AOvVaw0qcz0AQjRUveG36f_XpmJj\">Departament d&#8217;Educaci\u00f3<\/a>. Est\u00e0 dirigida a tots l\u2019alumnat de sis\u00e8 de Prim\u00e0ria i primer i segon d&#8217;ESO dels centres escolars de Catalunya. S&#8217;organitza en forma de concurs i es desenvolupa en tres fases.<\/p>\n<p dir=\"ltr\">Durant la jornada del <strong>15 d\u2019abril<\/strong> es duran a terme diferents activitats de car\u00e0cter matem\u00e0tic (proves individuals, proves en grup, gimcana pel poble&#8230;), totes elles destinades a passar un dia divertit entorn de les matem\u00e0tiques. D\u2019aquesta fase sortir\u00e0 l\u2019alumnat d\u2019APaMMs participants a la fase Final.<\/p>\n<\/div>\n<div>Esperem que l&#8217;activitat tingui una bona acollida per l&#8217;alumnat i puguem\u00a0gaudir d&#8217;una bona jornada!!<\/div>\n","protected":false},"excerpt":{"rendered":"<p>Benvolguda comunitat del Dom\u00e8nec Perramon, Volem informar-vos que el 15 d&#8217;abril tindrem el privilegi de ser el centre amfitri\u00f3\u00a0per un dels concursos de matem\u00e0tiques que organitza la FEEMCAT: el FEM Matem\u00e0tiques. El FEM MATEM\u00c0TIQUES \u00e9s una activitat que s&#8217;organitza des de fa m\u00e9s de quinze anys i t\u00e9 la finalitat de contribuir a desenvolupar la [&hellip;]<\/p>\n","protected":false},"author":1,"featured_media":6437,"comment_status":"closed","ping_status":"closed","sticky":false,"template":"","format":"standard","meta":{"_bbp_topic_count":0,"_bbp_reply_count":0,"_bbp_total_topic_count":0,"_bbp_total_reply_count":0,"_bbp_voice_count":0,"_bbp_anonymous_reply_count":0,"_bbp_topic_count_hidden":0,"_bbp_reply_count_hidden":0,"_bbp_forum_subforum_count":0,"site-sidebar-layout":"default","site-content-layout":"","ast-site-content-layout":"","site-content-style":"default","site-sidebar-style":"default","ast-global-header-display":"","ast-banner-title-visibility":"","ast-main-header-display":"","ast-hfb-above-header-display":"","ast-hfb-below-header-display":"","ast-hfb-mobile-header-display":"","site-post-title":"","ast-breadcrumbs-content":"","ast-featured-img":"","footer-sml-layout":"","theme-transparent-header-meta":"","adv-header-id-meta":"","stick-header-meta":"","header-above-stick-meta":"","header-main-stick-meta":"","header-below-stick-meta":"","astra-migrate-meta-layouts":"default","ast-page-background-enabled":"default","ast-page-background-meta":{"desktop":{"background-color":"var(--ast-global-color-4)","background-image":"","background-repeat":"repeat","background-position":"center center","background-size":"auto","background-attachment":"scroll","background-type":"","background-media":"","overlay-type":"","overlay-color":"","overlay-opacity":"","overlay-gradient":""},"tablet":{"background-color":"","background-image":"","background-repeat":"repeat","background-position":"center center","background-size":"auto","background-attachment":"scroll","background-type":"","background-media":"","overlay-type":"","overlay-color":"","overlay-opacity":"","overlay-gradient":""},"mobile":{"background-color":"","background-image":"","background-repeat":"repeat","background-position":"center center","background-size":"auto","background-attachment":"scroll","background-type":"","background-media":"","overlay-type":"","overlay-color":"","overlay-opacity":"","overlay-gradient":""}},"ast-content-background-meta":{"desktop":{"background-color":"var(--ast-global-color-5)","background-image":"","background-repeat":"repeat","background-position":"center center","background-size":"auto","background-attachment":"scroll","background-type":"","background-media":"","overlay-type":"","overlay-color":"","overlay-opacity":"","overlay-gradient":""},"tablet":{"background-color":"var(--ast-global-color-5)","background-image":"","background-repeat":"repeat","background-position":"center center","background-size":"auto","background-attachment":"scroll","background-type":"","background-media":"","overlay-type":"","overlay-color":"","overlay-opacity":"","overlay-gradient":""},"mobile":{"background-color":"var(--ast-global-color-5)","background-image":"","background-repeat":"repeat","background-position":"center center","background-size":"auto","background-attachment":"scroll","background-type":"","background-media":"","overlay-type":"","overlay-color":"","overlay-opacity":"","overlay-gradient":""}},"footnotes":""},"categories":[328,3,152,29],"tags":[],"class_list":["post-6436","post","type-post","status-publish","format-standard","has-post-thumbnail","hentry","category-curs-2022-23","category-eso","category-matematiques","category-portada"],"post_mailing_queue_ids":[],"_links":{"self":[{"href":"https:\/\/agora.xtec.cat\/ies-dperramon\/wp-json\/wp\/v2\/posts\/6436","targetHints":{"allow":["GET"]}}],"collection":[{"href":"https:\/\/agora.xtec.cat\/ies-dperramon\/wp-json\/wp\/v2\/posts"}],"about":[{"href":"https:\/\/agora.xtec.cat\/ies-dperramon\/wp-json\/wp\/v2\/types\/post"}],"author":[{"embeddable":true,"href":"https:\/\/agora.xtec.cat\/ies-dperramon\/wp-json\/wp\/v2\/users\/1"}],"replies":[{"embeddable":true,"href":"https:\/\/agora.xtec.cat\/ies-dperramon\/wp-json\/wp\/v2\/comments?post=6436"}],"version-history":[{"count":2,"href":"https:\/\/agora.xtec.cat\/ies-dperramon\/wp-json\/wp\/v2\/posts\/6436\/revisions"}],"predecessor-version":[{"id":6541,"href":"https:\/\/agora.xtec.cat\/ies-dperramon\/wp-json\/wp\/v2\/posts\/6436\/revisions\/6541"}],"wp:featuredmedia":[{"embeddable":true,"href":"https:\/\/agora.xtec.cat\/ies-dperramon\/wp-json\/wp\/v2\/media\/6437"}],"wp:attachment":[{"href":"https:\/\/agora.xtec.cat\/ies-dperramon\/wp-json\/wp\/v2\/media?parent=6436"}],"wp:term":[{"taxonomy":"category","embeddable":true,"href":"https:\/\/agora.xtec.cat\/ies-dperramon\/wp-json\/wp\/v2\/categories?post=6436"},{"taxonomy":"post_tag","embeddable":true,"href":"https:\/\/agora.xtec.cat\/ies-dperramon\/wp-json\/wp\/v2\/tags?post=6436"}],"curies":[{"name":"wp","href":"https:\/\/api.w.org\/{rel}","templated":true}]}}