{"id":633,"date":"2007-04-21T09:23:00","date_gmt":"2007-04-21T08:23:00","guid":{"rendered":"http:\/\/agora.xtec.cat\/ies-dperramon\/general\/sant-jordi-2007-2\/"},"modified":"2007-04-21T09:23:00","modified_gmt":"2007-04-21T08:23:00","slug":"sant-jordi-2007-2","status":"publish","type":"post","link":"https:\/\/agora.xtec.cat\/ies-dperramon\/sortides\/sant-jordi-2007-2\/","title":{"rendered":"Sant Jordi 2007"},"content":{"rendered":"<p><a href=\"http:\/\/1.bp.blogspot.com\/_bm82zoGbv9s\/RinZ3Xjcd_I\/AAAAAAAAAYY\/az-jnQo6xVM\/s1600-h\/276400061.JPG\"><img loading=\"lazy\" decoding=\"async\" id=\"BLOGGER_PHOTO_ID_5055811601938806770\" style=\"DISPLAY: block; MARGIN: 0px auto 10px; WIDTH: 395px; CURSOR: hand; HEIGHT: 199px; TEXT-ALIGN: center\" height=\"225\" alt=\"\" src=\"http:\/\/1.bp.blogspot.com\/_bm82zoGbv9s\/RinZ3Xjcd_I\/AAAAAAAAAYY\/az-jnQo6xVM\/s400\/276400061.JPG\" width=\"443\" border=\"0\" \/><\/a><\/p>\n<div><a href=\"http:\/\/4.bp.blogspot.com\/_bm82zoGbv9s\/RinM8Hjcd-I\/AAAAAAAAAYQ\/wX5OdC3ONgA\/s1600-h\/27640002.JPG\"><\/a><br \/><span style=\"font-family:trebuchet ms;\"><\/p>\n<p>Enguany, per motius que ara no v\u00e9nen al cas, la celebraci\u00f3 de la Diada de Sant Jordi no tindr\u00e0 lloc el mateix dia 23 sin\u00f3 el dia 27, el dia de la Mare de D\u00e9u de Montserrat. Per\u00f2 com ja \u00e9s norma des de fa dos anys, la celebraci\u00f3 tindr\u00e0 lloc a la Sala Municipal i tothom hi est\u00e0 convidat.<\/p>\n<p> <\/span><\/p>\n<p><span style=\"font-family:trebuchet ms;\">I com ja \u00e9s habitual, aquesta diada estar\u00e0 plena d&#8217;actuacions diverses: recitaci\u00f3 de poemes, petits esquetxos teatrals, balls i coreografies, mon\u00f2legs, actuacions musicals, etc. Tamb\u00e9 hem convidat, i ella ha acceptat, la Montse Aguilar, exalumna de l&#8217;institut, que ens delectar\u00e0 amb la seva veu amb un parell de can\u00e7ons. A l&#8217;institut, a m\u00e9s, hi haur\u00e0 tamb\u00e9 l&#8217;exposici\u00f3-concurs de punts de llibre que han fet els alumnes de 1r, 2n i 3r d&#8217;ESO i els cal\u00b7ligrames de 4t d&#8217;ESO (que tamb\u00e9 podeu veure penjats als seus blocs), i dels receptaris de cuina que han fet els alumnes de 2n. N&#8217;hi ha per llepar-se&#8217;n els dits!!<\/p>\n<p><\/span><\/p>\n<p><span style=\"font-family:trebuchet ms;\">La foto que encap\u00e7ala aquesta entrada \u00e9s de l&#8217;actuaci\u00f3 del grup de literatura castellana de 1r de batxillerat de l&#8217;any 2006, de la recitaci\u00f3 d&#8217;un <em>romance.<\/em><\/p>\n<p><\/span><\/div>\n<div>http:\/\/domenecperramon.blogspot.com\/feeds\/posts\/default<\/div>\n","protected":false},"excerpt":{"rendered":"<p>Enguany, per motius que ara no v\u00e9nen al cas, la celebraci\u00f3 de la Diada de Sant Jordi no tindr\u00e0 lloc el mateix dia 23 sin\u00f3 el dia 27, el dia de la Mare de D\u00e9u de Montserrat. Per\u00f2 com ja \u00e9s norma des de fa dos anys, la celebraci\u00f3 tindr\u00e0 lloc a la Sala Municipal [&hellip;]<\/p>\n","protected":false},"author":4,"featured_media":0,"comment_status":"open","ping_status":"open","sticky":false,"template":"","format":"standard","meta":{"_bbp_topic_count":0,"_bbp_reply_count":0,"_bbp_total_topic_count":0,"_bbp_total_reply_count":0,"_bbp_voice_count":0,"_bbp_anonymous_reply_count":0,"_bbp_topic_count_hidden":0,"_bbp_reply_count_hidden":0,"_bbp_forum_subforum_count":0,"site-sidebar-layout":"default","site-content-layout":"","ast-site-content-layout":"","site-content-style":"default","site-sidebar-style":"default","ast-global-header-display":"","ast-banner-title-visibility":"","ast-main-header-display":"","ast-hfb-above-header-display":"","ast-hfb-below-header-display":"","ast-hfb-mobile-header-display":"","site-post-title":"","ast-breadcrumbs-content":"","ast-featured-img":"","footer-sml-layout":"","theme-transparent-header-meta":"","adv-header-id-meta":"","stick-header-meta":"","header-above-stick-meta":"","header-main-stick-meta":"","header-below-stick-meta":"","astra-migrate-meta-layouts":"default","ast-page-background-enabled":"default","ast-page-background-meta":{"desktop":{"background-color":"var(--ast-global-color-4)","background-image":"","background-repeat":"repeat","background-position":"center center","background-size":"auto","background-attachment":"scroll","background-type":"","background-media":"","overlay-type":"","overlay-color":"","overlay-opacity":"","overlay-gradient":""},"tablet":{"background-color":"","background-image":"","background-repeat":"repeat","background-position":"center center","background-size":"auto","background-attachment":"scroll","background-type":"","background-media":"","overlay-type":"","overlay-color":"","overlay-opacity":"","overlay-gradient":""},"mobile":{"background-color":"","background-image":"","background-repeat":"repeat","background-position":"center center","background-size":"auto","background-attachment":"scroll","background-type":"","background-media":"","overlay-type":"","overlay-color":"","overlay-opacity":"","overlay-gradient":""}},"ast-content-background-meta":{"desktop":{"background-color":"var(--ast-global-color-5)","background-image":"","background-repeat":"repeat","background-position":"center center","background-size":"auto","background-attachment":"scroll","background-type":"","background-media":"","overlay-type":"","overlay-color":"","overlay-opacity":"","overlay-gradient":""},"tablet":{"background-color":"var(--ast-global-color-5)","background-image":"","background-repeat":"repeat","background-position":"center center","background-size":"auto","background-attachment":"scroll","background-type":"","background-media":"","overlay-type":"","overlay-color":"","overlay-opacity":"","overlay-gradient":""},"mobile":{"background-color":"var(--ast-global-color-5)","background-image":"","background-repeat":"repeat","background-position":"center center","background-size":"auto","background-attachment":"scroll","background-type":"","background-media":"","overlay-type":"","overlay-color":"","overlay-opacity":"","overlay-gradient":""}},"footnotes":""},"categories":[84],"tags":[],"class_list":["post-633","post","type-post","status-publish","format-standard","hentry","category-sortides"],"post_mailing_queue_ids":[],"_links":{"self":[{"href":"https:\/\/agora.xtec.cat\/ies-dperramon\/wp-json\/wp\/v2\/posts\/633","targetHints":{"allow":["GET"]}}],"collection":[{"href":"https:\/\/agora.xtec.cat\/ies-dperramon\/wp-json\/wp\/v2\/posts"}],"about":[{"href":"https:\/\/agora.xtec.cat\/ies-dperramon\/wp-json\/wp\/v2\/types\/post"}],"author":[{"embeddable":true,"href":"https:\/\/agora.xtec.cat\/ies-dperramon\/wp-json\/wp\/v2\/users\/4"}],"replies":[{"embeddable":true,"href":"https:\/\/agora.xtec.cat\/ies-dperramon\/wp-json\/wp\/v2\/comments?post=633"}],"version-history":[{"count":0,"href":"https:\/\/agora.xtec.cat\/ies-dperramon\/wp-json\/wp\/v2\/posts\/633\/revisions"}],"wp:attachment":[{"href":"https:\/\/agora.xtec.cat\/ies-dperramon\/wp-json\/wp\/v2\/media?parent=633"}],"wp:term":[{"taxonomy":"category","embeddable":true,"href":"https:\/\/agora.xtec.cat\/ies-dperramon\/wp-json\/wp\/v2\/categories?post=633"},{"taxonomy":"post_tag","embeddable":true,"href":"https:\/\/agora.xtec.cat\/ies-dperramon\/wp-json\/wp\/v2\/tags?post=633"}],"curies":[{"name":"wp","href":"https:\/\/api.w.org\/{rel}","templated":true}]}}