{"id":6272,"date":"2022-11-17T22:50:29","date_gmt":"2022-11-17T21:50:29","guid":{"rendered":"https:\/\/agora.xtec.cat\/ies-dperramon\/?p=6272"},"modified":"2023-01-25T09:15:05","modified_gmt":"2023-01-25T08:15:05","slug":"cartell-contra-la-violencia-de-genere","status":"publish","type":"post","link":"https:\/\/agora.xtec.cat\/ies-dperramon\/portada\/cartell-contra-la-violencia-de-genere\/","title":{"rendered":"cartell contra la violencia de genere"},"content":{"rendered":"<h3>CARTELL 25N CONTRA LA VIOL\u00c8NCIA DE G\u00c8NERE<\/h3>\n<p><a href=\"https:\/\/agora.xtec.cat\/ies-dperramon\/wp-content\/uploads\/usu947\/2022\/11\/CartViolGen3Conc2223.jpg\"><img loading=\"lazy\" decoding=\"async\" class=\"alignleft size-medium wp-image-6273\" src=\"https:\/\/agora.xtec.cat\/ies-dperramon\/wp-content\/uploads\/usu947\/2022\/11\/CartViolGen3Conc2223-213x300.jpg\" alt=\"\" width=\"213\" height=\"300\" srcset=\"https:\/\/agora.xtec.cat\/ies-dperramon\/wp-content\/uploads\/usu947\/2022\/11\/CartViolGen3Conc2223-213x300.jpg 213w, https:\/\/agora.xtec.cat\/ies-dperramon\/wp-content\/uploads\/usu947\/2022\/11\/CartViolGen3Conc2223.jpg 660w\" sizes=\"auto, (max-width: 213px) 100vw, 213px\" \/><\/a>Aquest any 2022, es convoca per tercera vegada el concurs internacional de cartells Dom\u00e8nec Perramon.<\/p>\n<p>Aquest concurs t\u00e9 com a finalitat incentivar als joves artistes a realitzar les seves pr\u00f2pies creacions a partir del dia Internacional contra la Viol\u00e8ncia de G\u00e8nere.<\/p>\n<p>Durant aquesta setmana hem treballat per grups el disseny d&#8217;un cartell digital pel 25 de novembre, amb l\u2019objectiu de conscienciar i reflexionar a trav\u00e9s de l&#8217;art i el llenguatge art\u00edstic una problem\u00e0tica social. De cada grup en sortir\u00e0 guanyador el m\u00e9s votat per l&#8217;alumnat i finalment entre tots i totes s&#8217;escollir\u00e0 els finalistes de cada cicle.<\/p>\n<p>El cartell guanyador s&#8217;utilitzar\u00e0 com a imatge principal del centre contra la viol\u00e8ncia de g\u00e8nere i ser\u00e0 exposat en les zones principals de l\u2019institut.<\/p>\n","protected":false},"excerpt":{"rendered":"<p>CARTELL 25N CONTRA LA VIOL\u00c8NCIA DE G\u00c8NERE Aquest any 2022, es convoca per tercera vegada el concurs internacional de cartells Dom\u00e8nec Perramon. Aquest concurs t\u00e9 com a finalitat incentivar als joves artistes a realitzar les seves pr\u00f2pies creacions a partir del dia Internacional contra la Viol\u00e8ncia de G\u00e8nere. Durant aquesta setmana hem treballat per grups [&hellip;]<\/p>\n","protected":false},"author":1,"featured_media":6273,"comment_status":"closed","ping_status":"closed","sticky":false,"template":"","format":"standard","meta":{"_bbp_topic_count":0,"_bbp_reply_count":0,"_bbp_total_topic_count":0,"_bbp_total_reply_count":0,"_bbp_voice_count":0,"_bbp_anonymous_reply_count":0,"_bbp_topic_count_hidden":0,"_bbp_reply_count_hidden":0,"_bbp_forum_subforum_count":0,"site-sidebar-layout":"default","site-content-layout":"","ast-site-content-layout":"","site-content-style":"default","site-sidebar-style":"default","ast-global-header-display":"","ast-banner-title-visibility":"","ast-main-header-display":"","ast-hfb-above-header-display":"","ast-hfb-below-header-display":"","ast-hfb-mobile-header-display":"","site-post-title":"","ast-breadcrumbs-content":"","ast-featured-img":"","footer-sml-layout":"","theme-transparent-header-meta":"","adv-header-id-meta":"","stick-header-meta":"","header-above-stick-meta":"","header-main-stick-meta":"","header-below-stick-meta":"","astra-migrate-meta-layouts":"default","ast-page-background-enabled":"default","ast-page-background-meta":{"desktop":{"background-color":"var(--ast-global-color-4)","background-image":"","background-repeat":"repeat","background-position":"center center","background-size":"auto","background-attachment":"scroll","background-type":"","background-media":"","overlay-type":"","overlay-color":"","overlay-opacity":"","overlay-gradient":""},"tablet":{"background-color":"","background-image":"","background-repeat":"repeat","background-position":"center center","background-size":"auto","background-attachment":"scroll","background-type":"","background-media":"","overlay-type":"","overlay-color":"","overlay-opacity":"","overlay-gradient":""},"mobile":{"background-color":"","background-image":"","background-repeat":"repeat","background-position":"center center","background-size":"auto","background-attachment":"scroll","background-type":"","background-media":"","overlay-type":"","overlay-color":"","overlay-opacity":"","overlay-gradient":""}},"ast-content-background-meta":{"desktop":{"background-color":"var(--ast-global-color-5)","background-image":"","background-repeat":"repeat","background-position":"center center","background-size":"auto","background-attachment":"scroll","background-type":"","background-media":"","overlay-type":"","overlay-color":"","overlay-opacity":"","overlay-gradient":""},"tablet":{"background-color":"var(--ast-global-color-5)","background-image":"","background-repeat":"repeat","background-position":"center center","background-size":"auto","background-attachment":"scroll","background-type":"","background-media":"","overlay-type":"","overlay-color":"","overlay-opacity":"","overlay-gradient":""},"mobile":{"background-color":"var(--ast-global-color-5)","background-image":"","background-repeat":"repeat","background-position":"center center","background-size":"auto","background-attachment":"scroll","background-type":"","background-media":"","overlay-type":"","overlay-color":"","overlay-opacity":"","overlay-gradient":""}},"footnotes":""},"categories":[321,133,328,147,149,29],"tags":[],"class_list":["post-6272","post","type-post","status-publish","format-standard","has-post-thumbnail","hentry","category-concurs","category-creativitat","category-curs-2022-23","category-expressions","category-inici","category-portada"],"post_mailing_queue_ids":[],"_links":{"self":[{"href":"https:\/\/agora.xtec.cat\/ies-dperramon\/wp-json\/wp\/v2\/posts\/6272","targetHints":{"allow":["GET"]}}],"collection":[{"href":"https:\/\/agora.xtec.cat\/ies-dperramon\/wp-json\/wp\/v2\/posts"}],"about":[{"href":"https:\/\/agora.xtec.cat\/ies-dperramon\/wp-json\/wp\/v2\/types\/post"}],"author":[{"embeddable":true,"href":"https:\/\/agora.xtec.cat\/ies-dperramon\/wp-json\/wp\/v2\/users\/1"}],"replies":[{"embeddable":true,"href":"https:\/\/agora.xtec.cat\/ies-dperramon\/wp-json\/wp\/v2\/comments?post=6272"}],"version-history":[{"count":1,"href":"https:\/\/agora.xtec.cat\/ies-dperramon\/wp-json\/wp\/v2\/posts\/6272\/revisions"}],"predecessor-version":[{"id":6274,"href":"https:\/\/agora.xtec.cat\/ies-dperramon\/wp-json\/wp\/v2\/posts\/6272\/revisions\/6274"}],"wp:featuredmedia":[{"embeddable":true,"href":"https:\/\/agora.xtec.cat\/ies-dperramon\/wp-json\/wp\/v2\/media\/6273"}],"wp:attachment":[{"href":"https:\/\/agora.xtec.cat\/ies-dperramon\/wp-json\/wp\/v2\/media?parent=6272"}],"wp:term":[{"taxonomy":"category","embeddable":true,"href":"https:\/\/agora.xtec.cat\/ies-dperramon\/wp-json\/wp\/v2\/categories?post=6272"},{"taxonomy":"post_tag","embeddable":true,"href":"https:\/\/agora.xtec.cat\/ies-dperramon\/wp-json\/wp\/v2\/tags?post=6272"}],"curies":[{"name":"wp","href":"https:\/\/api.w.org\/{rel}","templated":true}]}}