{"id":6238,"date":"2022-10-13T12:26:57","date_gmt":"2022-10-13T10:26:57","guid":{"rendered":"https:\/\/agora.xtec.cat\/ies-dperramon\/?p=6238"},"modified":"2023-01-28T13:17:55","modified_gmt":"2023-01-28T12:17:55","slug":"punt-lila-de-linstitut","status":"publish","type":"post","link":"https:\/\/agora.xtec.cat\/ies-dperramon\/general\/punt-lila-de-linstitut\/","title":{"rendered":"Punt Lila de l\u2019institut"},"content":{"rendered":"<p><img loading=\"lazy\" decoding=\"async\" class=\"alignleft size-medium wp-image-6241\" src=\"https:\/\/agora.xtec.cat\/ies-dperramon\/wp-content\/uploads\/usu947\/2022\/10\/PuntLila01_2022-10-13-300x225.jpeg\" alt=\"\" width=\"300\" height=\"225\" srcset=\"https:\/\/agora.xtec.cat\/ies-dperramon\/wp-content\/uploads\/usu947\/2022\/10\/PuntLila01_2022-10-13-300x225.jpeg 300w, https:\/\/agora.xtec.cat\/ies-dperramon\/wp-content\/uploads\/usu947\/2022\/10\/PuntLila01_2022-10-13-1024x768.jpeg 1024w, https:\/\/agora.xtec.cat\/ies-dperramon\/wp-content\/uploads\/usu947\/2022\/10\/PuntLila01_2022-10-13-768x576.jpeg 768w, https:\/\/agora.xtec.cat\/ies-dperramon\/wp-content\/uploads\/usu947\/2022\/10\/PuntLila01_2022-10-13-1536x1152.jpeg 1536w, https:\/\/agora.xtec.cat\/ies-dperramon\/wp-content\/uploads\/usu947\/2022\/10\/PuntLila01_2022-10-13-200x150.jpeg 200w, https:\/\/agora.xtec.cat\/ies-dperramon\/wp-content\/uploads\/usu947\/2022\/10\/PuntLila01_2022-10-13.jpeg 2016w\" sizes=\"auto, (max-width: 300px) 100vw, 300px\" \/><\/p>\n<p style=\"text-align: justify;\">L\u2019aposta del Departament d\u2019Educaci\u00f3 per incloure la coeducaci\u00f3 a tots els centres escolars fa que durant el curs 2021-2022 es cre\u00ef per primera vegada la comissi\u00f3 de coeducaci\u00f3 de l\u2019Institut Dom\u00e8nec Perramon. Aquest curs 2022-2023 es continua apostant per la coeducaci\u00f3 com un dels projectes de centre i es forma un equip de professorat i alumnat per dur a terme la tasca encomanada.<\/p>\n<p style=\"text-align: justify;\">Tal com defineix el Departament d\u2019Educaci\u00f3:<\/p>\n<p style=\"text-align: justify; padding-left: 40px;\"><em>\u201cla coeducaci\u00f3 \u00e9s l\u2019acci\u00f3 educadora que potencia la igualtat real d\u2019oportunitats i valora indistintament l\u2019experi\u00e8ncia, les aptituds i l\u2019aportaci\u00f3 social i cultural de dones i homes, en igualtat de drets, sense estereotips sexistes, homof\u00f2bics, bif\u00f2bics, transf\u00f2bics o androc\u00e8ntrics ni actituds discriminat\u00f2ries per ra\u00f3 de sexe, orientaci\u00f3 sexual, identitat de g\u00e8nere o expressi\u00f3 de g\u00e8nere.\u201d<\/em><\/p>\n<p><img loading=\"lazy\" decoding=\"async\" class=\"alignleft size-medium wp-image-6240\" src=\"https:\/\/agora.xtec.cat\/ies-dperramon\/wp-content\/uploads\/usu947\/2022\/10\/PuntLila02_2022-10-13-300x225.jpeg\" alt=\"\" width=\"300\" height=\"225\" srcset=\"https:\/\/agora.xtec.cat\/ies-dperramon\/wp-content\/uploads\/usu947\/2022\/10\/PuntLila02_2022-10-13-300x225.jpeg 300w, https:\/\/agora.xtec.cat\/ies-dperramon\/wp-content\/uploads\/usu947\/2022\/10\/PuntLila02_2022-10-13-1024x768.jpeg 1024w, https:\/\/agora.xtec.cat\/ies-dperramon\/wp-content\/uploads\/usu947\/2022\/10\/PuntLila02_2022-10-13-768x576.jpeg 768w, https:\/\/agora.xtec.cat\/ies-dperramon\/wp-content\/uploads\/usu947\/2022\/10\/PuntLila02_2022-10-13-1536x1152.jpeg 1536w, https:\/\/agora.xtec.cat\/ies-dperramon\/wp-content\/uploads\/usu947\/2022\/10\/PuntLila02_2022-10-13-200x150.jpeg 200w, https:\/\/agora.xtec.cat\/ies-dperramon\/wp-content\/uploads\/usu947\/2022\/10\/PuntLila02_2022-10-13.jpeg 2016w\" sizes=\"auto, (max-width: 300px) 100vw, 300px\" \/><\/p>\n<p style=\"text-align: justify;\">Per aquest motiu, avui aquest any hem creat el <strong>Punt Lila<\/strong> fix de l\u2019institut. \u00c9s un espai on l\u2019alumnat hi pot trobar cartells informatius en mat\u00e8ria de sexualitat i sensibilitzaci\u00f3 LGBTI i de perspectiva de g\u00e8nere. A m\u00e9s, tamb\u00e9 hi ha materials per a l\u2019alumnat com tr\u00edptics i fulletons o merxandising com xapes i bra\u00e7alets que ens ha proporcionat l\u2019Institut Catal\u00e0 de les Dones. A m\u00e9s a m\u00e9s, tenim una campanya activa que conclour\u00e0 el 25 de Novembre, Dia Internacional per a l&#8217;eliminaci\u00f3 de la viol\u00e8ncia envers les dones, que consisteix en una b\u00fastia per recollir testimonis an\u00f2nims (o no) de persones que hagin patit viol\u00e8ncia masclista.<\/p>\n","protected":false},"excerpt":{"rendered":"<p>L\u2019aposta del Departament d\u2019Educaci\u00f3 per incloure la coeducaci\u00f3 a tots els centres escolars fa que durant el curs 2021-2022 es cre\u00ef per primera vegada la comissi\u00f3 de coeducaci\u00f3 de l\u2019Institut Dom\u00e8nec Perramon. Aquest curs 2022-2023 es continua apostant per la coeducaci\u00f3 com un dels projectes de centre i es forma un equip de professorat i [&hellip;]<\/p>\n","protected":false},"author":1,"featured_media":6240,"comment_status":"closed","ping_status":"closed","sticky":false,"template":"","format":"standard","meta":{"_bbp_topic_count":0,"_bbp_reply_count":0,"_bbp_total_topic_count":0,"_bbp_total_reply_count":0,"_bbp_voice_count":0,"_bbp_anonymous_reply_count":0,"_bbp_topic_count_hidden":0,"_bbp_reply_count_hidden":0,"_bbp_forum_subforum_count":0,"site-sidebar-layout":"default","site-content-layout":"","ast-site-content-layout":"","site-content-style":"default","site-sidebar-style":"default","ast-global-header-display":"","ast-banner-title-visibility":"","ast-main-header-display":"","ast-hfb-above-header-display":"","ast-hfb-below-header-display":"","ast-hfb-mobile-header-display":"","site-post-title":"","ast-breadcrumbs-content":"","ast-featured-img":"","footer-sml-layout":"","theme-transparent-header-meta":"","adv-header-id-meta":"","stick-header-meta":"","header-above-stick-meta":"","header-main-stick-meta":"","header-below-stick-meta":"","astra-migrate-meta-layouts":"default","ast-page-background-enabled":"default","ast-page-background-meta":{"desktop":{"background-color":"var(--ast-global-color-4)","background-image":"","background-repeat":"repeat","background-position":"center center","background-size":"auto","background-attachment":"scroll","background-type":"","background-media":"","overlay-type":"","overlay-color":"","overlay-opacity":"","overlay-gradient":""},"tablet":{"background-color":"","background-image":"","background-repeat":"repeat","background-position":"center center","background-size":"auto","background-attachment":"scroll","background-type":"","background-media":"","overlay-type":"","overlay-color":"","overlay-opacity":"","overlay-gradient":""},"mobile":{"background-color":"","background-image":"","background-repeat":"repeat","background-position":"center center","background-size":"auto","background-attachment":"scroll","background-type":"","background-media":"","overlay-type":"","overlay-color":"","overlay-opacity":"","overlay-gradient":""}},"ast-content-background-meta":{"desktop":{"background-color":"var(--ast-global-color-5)","background-image":"","background-repeat":"repeat","background-position":"center center","background-size":"auto","background-attachment":"scroll","background-type":"","background-media":"","overlay-type":"","overlay-color":"","overlay-opacity":"","overlay-gradient":""},"tablet":{"background-color":"var(--ast-global-color-5)","background-image":"","background-repeat":"repeat","background-position":"center center","background-size":"auto","background-attachment":"scroll","background-type":"","background-media":"","overlay-type":"","overlay-color":"","overlay-opacity":"","overlay-gradient":""},"mobile":{"background-color":"var(--ast-global-color-5)","background-image":"","background-repeat":"repeat","background-position":"center center","background-size":"auto","background-attachment":"scroll","background-type":"","background-media":"","overlay-type":"","overlay-color":"","overlay-opacity":"","overlay-gradient":""}},"footnotes":""},"categories":[328,1,149,29],"tags":[],"class_list":["post-6238","post","type-post","status-publish","format-standard","has-post-thumbnail","hentry","category-curs-2022-23","category-general","category-inici","category-portada"],"post_mailing_queue_ids":[],"_links":{"self":[{"href":"https:\/\/agora.xtec.cat\/ies-dperramon\/wp-json\/wp\/v2\/posts\/6238","targetHints":{"allow":["GET"]}}],"collection":[{"href":"https:\/\/agora.xtec.cat\/ies-dperramon\/wp-json\/wp\/v2\/posts"}],"about":[{"href":"https:\/\/agora.xtec.cat\/ies-dperramon\/wp-json\/wp\/v2\/types\/post"}],"author":[{"embeddable":true,"href":"https:\/\/agora.xtec.cat\/ies-dperramon\/wp-json\/wp\/v2\/users\/1"}],"replies":[{"embeddable":true,"href":"https:\/\/agora.xtec.cat\/ies-dperramon\/wp-json\/wp\/v2\/comments?post=6238"}],"version-history":[{"count":3,"href":"https:\/\/agora.xtec.cat\/ies-dperramon\/wp-json\/wp\/v2\/posts\/6238\/revisions"}],"predecessor-version":[{"id":6426,"href":"https:\/\/agora.xtec.cat\/ies-dperramon\/wp-json\/wp\/v2\/posts\/6238\/revisions\/6426"}],"wp:featuredmedia":[{"embeddable":true,"href":"https:\/\/agora.xtec.cat\/ies-dperramon\/wp-json\/wp\/v2\/media\/6240"}],"wp:attachment":[{"href":"https:\/\/agora.xtec.cat\/ies-dperramon\/wp-json\/wp\/v2\/media?parent=6238"}],"wp:term":[{"taxonomy":"category","embeddable":true,"href":"https:\/\/agora.xtec.cat\/ies-dperramon\/wp-json\/wp\/v2\/categories?post=6238"},{"taxonomy":"post_tag","embeddable":true,"href":"https:\/\/agora.xtec.cat\/ies-dperramon\/wp-json\/wp\/v2\/tags?post=6238"}],"curies":[{"name":"wp","href":"https:\/\/api.w.org\/{rel}","templated":true}]}}