{"id":590,"date":"2007-09-17T21:02:00","date_gmt":"2007-09-17T20:02:00","guid":{"rendered":"http:\/\/agora.xtec.cat\/ies-dperramon\/general\/teatre-de-nou\/"},"modified":"2007-09-17T21:02:00","modified_gmt":"2007-09-17T20:02:00","slug":"teatre-de-nou","status":"publish","type":"post","link":"https:\/\/agora.xtec.cat\/ies-dperramon\/teatre\/teatre-de-nou\/","title":{"rendered":"Teatre, de nou&#8230;"},"content":{"rendered":"<div align=\"justify\"><span style=\"font-family:lucida grande;\">Ja tenim en cartellera una altra obra preparada. Esteu preparats tots per apuntar-vos-hi? Es tracta d&#8217;una obra d&#8217;aquelles que cal veure, no pel que hi passa sin\u00f3 pel que s&#8217;hi explica. Es tracta de l&#8217;adaptaci\u00f3 de la novel\u00b7la <em>Carta d&#8217;una desconeguda,<\/em> d&#8217;Stefan Zweig.<\/p>\n<p>Quan vaig veure <\/span><a href=\"http:\/\/www.alohacriticon.com\/elcriticon\/article516.html\"><span style=\"font-family:lucida grande;\">la pel\u00b7l\u00edcula<\/span><\/a><span style=\"font-family:lucida grande;\">, una pel\u00b7l\u00edcula d&#8217;aquelles antigues, en blanc i negre, me&#8217;n va quedar un regust excel\u00b7lent. Potser perqu\u00e8 trobava guap\u00edssim el protagonista, Louis Jordan, o potser perqu\u00e8 m&#8217;agradava la manera de treballar de la protagonista, de la <\/span><a href=\"http:\/\/www.alohacriticon.com\/elcriticon\/article173.html\"><span style=\"font-family:lucida grande;\">Joan Fontaine<\/span><\/a><span style=\"font-family:lucida grande;\">, que ja havia vist a <em>Rebeca, <\/em>la veritat \u00e9s que se&#8217;m va quedar gravada a la mem\u00f2ria. Aix\u00ed que en vaig veure l&#8217;estrena a Barcelona no m&#8217;hi vaig pensar dues vegades. Despr\u00e9s ja me&#8217;n vaig assabentar del repartiment i, \u00e9s clar, encara em va semblar m\u00e9s atractiva.<\/p>\n<p><\/span><a href=\"http:\/\/1.bp.blogspot.com\/_bm82zoGbv9s\/Ru7i0-0ZjKI\/AAAAAAAABB0\/o2-9q4lyjwE\/s1600-h\/cartadesconeguda1.jpg\"><span style=\"font-family:lucida grande;\"><img decoding=\"async\" id=\"BLOGGER_PHOTO_ID_5111272026955943074\" style=\"FLOAT: left; MARGIN: 0px 10px 10px 0px; CURSOR: hand\" alt=\"\" src=\"http:\/\/1.bp.blogspot.com\/_bm82zoGbv9s\/Ru7i0-0ZjKI\/AAAAAAAABB0\/o2-9q4lyjwE\/s400\/cartadesconeguda1.jpg\" border=\"0\" \/><\/span><\/a><span style=\"font-family:lucida grande;\">El quadre d&#8217;actrius que la representaran \u00e9s tot un luxe: Emma Vilarasau i Marta Marco. Ambdues actrius estaran acompanyades per dues promeses del teatre catal\u00e0: la Mar Ulldemolins i la Carlota Olcina (cal que us digui qui s\u00f3n, tamb\u00e9?). No us sembla que tot plegat \u00e9s molt atractiu?<\/p>\n<p>Si en teniu ganes de venir heu de saber que hi anem el dia 26 d&#8217;octubre i que les entrades (amb l&#8217;autocar incl\u00f2s) valen 32 euros. Si us interessa apuntar-vos-hi contacteu amb la <\/span><a href=\"mailto:mpujol40@gmail.com\"><span style=\"font-family:lucida grande;\">Montse Pujol<\/span><\/a><span style=\"font-family:lucida grande;\">. L&#8217;obra es representa al Teatre Borr\u00e0s.<\/p>\n<p><\/span><iframe loading=\"lazy\" marginwidth=\"0\" marginheight=\"0\" src=\"http:\/\/maps.google.es\/maps?f=q&amp;hl=es&amp;geocode=&amp;q=teatre+borras&amp;sll=40.396764,-3.713379&amp;sspn=13.515439,29.619141&amp;ie=UTF8&amp;ll=41.39793,2.177782&amp;spn=0.013007,0.028925&amp;z=14&amp;iwloc=A&amp;om=1&amp;cid=41388976,2173561,10129845029350357293&amp;output=embed&amp;s=AARTsJpiQo3ByY3MTBrh7bTqZjUjnA6jUQ\" frameborder=\"0\" width=\"425\" scrolling=\"no\" height=\"350\"><\/iframe><br \/><small><a style=\"COLOR: #0000ff; TEXT-ALIGN: left\" href=\"http:\/\/maps.google.es\/maps?f=q&amp;hl=es&amp;geocode=&amp;q=teatre+borras&amp;sll=40.396764,-3.713379&amp;sspn=13.515439,29.619141&amp;ie=UTF8&amp;ll=41.39793,2.177782&amp;spn=0.013007,0.028925&amp;z=14&amp;iwloc=A&amp;om=1&amp;cid=41388976,2173561,10129845029350357293&amp;source=embed\"><span style=\"font-family:lucida grande;\">Ver mapa m\u00e1s grande<\/span><\/a><\/small><\/div>\n<div>http:\/\/domenecperramon.blogspot.com\/feeds\/posts\/default<\/div>\n","protected":false},"excerpt":{"rendered":"<p>Ja tenim en cartellera una altra obra preparada. Esteu preparats tots per apuntar-vos-hi? Es tracta d&#8217;una obra d&#8217;aquelles que cal veure, no pel que hi passa sin\u00f3 pel que s&#8217;hi explica. Es tracta de l&#8217;adaptaci\u00f3 de la novel\u00b7la Carta d&#8217;una desconeguda, d&#8217;Stefan Zweig. Quan vaig veure la pel\u00b7l\u00edcula, una pel\u00b7l\u00edcula d&#8217;aquelles antigues, en blanc i [&hellip;]<\/p>\n","protected":false},"author":4,"featured_media":0,"comment_status":"open","ping_status":"open","sticky":false,"template":"","format":"standard","meta":{"_bbp_topic_count":0,"_bbp_reply_count":0,"_bbp_total_topic_count":0,"_bbp_total_reply_count":0,"_bbp_voice_count":0,"_bbp_anonymous_reply_count":0,"_bbp_topic_count_hidden":0,"_bbp_reply_count_hidden":0,"_bbp_forum_subforum_count":0,"site-sidebar-layout":"default","site-content-layout":"","ast-site-content-layout":"","site-content-style":"default","site-sidebar-style":"default","ast-global-header-display":"","ast-banner-title-visibility":"","ast-main-header-display":"","ast-hfb-above-header-display":"","ast-hfb-below-header-display":"","ast-hfb-mobile-header-display":"","site-post-title":"","ast-breadcrumbs-content":"","ast-featured-img":"","footer-sml-layout":"","theme-transparent-header-meta":"","adv-header-id-meta":"","stick-header-meta":"","header-above-stick-meta":"","header-main-stick-meta":"","header-below-stick-meta":"","astra-migrate-meta-layouts":"default","ast-page-background-enabled":"default","ast-page-background-meta":{"desktop":{"background-color":"var(--ast-global-color-4)","background-image":"","background-repeat":"repeat","background-position":"center center","background-size":"auto","background-attachment":"scroll","background-type":"","background-media":"","overlay-type":"","overlay-color":"","overlay-opacity":"","overlay-gradient":""},"tablet":{"background-color":"","background-image":"","background-repeat":"repeat","background-position":"center center","background-size":"auto","background-attachment":"scroll","background-type":"","background-media":"","overlay-type":"","overlay-color":"","overlay-opacity":"","overlay-gradient":""},"mobile":{"background-color":"","background-image":"","background-repeat":"repeat","background-position":"center center","background-size":"auto","background-attachment":"scroll","background-type":"","background-media":"","overlay-type":"","overlay-color":"","overlay-opacity":"","overlay-gradient":""}},"ast-content-background-meta":{"desktop":{"background-color":"var(--ast-global-color-5)","background-image":"","background-repeat":"repeat","background-position":"center center","background-size":"auto","background-attachment":"scroll","background-type":"","background-media":"","overlay-type":"","overlay-color":"","overlay-opacity":"","overlay-gradient":""},"tablet":{"background-color":"var(--ast-global-color-5)","background-image":"","background-repeat":"repeat","background-position":"center center","background-size":"auto","background-attachment":"scroll","background-type":"","background-media":"","overlay-type":"","overlay-color":"","overlay-opacity":"","overlay-gradient":""},"mobile":{"background-color":"var(--ast-global-color-5)","background-image":"","background-repeat":"repeat","background-position":"center center","background-size":"auto","background-attachment":"scroll","background-type":"","background-media":"","overlay-type":"","overlay-color":"","overlay-opacity":"","overlay-gradient":""}},"footnotes":""},"categories":[109,79],"tags":[],"class_list":["post-590","post","type-post","status-publish","format-standard","hentry","category-curs-2007-08","category-teatre"],"post_mailing_queue_ids":[],"_links":{"self":[{"href":"https:\/\/agora.xtec.cat\/ies-dperramon\/wp-json\/wp\/v2\/posts\/590","targetHints":{"allow":["GET"]}}],"collection":[{"href":"https:\/\/agora.xtec.cat\/ies-dperramon\/wp-json\/wp\/v2\/posts"}],"about":[{"href":"https:\/\/agora.xtec.cat\/ies-dperramon\/wp-json\/wp\/v2\/types\/post"}],"author":[{"embeddable":true,"href":"https:\/\/agora.xtec.cat\/ies-dperramon\/wp-json\/wp\/v2\/users\/4"}],"replies":[{"embeddable":true,"href":"https:\/\/agora.xtec.cat\/ies-dperramon\/wp-json\/wp\/v2\/comments?post=590"}],"version-history":[{"count":0,"href":"https:\/\/agora.xtec.cat\/ies-dperramon\/wp-json\/wp\/v2\/posts\/590\/revisions"}],"wp:attachment":[{"href":"https:\/\/agora.xtec.cat\/ies-dperramon\/wp-json\/wp\/v2\/media?parent=590"}],"wp:term":[{"taxonomy":"category","embeddable":true,"href":"https:\/\/agora.xtec.cat\/ies-dperramon\/wp-json\/wp\/v2\/categories?post=590"},{"taxonomy":"post_tag","embeddable":true,"href":"https:\/\/agora.xtec.cat\/ies-dperramon\/wp-json\/wp\/v2\/tags?post=590"}],"curies":[{"name":"wp","href":"https:\/\/api.w.org\/{rel}","templated":true}]}}