{"id":567,"date":"2008-02-23T21:21:00","date_gmt":"2008-02-23T20:21:00","guid":{"rendered":"http:\/\/agora.xtec.cat\/ies-dperramon\/general\/ha-mort-palau-i-fabre\/"},"modified":"2008-02-23T21:21:00","modified_gmt":"2008-02-23T20:21:00","slug":"ha-mort-palau-i-fabre","status":"publish","type":"post","link":"https:\/\/agora.xtec.cat\/ies-dperramon\/curs-2007-08\/ha-mort-palau-i-fabre\/","title":{"rendered":"Ha mort Palau i Fabre"},"content":{"rendered":"<p><span style=\"font-size:100%;\">Ha mort l&#8217;<\/span><span style=\"font-style: italic;font-size:100%;\" >alquimista<\/span><span style=\"font-size:100%;\"> de la paraula. Des d&#8217;aqu\u00ed el nostre record per un mestre de la poesia que ens deixa.<\/span><\/p>\n<div style=\"text-align: left;\"><strong style=\"color: rgb(255, 102, 0);\"><\/strong><span style=\"color: rgb(255, 102, 0);\"><\/span><\/div>\n<p><big style=\"color: rgb(255, 102, 0);\">                    <span style=\"font-size:180%;\"><span style=\"font-size:100%;\">Jo em donaria a qui em volgu\u00e9s<br \/><\/span><br \/><\/span><\/big><big>                                Jo em donaria a qui em volgu\u00e9s,<\/big><br \/><big>                                com si ni jo me n&#8217;adon\u00e9s,<\/big><br \/><big>                                d&#8217;aquest donar-me: com si ho fes<\/big><br \/><big>                                un jo de mi que m&#8217;ignor\u00e9s.<\/big><br \/><big>     <br \/>                                Jo em donaria a qui es don\u00e9s<\/big><br \/>                                <big>a canvi meu per sempre m\u00e9s:<br \/>                                que res de mi no me&#8217;n qued\u00e9s<br \/>                                en el no-meu que jo en reb\u00e9s.<\/big><br \/><big><br \/>                                Jo em donaria per un bes,<\/big><br \/><big>                                per un de sol, per\u00f2 que bes\u00e9s<\/big><br \/><big>                                i del besat em desbes\u00e9s.<\/big><br \/><big><br \/>                                Jo em donaria a qui em volgu\u00e9s,<\/big><br \/><big>                                com si ni jo me n&#8217;adon\u00e9s:<\/big><br \/><big>                                com una almoina que se&#8217;m fes.<\/big><\/p>\n<div>http:\/\/domenecperramon.blogspot.com\/feeds\/posts\/default<\/div>\n","protected":false},"excerpt":{"rendered":"<p>Ha mort l&#8217;alquimista de la paraula. Des d&#8217;aqu\u00ed el nostre record per un mestre de la poesia que ens deixa. Jo em donaria a qui em volgu\u00e9s Jo em donaria a qui em volgu\u00e9s, com si ni jo me n&#8217;adon\u00e9s, d&#8217;aquest donar-me: com si ho fes un jo de mi que m&#8217;ignor\u00e9s. Jo em donaria [&hellip;]<\/p>\n","protected":false},"author":4,"featured_media":0,"comment_status":"open","ping_status":"open","sticky":false,"template":"","format":"standard","meta":{"_bbp_topic_count":0,"_bbp_reply_count":0,"_bbp_total_topic_count":0,"_bbp_total_reply_count":0,"_bbp_voice_count":0,"_bbp_anonymous_reply_count":0,"_bbp_topic_count_hidden":0,"_bbp_reply_count_hidden":0,"_bbp_forum_subforum_count":0,"site-sidebar-layout":"default","site-content-layout":"","ast-site-content-layout":"","site-content-style":"default","site-sidebar-style":"default","ast-global-header-display":"","ast-banner-title-visibility":"","ast-main-header-display":"","ast-hfb-above-header-display":"","ast-hfb-below-header-display":"","ast-hfb-mobile-header-display":"","site-post-title":"","ast-breadcrumbs-content":"","ast-featured-img":"","footer-sml-layout":"","theme-transparent-header-meta":"","adv-header-id-meta":"","stick-header-meta":"","header-above-stick-meta":"","header-main-stick-meta":"","header-below-stick-meta":"","astra-migrate-meta-layouts":"default","ast-page-background-enabled":"default","ast-page-background-meta":{"desktop":{"background-color":"var(--ast-global-color-4)","background-image":"","background-repeat":"repeat","background-position":"center center","background-size":"auto","background-attachment":"scroll","background-type":"","background-media":"","overlay-type":"","overlay-color":"","overlay-opacity":"","overlay-gradient":""},"tablet":{"background-color":"","background-image":"","background-repeat":"repeat","background-position":"center center","background-size":"auto","background-attachment":"scroll","background-type":"","background-media":"","overlay-type":"","overlay-color":"","overlay-opacity":"","overlay-gradient":""},"mobile":{"background-color":"","background-image":"","background-repeat":"repeat","background-position":"center center","background-size":"auto","background-attachment":"scroll","background-type":"","background-media":"","overlay-type":"","overlay-color":"","overlay-opacity":"","overlay-gradient":""}},"ast-content-background-meta":{"desktop":{"background-color":"var(--ast-global-color-5)","background-image":"","background-repeat":"repeat","background-position":"center center","background-size":"auto","background-attachment":"scroll","background-type":"","background-media":"","overlay-type":"","overlay-color":"","overlay-opacity":"","overlay-gradient":""},"tablet":{"background-color":"var(--ast-global-color-5)","background-image":"","background-repeat":"repeat","background-position":"center center","background-size":"auto","background-attachment":"scroll","background-type":"","background-media":"","overlay-type":"","overlay-color":"","overlay-opacity":"","overlay-gradient":""},"mobile":{"background-color":"var(--ast-global-color-5)","background-image":"","background-repeat":"repeat","background-position":"center center","background-size":"auto","background-attachment":"scroll","background-type":"","background-media":"","overlay-type":"","overlay-color":"","overlay-opacity":"","overlay-gradient":""}},"footnotes":""},"categories":[109],"tags":[],"class_list":["post-567","post","type-post","status-publish","format-standard","hentry","category-curs-2007-08"],"post_mailing_queue_ids":[],"_links":{"self":[{"href":"https:\/\/agora.xtec.cat\/ies-dperramon\/wp-json\/wp\/v2\/posts\/567","targetHints":{"allow":["GET"]}}],"collection":[{"href":"https:\/\/agora.xtec.cat\/ies-dperramon\/wp-json\/wp\/v2\/posts"}],"about":[{"href":"https:\/\/agora.xtec.cat\/ies-dperramon\/wp-json\/wp\/v2\/types\/post"}],"author":[{"embeddable":true,"href":"https:\/\/agora.xtec.cat\/ies-dperramon\/wp-json\/wp\/v2\/users\/4"}],"replies":[{"embeddable":true,"href":"https:\/\/agora.xtec.cat\/ies-dperramon\/wp-json\/wp\/v2\/comments?post=567"}],"version-history":[{"count":0,"href":"https:\/\/agora.xtec.cat\/ies-dperramon\/wp-json\/wp\/v2\/posts\/567\/revisions"}],"wp:attachment":[{"href":"https:\/\/agora.xtec.cat\/ies-dperramon\/wp-json\/wp\/v2\/media?parent=567"}],"wp:term":[{"taxonomy":"category","embeddable":true,"href":"https:\/\/agora.xtec.cat\/ies-dperramon\/wp-json\/wp\/v2\/categories?post=567"},{"taxonomy":"post_tag","embeddable":true,"href":"https:\/\/agora.xtec.cat\/ies-dperramon\/wp-json\/wp\/v2\/tags?post=567"}],"curies":[{"name":"wp","href":"https:\/\/api.w.org\/{rel}","templated":true}]}}