{"id":562,"date":"2008-03-20T10:54:00","date_gmt":"2008-03-20T09:54:00","guid":{"rendered":"http:\/\/agora.xtec.cat\/ies-dperramon\/general\/mostra-dexposicions-orals\/"},"modified":"2008-03-20T10:54:00","modified_gmt":"2008-03-20T09:54:00","slug":"mostra-dexposicions-orals","status":"publish","type":"post","link":"https:\/\/agora.xtec.cat\/ies-dperramon\/curs-2007-08\/mostra-dexposicions-orals\/","title":{"rendered":"Mostra d&#8217;exposicions orals"},"content":{"rendered":"<div style=\"text-align: justify;\">Un any m\u00e9s, hem completat l&#8217;avaluaci\u00f3 de l&#8217;expressi\u00f3 oral a 4t d&#8217;E.S.O. <a href=\"http:\/\/3.bp.blogspot.com\/_bm82zoGbv9s\/R-Kb9EReNmI\/AAAAAAAACdA\/p7UfS_EZ2Is\/s1600-h\/fum+de+colors.jpg\"><img decoding=\"async\" style=\"margin: 0pt 0pt 10px 10px; float: right; cursor: pointer; width: 158px; height: 147px;\" src=\"http:\/\/3.bp.blogspot.com\/_bm82zoGbv9s\/R-Kb9EReNmI\/AAAAAAAACdA\/p7UfS_EZ2Is\/s320\/fum+de+colors.jpg\" alt=\"\" id=\"BLOGGER_PHOTO_ID_5179873994850842210\" border=\"0\" \/><\/a><br \/>Enguany, per\u00f2, hem decidit mostrar a tothom que b\u00e9 que ho fan els nostres alumnes. Aqu\u00ed teniu un enlla\u00e7 a cadascuna de les p\u00e0gines del bloc de 4t on tenim allotjats uns petits tasts de les exposicions amb un fons musical. El dvd complet de les exposicions orals del curs el podeu demanar a la Montse Pujol.<\/div>\n<p><a href=\"http:\/\/4a200708.blogspot.com\/\">Quart A<\/a><\/p>\n<p><a href=\"http:\/\/4b200708.blogspot.com\/\">Quart B<\/a><\/p>\n<p><a href=\"http:\/\/4c200708.blogspot.com\/\">Quart C<\/a><\/p>\n<div>http:\/\/domenecperramon.blogspot.com\/feeds\/posts\/default<\/div>\n","protected":false},"excerpt":{"rendered":"<p>Un any m\u00e9s, hem completat l&#8217;avaluaci\u00f3 de l&#8217;expressi\u00f3 oral a 4t d&#8217;E.S.O. Enguany, per\u00f2, hem decidit mostrar a tothom que b\u00e9 que ho fan els nostres alumnes. Aqu\u00ed teniu un enlla\u00e7 a cadascuna de les p\u00e0gines del bloc de 4t on tenim allotjats uns petits tasts de les exposicions amb un fons musical. El dvd [&hellip;]<\/p>\n","protected":false},"author":4,"featured_media":0,"comment_status":"open","ping_status":"open","sticky":false,"template":"","format":"standard","meta":{"_bbp_topic_count":0,"_bbp_reply_count":0,"_bbp_total_topic_count":0,"_bbp_total_reply_count":0,"_bbp_voice_count":0,"_bbp_anonymous_reply_count":0,"_bbp_topic_count_hidden":0,"_bbp_reply_count_hidden":0,"_bbp_forum_subforum_count":0,"site-sidebar-layout":"default","site-content-layout":"","ast-site-content-layout":"","site-content-style":"default","site-sidebar-style":"default","ast-global-header-display":"","ast-banner-title-visibility":"","ast-main-header-display":"","ast-hfb-above-header-display":"","ast-hfb-below-header-display":"","ast-hfb-mobile-header-display":"","site-post-title":"","ast-breadcrumbs-content":"","ast-featured-img":"","footer-sml-layout":"","theme-transparent-header-meta":"","adv-header-id-meta":"","stick-header-meta":"","header-above-stick-meta":"","header-main-stick-meta":"","header-below-stick-meta":"","astra-migrate-meta-layouts":"default","ast-page-background-enabled":"default","ast-page-background-meta":{"desktop":{"background-color":"var(--ast-global-color-4)","background-image":"","background-repeat":"repeat","background-position":"center center","background-size":"auto","background-attachment":"scroll","background-type":"","background-media":"","overlay-type":"","overlay-color":"","overlay-opacity":"","overlay-gradient":""},"tablet":{"background-color":"","background-image":"","background-repeat":"repeat","background-position":"center center","background-size":"auto","background-attachment":"scroll","background-type":"","background-media":"","overlay-type":"","overlay-color":"","overlay-opacity":"","overlay-gradient":""},"mobile":{"background-color":"","background-image":"","background-repeat":"repeat","background-position":"center center","background-size":"auto","background-attachment":"scroll","background-type":"","background-media":"","overlay-type":"","overlay-color":"","overlay-opacity":"","overlay-gradient":""}},"ast-content-background-meta":{"desktop":{"background-color":"var(--ast-global-color-5)","background-image":"","background-repeat":"repeat","background-position":"center center","background-size":"auto","background-attachment":"scroll","background-type":"","background-media":"","overlay-type":"","overlay-color":"","overlay-opacity":"","overlay-gradient":""},"tablet":{"background-color":"var(--ast-global-color-5)","background-image":"","background-repeat":"repeat","background-position":"center center","background-size":"auto","background-attachment":"scroll","background-type":"","background-media":"","overlay-type":"","overlay-color":"","overlay-opacity":"","overlay-gradient":""},"mobile":{"background-color":"var(--ast-global-color-5)","background-image":"","background-repeat":"repeat","background-position":"center center","background-size":"auto","background-attachment":"scroll","background-type":"","background-media":"","overlay-type":"","overlay-color":"","overlay-opacity":"","overlay-gradient":""}},"footnotes":""},"categories":[109],"tags":[],"class_list":["post-562","post","type-post","status-publish","format-standard","hentry","category-curs-2007-08"],"post_mailing_queue_ids":[],"_links":{"self":[{"href":"https:\/\/agora.xtec.cat\/ies-dperramon\/wp-json\/wp\/v2\/posts\/562","targetHints":{"allow":["GET"]}}],"collection":[{"href":"https:\/\/agora.xtec.cat\/ies-dperramon\/wp-json\/wp\/v2\/posts"}],"about":[{"href":"https:\/\/agora.xtec.cat\/ies-dperramon\/wp-json\/wp\/v2\/types\/post"}],"author":[{"embeddable":true,"href":"https:\/\/agora.xtec.cat\/ies-dperramon\/wp-json\/wp\/v2\/users\/4"}],"replies":[{"embeddable":true,"href":"https:\/\/agora.xtec.cat\/ies-dperramon\/wp-json\/wp\/v2\/comments?post=562"}],"version-history":[{"count":0,"href":"https:\/\/agora.xtec.cat\/ies-dperramon\/wp-json\/wp\/v2\/posts\/562\/revisions"}],"wp:attachment":[{"href":"https:\/\/agora.xtec.cat\/ies-dperramon\/wp-json\/wp\/v2\/media?parent=562"}],"wp:term":[{"taxonomy":"category","embeddable":true,"href":"https:\/\/agora.xtec.cat\/ies-dperramon\/wp-json\/wp\/v2\/categories?post=562"},{"taxonomy":"post_tag","embeddable":true,"href":"https:\/\/agora.xtec.cat\/ies-dperramon\/wp-json\/wp\/v2\/tags?post=562"}],"curies":[{"name":"wp","href":"https:\/\/api.w.org\/{rel}","templated":true}]}}