{"id":558,"date":"2008-04-07T12:47:00","date_gmt":"2008-04-07T11:47:00","guid":{"rendered":"http:\/\/agora.xtec.cat\/ies-dperramon\/general\/salo-de-lensenyament\/"},"modified":"2008-04-07T12:47:00","modified_gmt":"2008-04-07T11:47:00","slug":"salo-de-lensenyament","status":"publish","type":"post","link":"https:\/\/agora.xtec.cat\/ies-dperramon\/fotos\/salo-de-lensenyament\/","title":{"rendered":"Sal\u00f3 de l&#8217;Ensenyament"},"content":{"rendered":"<p><a href=\"http:\/\/2.bp.blogspot.com\/_bm82zoGbv9s\/R_tXfkReNqI\/AAAAAAAACgI\/HQmMGBBu7OM\/s1600-h\/noticia2.gif\"><img decoding=\"async\" style=\"margin: 0pt 0pt 10px 10px; float: right; cursor: pointer; width: 169px; height: 169px;\" src=\"http:\/\/2.bp.blogspot.com\/_bm82zoGbv9s\/R_tXfkReNqI\/AAAAAAAACgI\/HQmMGBBu7OM\/s200\/noticia2.gif\" alt=\"\" id=\"BLOGGER_PHOTO_ID_5186835595671778978\" border=\"0\" \/><\/a><\/p>\n<div style=\"text-align: justify;\">El dia 4 d&#8217;abril, alumnes de 4t d&#8217;ESO i de 1r i de 2n de Batxillerat van visitar el Sal\u00f3 de l&#8217;Ensenyament. Ara toca pensar en qu\u00e8 es vol estudiar per tal d&#8217;anar ben preparats pel m\u00f3n. Cicles formatius, diplomatures i llicenciatures a dojo! Un cop m\u00e9s, la fira dedicada als estudis i als estudiants ha estat un \u00e8xit i ha servit per a orientar molts dels nostres joves.<br \/>Els nois i noies van poder voltar amb tota llibertat pel recite firal demanant informaci\u00f3 all\u00e0 on van voler, i tot i que alguns ja saben qu\u00e8 volen fer un cop acabin els estudis de batxillerat de l&#8217;ESO, la visita els va acabar d&#8217;orientar. Aqu\u00ed us deixo la galeria de fotos d&#8217;aquell dia.<\/div>\n<table style=\"width: 194px; text-align: left; margin-left: 0px; margin-right: 0px;\">\n<tbody>\n<tr>\n<td style=\"background: transparent url(http:\/\/picasaweb.google.com\/f\/img\/transparent_album_background.gif) no-repeat scroll left center; height: 194px; -moz-background-clip: -moz-initial; -moz-background-origin: -moz-initial; -moz-background-inline-policy: -moz-initial;\" align=\"center\"><a href=\"http:\/\/picasaweb.google.com\/xevi2007\/SalDeLEnsenyament2008\"><img loading=\"lazy\" decoding=\"async\" src=\"http:\/\/lh5.google.com\/xevi2007\/R_XRK75dAsE\/AAAAAAAAAdo\/33G6Gn4bq18\/s160-c\/SalDeLEnsenyament2008.jpg\" style=\"margin: 1px 0pt 0pt 4px;\" height=\"160\" width=\"160\" \/><\/a><\/td>\n<\/tr>\n<tr>\n<td style=\"text-align: center; font-family: arial,sans-serif; font-size: 11px;\"><a href=\"http:\/\/picasaweb.google.com\/xevi2007\/SalDeLEnsenyament2008\" style=\"color: rgb(77, 77, 77); font-weight: bold; text-decoration: none;\">Sal\u00f3 de l&#8217;ensenyam<wbr>ent 2008<\/a><\/td>\n<\/tr>\n<\/tbody>\n<\/table>\n<div>http:\/\/domenecperramon.blogspot.com\/feeds\/posts\/default<\/div>\n","protected":false},"excerpt":{"rendered":"<p>El dia 4 d&#8217;abril, alumnes de 4t d&#8217;ESO i de 1r i de 2n de Batxillerat van visitar el Sal\u00f3 de l&#8217;Ensenyament. Ara toca pensar en qu\u00e8 es vol estudiar per tal d&#8217;anar ben preparats pel m\u00f3n. Cicles formatius, diplomatures i llicenciatures a dojo! Un cop m\u00e9s, la fira dedicada als estudis i als estudiants [&hellip;]<\/p>\n","protected":false},"author":4,"featured_media":0,"comment_status":"open","ping_status":"open","sticky":false,"template":"","format":"standard","meta":{"_bbp_topic_count":0,"_bbp_reply_count":0,"_bbp_total_topic_count":0,"_bbp_total_reply_count":0,"_bbp_voice_count":0,"_bbp_anonymous_reply_count":0,"_bbp_topic_count_hidden":0,"_bbp_reply_count_hidden":0,"_bbp_forum_subforum_count":0,"site-sidebar-layout":"default","site-content-layout":"","ast-site-content-layout":"","site-content-style":"default","site-sidebar-style":"default","ast-global-header-display":"","ast-banner-title-visibility":"","ast-main-header-display":"","ast-hfb-above-header-display":"","ast-hfb-below-header-display":"","ast-hfb-mobile-header-display":"","site-post-title":"","ast-breadcrumbs-content":"","ast-featured-img":"","footer-sml-layout":"","theme-transparent-header-meta":"","adv-header-id-meta":"","stick-header-meta":"","header-above-stick-meta":"","header-main-stick-meta":"","header-below-stick-meta":"","astra-migrate-meta-layouts":"default","ast-page-background-enabled":"default","ast-page-background-meta":{"desktop":{"background-color":"var(--ast-global-color-4)","background-image":"","background-repeat":"repeat","background-position":"center center","background-size":"auto","background-attachment":"scroll","background-type":"","background-media":"","overlay-type":"","overlay-color":"","overlay-opacity":"","overlay-gradient":""},"tablet":{"background-color":"","background-image":"","background-repeat":"repeat","background-position":"center center","background-size":"auto","background-attachment":"scroll","background-type":"","background-media":"","overlay-type":"","overlay-color":"","overlay-opacity":"","overlay-gradient":""},"mobile":{"background-color":"","background-image":"","background-repeat":"repeat","background-position":"center center","background-size":"auto","background-attachment":"scroll","background-type":"","background-media":"","overlay-type":"","overlay-color":"","overlay-opacity":"","overlay-gradient":""}},"ast-content-background-meta":{"desktop":{"background-color":"var(--ast-global-color-5)","background-image":"","background-repeat":"repeat","background-position":"center center","background-size":"auto","background-attachment":"scroll","background-type":"","background-media":"","overlay-type":"","overlay-color":"","overlay-opacity":"","overlay-gradient":""},"tablet":{"background-color":"var(--ast-global-color-5)","background-image":"","background-repeat":"repeat","background-position":"center center","background-size":"auto","background-attachment":"scroll","background-type":"","background-media":"","overlay-type":"","overlay-color":"","overlay-opacity":"","overlay-gradient":""},"mobile":{"background-color":"var(--ast-global-color-5)","background-image":"","background-repeat":"repeat","background-position":"center center","background-size":"auto","background-attachment":"scroll","background-type":"","background-media":"","overlay-type":"","overlay-color":"","overlay-opacity":"","overlay-gradient":""}},"footnotes":""},"categories":[109,66,84],"tags":[],"class_list":["post-558","post","type-post","status-publish","format-standard","hentry","category-curs-2007-08","category-fotos","category-sortides"],"post_mailing_queue_ids":[],"_links":{"self":[{"href":"https:\/\/agora.xtec.cat\/ies-dperramon\/wp-json\/wp\/v2\/posts\/558","targetHints":{"allow":["GET"]}}],"collection":[{"href":"https:\/\/agora.xtec.cat\/ies-dperramon\/wp-json\/wp\/v2\/posts"}],"about":[{"href":"https:\/\/agora.xtec.cat\/ies-dperramon\/wp-json\/wp\/v2\/types\/post"}],"author":[{"embeddable":true,"href":"https:\/\/agora.xtec.cat\/ies-dperramon\/wp-json\/wp\/v2\/users\/4"}],"replies":[{"embeddable":true,"href":"https:\/\/agora.xtec.cat\/ies-dperramon\/wp-json\/wp\/v2\/comments?post=558"}],"version-history":[{"count":0,"href":"https:\/\/agora.xtec.cat\/ies-dperramon\/wp-json\/wp\/v2\/posts\/558\/revisions"}],"wp:attachment":[{"href":"https:\/\/agora.xtec.cat\/ies-dperramon\/wp-json\/wp\/v2\/media?parent=558"}],"wp:term":[{"taxonomy":"category","embeddable":true,"href":"https:\/\/agora.xtec.cat\/ies-dperramon\/wp-json\/wp\/v2\/categories?post=558"},{"taxonomy":"post_tag","embeddable":true,"href":"https:\/\/agora.xtec.cat\/ies-dperramon\/wp-json\/wp\/v2\/tags?post=558"}],"curies":[{"name":"wp","href":"https:\/\/api.w.org\/{rel}","templated":true}]}}