{"id":554,"date":"2008-04-16T21:44:00","date_gmt":"2008-04-16T20:44:00","guid":{"rendered":"http:\/\/agora.xtec.cat\/ies-dperramon\/general\/ens-han-seleccionat-a-la-mostra-de-comunicacio\/"},"modified":"2008-04-16T21:44:00","modified_gmt":"2008-04-16T20:44:00","slug":"ens-han-seleccionat-a-la-mostra-de-comunicacio","status":"publish","type":"post","link":"https:\/\/agora.xtec.cat\/ies-dperramon\/curs-2007-08\/ens-han-seleccionat-a-la-mostra-de-comunicacio\/","title":{"rendered":"Ens han seleccionat a la Mostra de comunicaci\u00f3!"},"content":{"rendered":"<div style=\"text-align: justify;\"><a href=\"http:\/\/3.bp.blogspot.com\/_bm82zoGbv9s\/SAZlXpb4KBI\/AAAAAAAACgw\/nJ1pgPoWO2s\/s1600-h\/portadamostra.jpg\"><img decoding=\"async\" style=\"margin: 0pt 10px 10px 0pt; float: left; cursor: pointer;\" src=\"http:\/\/3.bp.blogspot.com\/_bm82zoGbv9s\/SAZlXpb4KBI\/AAAAAAAACgw\/nJ1pgPoWO2s\/s200\/portadamostra.jpg\" alt=\"\" id=\"BLOGGER_PHOTO_ID_5189947077525252114\" border=\"0\" \/><\/a>Els alumnes de 2n de Batxillerat han participat en la V<span style=\"font-style: italic;\">I Mostra de comunicaci\u00f3 de batxillerat Blanquerna<\/span> que organitza la Universitat Ramon Llull.<br \/>Es tracta d&#8217;una proposta de la Facultat de Comunicaci\u00f3 Blanquerna, que pret\u00e9n donar a con\u00e8ixer diverses modalitats informatives, tant dels mitjans de comunicaci\u00f3 tradicionals, com de les noves tecnologies.<br \/>Des de l&#8217;IES Dom\u00e8nec Perramon hi hem participat en la modalitat de weblog, i la feina ha consistit a escriure els nostres textos aprofitant els recursos que les noves tecnologies TIC posen al nostre abast.<br \/>Hem fet una bona feina, sens dubte, i hem estat seleccionats per participar en un programa de televisi\u00f3 de l&#8217;informatiu K3 i que recollir\u00e0 totes les propostes que han estat seleccionades dels diversos centres de batxillerat que hi han participat. Enhorabona a tots els nois i les noies de 2n de batxillerat que han confegit el bloc <span style=\"font-style: italic;\"><a href=\"http:\/\/segonbat.blogspot.com\/\">Apuntant alt<\/a>, <\/span>pel reconeixement amb qu\u00e8 hem estat distingits.<\/div>\n<p>http:\/\/www.noticiesdot.com\/2008\/04\/14\/finalitza-la-vi-mostra-de-comunicacio-blanquerna\/<br \/>http:\/\/comunicacio.blanquerna.url.edu\/cat\/Especials\/VImostra\/default.asp<\/p>\n<div>http:\/\/domenecperramon.blogspot.com\/feeds\/posts\/default<\/div>\n","protected":false},"excerpt":{"rendered":"<p>Els alumnes de 2n de Batxillerat han participat en la VI Mostra de comunicaci\u00f3 de batxillerat Blanquerna que organitza la Universitat Ramon Llull.Es tracta d&#8217;una proposta de la Facultat de Comunicaci\u00f3 Blanquerna, que pret\u00e9n donar a con\u00e8ixer diverses modalitats informatives, tant dels mitjans de comunicaci\u00f3 tradicionals, com de les noves tecnologies.Des de l&#8217;IES Dom\u00e8nec Perramon [&hellip;]<\/p>\n","protected":false},"author":4,"featured_media":0,"comment_status":"open","ping_status":"open","sticky":false,"template":"","format":"standard","meta":{"_bbp_topic_count":0,"_bbp_reply_count":0,"_bbp_total_topic_count":0,"_bbp_total_reply_count":0,"_bbp_voice_count":0,"_bbp_anonymous_reply_count":0,"_bbp_topic_count_hidden":0,"_bbp_reply_count_hidden":0,"_bbp_forum_subforum_count":0,"site-sidebar-layout":"default","site-content-layout":"","ast-site-content-layout":"","site-content-style":"default","site-sidebar-style":"default","ast-global-header-display":"","ast-banner-title-visibility":"","ast-main-header-display":"","ast-hfb-above-header-display":"","ast-hfb-below-header-display":"","ast-hfb-mobile-header-display":"","site-post-title":"","ast-breadcrumbs-content":"","ast-featured-img":"","footer-sml-layout":"","theme-transparent-header-meta":"","adv-header-id-meta":"","stick-header-meta":"","header-above-stick-meta":"","header-main-stick-meta":"","header-below-stick-meta":"","astra-migrate-meta-layouts":"default","ast-page-background-enabled":"default","ast-page-background-meta":{"desktop":{"background-color":"var(--ast-global-color-4)","background-image":"","background-repeat":"repeat","background-position":"center center","background-size":"auto","background-attachment":"scroll","background-type":"","background-media":"","overlay-type":"","overlay-color":"","overlay-opacity":"","overlay-gradient":""},"tablet":{"background-color":"","background-image":"","background-repeat":"repeat","background-position":"center center","background-size":"auto","background-attachment":"scroll","background-type":"","background-media":"","overlay-type":"","overlay-color":"","overlay-opacity":"","overlay-gradient":""},"mobile":{"background-color":"","background-image":"","background-repeat":"repeat","background-position":"center center","background-size":"auto","background-attachment":"scroll","background-type":"","background-media":"","overlay-type":"","overlay-color":"","overlay-opacity":"","overlay-gradient":""}},"ast-content-background-meta":{"desktop":{"background-color":"var(--ast-global-color-5)","background-image":"","background-repeat":"repeat","background-position":"center center","background-size":"auto","background-attachment":"scroll","background-type":"","background-media":"","overlay-type":"","overlay-color":"","overlay-opacity":"","overlay-gradient":""},"tablet":{"background-color":"var(--ast-global-color-5)","background-image":"","background-repeat":"repeat","background-position":"center center","background-size":"auto","background-attachment":"scroll","background-type":"","background-media":"","overlay-type":"","overlay-color":"","overlay-opacity":"","overlay-gradient":""},"mobile":{"background-color":"var(--ast-global-color-5)","background-image":"","background-repeat":"repeat","background-position":"center center","background-size":"auto","background-attachment":"scroll","background-type":"","background-media":"","overlay-type":"","overlay-color":"","overlay-opacity":"","overlay-gradient":""}},"footnotes":""},"categories":[109],"tags":[],"class_list":["post-554","post","type-post","status-publish","format-standard","hentry","category-curs-2007-08"],"post_mailing_queue_ids":[],"_links":{"self":[{"href":"https:\/\/agora.xtec.cat\/ies-dperramon\/wp-json\/wp\/v2\/posts\/554","targetHints":{"allow":["GET"]}}],"collection":[{"href":"https:\/\/agora.xtec.cat\/ies-dperramon\/wp-json\/wp\/v2\/posts"}],"about":[{"href":"https:\/\/agora.xtec.cat\/ies-dperramon\/wp-json\/wp\/v2\/types\/post"}],"author":[{"embeddable":true,"href":"https:\/\/agora.xtec.cat\/ies-dperramon\/wp-json\/wp\/v2\/users\/4"}],"replies":[{"embeddable":true,"href":"https:\/\/agora.xtec.cat\/ies-dperramon\/wp-json\/wp\/v2\/comments?post=554"}],"version-history":[{"count":0,"href":"https:\/\/agora.xtec.cat\/ies-dperramon\/wp-json\/wp\/v2\/posts\/554\/revisions"}],"wp:attachment":[{"href":"https:\/\/agora.xtec.cat\/ies-dperramon\/wp-json\/wp\/v2\/media?parent=554"}],"wp:term":[{"taxonomy":"category","embeddable":true,"href":"https:\/\/agora.xtec.cat\/ies-dperramon\/wp-json\/wp\/v2\/categories?post=554"},{"taxonomy":"post_tag","embeddable":true,"href":"https:\/\/agora.xtec.cat\/ies-dperramon\/wp-json\/wp\/v2\/tags?post=554"}],"curies":[{"name":"wp","href":"https:\/\/api.w.org\/{rel}","templated":true}]}}