{"id":545,"date":"2008-05-06T12:34:00","date_gmt":"2008-05-06T11:34:00","guid":{"rendered":"http:\/\/agora.xtec.cat\/ies-dperramon\/general\/sortida-a-lies-bisbe-sivilla\/"},"modified":"2008-05-06T12:34:00","modified_gmt":"2008-05-06T11:34:00","slug":"sortida-a-lies-bisbe-sivilla","status":"publish","type":"post","link":"https:\/\/agora.xtec.cat\/ies-dperramon\/sortides\/sortida-a-lies-bisbe-sivilla\/","title":{"rendered":"Sortida a l&#8217;IES Bisbe Sivilla"},"content":{"rendered":"<div align=\"justify\">En el marc de l&#8217;acci\u00f3 tutorial i de l&#8217;orientaci\u00f3 acad\u00e8mica i professional, alguns alumnes de 4t d&#8217;ESO van fer una sortida a l&#8217;IES Bisbe Sivilla, de Calella. Us deixo l&#8217;enlla\u00e7 a les fotos per si les voleu descarregar<\/div>\n<div align=\"justify\"> <\/div>\n<div align=\"justify\"> <\/div>\n<table style=\"width: 194px;\">\n<tbody>\n<tr>\n<td style=\"background: transparent url(http:\/\/picasaweb.google.com\/f\/img\/transparent_album_background.gif) no-repeat scroll left center; height: 194px; -moz-background-clip: -moz-initial; -moz-background-origin: -moz-initial; -moz-background-inline-policy: -moz-initial;\" align=\"center\"><a href=\"http:\/\/picasaweb.google.es\/professoratdp\/Sortida_cfgm_ies_sibilla\"><img loading=\"lazy\" decoding=\"async\" src=\"http:\/\/lh6.ggpht.com\/professoratdp\/SAcYvzlE7fE\/AAAAAAAAAeo\/PMfsrzh11Qs\/s160-c\/Sortida_cfgm_ies_sibilla.jpg\" style=\"margin: 1px 0pt 0pt 4px;\" width=\"160\" height=\"160\" \/><\/a><\/td>\n<\/tr>\n<tr>\n<td style=\"text-align: center; font-family: arial,sans-serif; font-size: 11px;\"><a href=\"http:\/\/picasaweb.google.es\/professoratdp\/Sortida_cfgm_ies_sibilla\" style=\"color: rgb(77, 77, 77); font-weight: bold; text-decoration: none;\">sortida_cf<wbr>gm_ies_sib<wbr>illa<\/a><\/td>\n<\/tr>\n<\/tbody>\n<\/table>\n<div>http:\/\/domenecperramon.blogspot.com\/feeds\/posts\/default<\/div>\n","protected":false},"excerpt":{"rendered":"<p>En el marc de l&#8217;acci\u00f3 tutorial i de l&#8217;orientaci\u00f3 acad\u00e8mica i professional, alguns alumnes de 4t d&#8217;ESO van fer una sortida a l&#8217;IES Bisbe Sivilla, de Calella. Us deixo l&#8217;enlla\u00e7 a les fotos per si les voleu descarregar sortida_cfgm_ies_sibilla http:\/\/domenecperramon.blogspot.com\/feeds\/posts\/default<\/p>\n","protected":false},"author":4,"featured_media":0,"comment_status":"open","ping_status":"open","sticky":false,"template":"","format":"standard","meta":{"_bbp_topic_count":0,"_bbp_reply_count":0,"_bbp_total_topic_count":0,"_bbp_total_reply_count":0,"_bbp_voice_count":0,"_bbp_anonymous_reply_count":0,"_bbp_topic_count_hidden":0,"_bbp_reply_count_hidden":0,"_bbp_forum_subforum_count":0,"site-sidebar-layout":"default","site-content-layout":"","ast-site-content-layout":"","site-content-style":"default","site-sidebar-style":"default","ast-global-header-display":"","ast-banner-title-visibility":"","ast-main-header-display":"","ast-hfb-above-header-display":"","ast-hfb-below-header-display":"","ast-hfb-mobile-header-display":"","site-post-title":"","ast-breadcrumbs-content":"","ast-featured-img":"","footer-sml-layout":"","theme-transparent-header-meta":"","adv-header-id-meta":"","stick-header-meta":"","header-above-stick-meta":"","header-main-stick-meta":"","header-below-stick-meta":"","astra-migrate-meta-layouts":"default","ast-page-background-enabled":"default","ast-page-background-meta":{"desktop":{"background-color":"var(--ast-global-color-4)","background-image":"","background-repeat":"repeat","background-position":"center center","background-size":"auto","background-attachment":"scroll","background-type":"","background-media":"","overlay-type":"","overlay-color":"","overlay-opacity":"","overlay-gradient":""},"tablet":{"background-color":"","background-image":"","background-repeat":"repeat","background-position":"center center","background-size":"auto","background-attachment":"scroll","background-type":"","background-media":"","overlay-type":"","overlay-color":"","overlay-opacity":"","overlay-gradient":""},"mobile":{"background-color":"","background-image":"","background-repeat":"repeat","background-position":"center center","background-size":"auto","background-attachment":"scroll","background-type":"","background-media":"","overlay-type":"","overlay-color":"","overlay-opacity":"","overlay-gradient":""}},"ast-content-background-meta":{"desktop":{"background-color":"var(--ast-global-color-5)","background-image":"","background-repeat":"repeat","background-position":"center center","background-size":"auto","background-attachment":"scroll","background-type":"","background-media":"","overlay-type":"","overlay-color":"","overlay-opacity":"","overlay-gradient":""},"tablet":{"background-color":"var(--ast-global-color-5)","background-image":"","background-repeat":"repeat","background-position":"center center","background-size":"auto","background-attachment":"scroll","background-type":"","background-media":"","overlay-type":"","overlay-color":"","overlay-opacity":"","overlay-gradient":""},"mobile":{"background-color":"var(--ast-global-color-5)","background-image":"","background-repeat":"repeat","background-position":"center center","background-size":"auto","background-attachment":"scroll","background-type":"","background-media":"","overlay-type":"","overlay-color":"","overlay-opacity":"","overlay-gradient":""}},"footnotes":""},"categories":[109,84],"tags":[],"class_list":["post-545","post","type-post","status-publish","format-standard","hentry","category-curs-2007-08","category-sortides"],"post_mailing_queue_ids":[],"_links":{"self":[{"href":"https:\/\/agora.xtec.cat\/ies-dperramon\/wp-json\/wp\/v2\/posts\/545","targetHints":{"allow":["GET"]}}],"collection":[{"href":"https:\/\/agora.xtec.cat\/ies-dperramon\/wp-json\/wp\/v2\/posts"}],"about":[{"href":"https:\/\/agora.xtec.cat\/ies-dperramon\/wp-json\/wp\/v2\/types\/post"}],"author":[{"embeddable":true,"href":"https:\/\/agora.xtec.cat\/ies-dperramon\/wp-json\/wp\/v2\/users\/4"}],"replies":[{"embeddable":true,"href":"https:\/\/agora.xtec.cat\/ies-dperramon\/wp-json\/wp\/v2\/comments?post=545"}],"version-history":[{"count":0,"href":"https:\/\/agora.xtec.cat\/ies-dperramon\/wp-json\/wp\/v2\/posts\/545\/revisions"}],"wp:attachment":[{"href":"https:\/\/agora.xtec.cat\/ies-dperramon\/wp-json\/wp\/v2\/media?parent=545"}],"wp:term":[{"taxonomy":"category","embeddable":true,"href":"https:\/\/agora.xtec.cat\/ies-dperramon\/wp-json\/wp\/v2\/categories?post=545"},{"taxonomy":"post_tag","embeddable":true,"href":"https:\/\/agora.xtec.cat\/ies-dperramon\/wp-json\/wp\/v2\/tags?post=545"}],"curies":[{"name":"wp","href":"https:\/\/api.w.org\/{rel}","templated":true}]}}