{"id":5381,"date":"2022-01-24T20:13:25","date_gmt":"2022-01-24T19:13:25","guid":{"rendered":"https:\/\/agora.xtec.cat\/ies-dperramon\/?p=5381"},"modified":"2022-10-14T20:32:35","modified_gmt":"2022-10-14T18:32:35","slug":"dia-europeu-de-la-mediacio","status":"publish","type":"post","link":"https:\/\/agora.xtec.cat\/ies-dperramon\/general\/dia-europeu-de-la-mediacio\/","title":{"rendered":"\u00a0DIA EUROPEU DE LA MEDIACI\u00d3"},"content":{"rendered":"<div>\n<div>Benvolgudes fam\u00edlies,<\/div>\n<div><\/div>\n<div>Aquest dimecres\u00a0dia\u00a0<b>26 de gener<\/b>\u00a0celebrarem el\u00a0<b><span style=\"color: #38761d; font-family: arial black, sans-serif;\">Dia\u00a0Europeu\u00a0de la\u00a0Mediaci\u00f3<\/span><\/b>. Per tal de commemorar aquest dia tan especial durem a terme dues activitats a l&#8217;institut:<\/div>\n<div>\n<ul>\n<li><b>Concurs de fotografia sobre mediaci\u00f3 i conviv\u00e8ncia:<\/b>\u00a0Fins al dia 25 de gener es poden enviar les fotografies a\u00a0<a href=\"mailto:mediacio@dperramon.cat\" target=\"_blank\" rel=\"noopener\">mediacio@dperramon.cat<\/a>\u00a0o a l&#8217;Instagram de mediaci\u00f3, mediacio_dperramon. \u00c9s decidiran els guanyadors durant el dia 26 de gener.<\/li>\n<li><b>Concurs Kahoot:<\/b>\u00a0En les\u00a0<u>\u00faltimes dues hores de dimecres<\/u>, just despr\u00e9s del segon pati i pla lector, es passar\u00e0 un Kahoot en cada grup classe. Cada classe el respondr\u00e0 i la qui tingui la puntuaci\u00f3 m\u00e9s alta guanyar\u00e0 el concurs.<\/li>\n<\/ul>\n<div>Durant la setmana passada es va fer un passa-classes per cada aula parlant i enganxant un cartell promocionant el concurs de fotografia i el del Kahoot.<\/div>\n<\/div>\n<div><\/div>\n<div>Molt\u00edssimes gr\u00e0cies per la vostra participaci\u00f3 i molt bon\u00a0<span style=\"color: #38761d; font-family: arial black, sans-serif;\">Dia<b>\u00a0<\/b>Europeu<b>\u00a0de la\u00a0<\/b><b>Mediaci\u00f3<\/b>.<\/span><\/div>\n<\/div>\n<div><span style=\"color: #ff9900; font-family: arial black, sans-serif;\">\u00a0<\/span><\/div>\n<div><span style=\"color: #000000; font-family: arial black, sans-serif;\">Equip de mediaci\u00f3<\/span><\/div>\n","protected":false},"excerpt":{"rendered":"<p>Benvolgudes fam\u00edlies, Aquest dimecres\u00a0dia\u00a026 de gener\u00a0celebrarem el\u00a0Dia\u00a0Europeu\u00a0de la\u00a0Mediaci\u00f3. Per tal de commemorar aquest dia tan especial durem a terme dues activitats a l&#8217;institut: Concurs de fotografia sobre mediaci\u00f3 i conviv\u00e8ncia:\u00a0Fins al dia 25 de gener es poden enviar les fotografies a\u00a0mediacio@dperramon.cat\u00a0o a l&#8217;Instagram de mediaci\u00f3, mediacio_dperramon. \u00c9s decidiran els guanyadors durant el dia 26 de [&hellip;]<\/p>\n","protected":false},"author":1,"featured_media":0,"comment_status":"open","ping_status":"closed","sticky":false,"template":"","format":"standard","meta":{"_bbp_topic_count":0,"_bbp_reply_count":0,"_bbp_total_topic_count":0,"_bbp_total_reply_count":0,"_bbp_voice_count":0,"_bbp_anonymous_reply_count":0,"_bbp_topic_count_hidden":0,"_bbp_reply_count_hidden":0,"_bbp_forum_subforum_count":0,"site-sidebar-layout":"default","site-content-layout":"","ast-site-content-layout":"","site-content-style":"default","site-sidebar-style":"default","ast-global-header-display":"","ast-banner-title-visibility":"","ast-main-header-display":"","ast-hfb-above-header-display":"","ast-hfb-below-header-display":"","ast-hfb-mobile-header-display":"","site-post-title":"","ast-breadcrumbs-content":"","ast-featured-img":"","footer-sml-layout":"","theme-transparent-header-meta":"","adv-header-id-meta":"","stick-header-meta":"","header-above-stick-meta":"","header-main-stick-meta":"","header-below-stick-meta":"","astra-migrate-meta-layouts":"default","ast-page-background-enabled":"default","ast-page-background-meta":{"desktop":{"background-color":"var(--ast-global-color-4)","background-image":"","background-repeat":"repeat","background-position":"center center","background-size":"auto","background-attachment":"scroll","background-type":"","background-media":"","overlay-type":"","overlay-color":"","overlay-opacity":"","overlay-gradient":""},"tablet":{"background-color":"","background-image":"","background-repeat":"repeat","background-position":"center center","background-size":"auto","background-attachment":"scroll","background-type":"","background-media":"","overlay-type":"","overlay-color":"","overlay-opacity":"","overlay-gradient":""},"mobile":{"background-color":"","background-image":"","background-repeat":"repeat","background-position":"center center","background-size":"auto","background-attachment":"scroll","background-type":"","background-media":"","overlay-type":"","overlay-color":"","overlay-opacity":"","overlay-gradient":""}},"ast-content-background-meta":{"desktop":{"background-color":"var(--ast-global-color-5)","background-image":"","background-repeat":"repeat","background-position":"center center","background-size":"auto","background-attachment":"scroll","background-type":"","background-media":"","overlay-type":"","overlay-color":"","overlay-opacity":"","overlay-gradient":""},"tablet":{"background-color":"var(--ast-global-color-5)","background-image":"","background-repeat":"repeat","background-position":"center center","background-size":"auto","background-attachment":"scroll","background-type":"","background-media":"","overlay-type":"","overlay-color":"","overlay-opacity":"","overlay-gradient":""},"mobile":{"background-color":"var(--ast-global-color-5)","background-image":"","background-repeat":"repeat","background-position":"center center","background-size":"auto","background-attachment":"scroll","background-type":"","background-media":"","overlay-type":"","overlay-color":"","overlay-opacity":"","overlay-gradient":""}},"footnotes":""},"categories":[323,1,29],"tags":[],"class_list":["post-5381","post","type-post","status-publish","format-standard","hentry","category-curs-2021-22","category-general","category-portada"],"post_mailing_queue_ids":[],"_links":{"self":[{"href":"https:\/\/agora.xtec.cat\/ies-dperramon\/wp-json\/wp\/v2\/posts\/5381","targetHints":{"allow":["GET"]}}],"collection":[{"href":"https:\/\/agora.xtec.cat\/ies-dperramon\/wp-json\/wp\/v2\/posts"}],"about":[{"href":"https:\/\/agora.xtec.cat\/ies-dperramon\/wp-json\/wp\/v2\/types\/post"}],"author":[{"embeddable":true,"href":"https:\/\/agora.xtec.cat\/ies-dperramon\/wp-json\/wp\/v2\/users\/1"}],"replies":[{"embeddable":true,"href":"https:\/\/agora.xtec.cat\/ies-dperramon\/wp-json\/wp\/v2\/comments?post=5381"}],"version-history":[{"count":3,"href":"https:\/\/agora.xtec.cat\/ies-dperramon\/wp-json\/wp\/v2\/posts\/5381\/revisions"}],"predecessor-version":[{"id":5384,"href":"https:\/\/agora.xtec.cat\/ies-dperramon\/wp-json\/wp\/v2\/posts\/5381\/revisions\/5384"}],"wp:attachment":[{"href":"https:\/\/agora.xtec.cat\/ies-dperramon\/wp-json\/wp\/v2\/media?parent=5381"}],"wp:term":[{"taxonomy":"category","embeddable":true,"href":"https:\/\/agora.xtec.cat\/ies-dperramon\/wp-json\/wp\/v2\/categories?post=5381"},{"taxonomy":"post_tag","embeddable":true,"href":"https:\/\/agora.xtec.cat\/ies-dperramon\/wp-json\/wp\/v2\/tags?post=5381"}],"curies":[{"name":"wp","href":"https:\/\/api.w.org\/{rel}","templated":true}]}}