{"id":5305,"date":"2021-11-08T16:26:28","date_gmt":"2021-11-08T15:26:28","guid":{"rendered":"https:\/\/agora.xtec.cat\/ies-dperramon\/?p=5305"},"modified":"2022-10-13T12:37:36","modified_gmt":"2022-10-13T10:37:36","slug":"segon-concurs-de-cartells-contra-la-violencia-de-genere","status":"publish","type":"post","link":"https:\/\/agora.xtec.cat\/ies-dperramon\/eso\/segon-concurs-de-cartells-contra-la-violencia-de-genere\/","title":{"rendered":"SEGON CONCURS DE CARTELLS CONTRA LA VIOL\u00c8NCIA DE G\u00c8NERE"},"content":{"rendered":"<p><a href=\"https:\/\/agora.xtec.cat\/ies-dperramon\/wp-content\/uploads\/usu947\/2021\/11\/LazoViolenciaGenero.jpg\"><img loading=\"lazy\" decoding=\"async\" class=\"alignleft size-medium wp-image-5311\" src=\"https:\/\/agora.xtec.cat\/ies-dperramon\/wp-content\/uploads\/usu947\/2021\/11\/LazoViolenciaGenero-300x292.jpg\" alt=\"\" width=\"300\" height=\"292\" srcset=\"https:\/\/agora.xtec.cat\/ies-dperramon\/wp-content\/uploads\/usu947\/2021\/11\/LazoViolenciaGenero-300x292.jpg 300w, https:\/\/agora.xtec.cat\/ies-dperramon\/wp-content\/uploads\/usu947\/2021\/11\/LazoViolenciaGenero-768x748.jpg 768w, https:\/\/agora.xtec.cat\/ies-dperramon\/wp-content\/uploads\/usu947\/2021\/11\/LazoViolenciaGenero.jpg 800w\" sizes=\"auto, (max-width: 300px) 100vw, 300px\" \/><\/a>L&#8217;any passat, des del nostre institut vam voler commemorar el <strong>25 de novembre<\/strong>, <strong>Dia internacional contra la viol\u00e8ncia de g\u00e8nere<\/strong>, amb la celebraci\u00f3 d\u2019un <strong>concurs de cartells<\/strong> on participaven tots els nivells educatius.<\/p>\n<p>Aquest curs hem organitzat de nou aquest concurs de cartells per a tots els cursos d&#8217;ESO. Durant la <strong>setmana del 15 de novembre<\/strong> tot l&#8217;alumnat d&#8217;ESO treballar\u00e0 per confeccionar aquest cartell i de cada grup classe se&#8217;n seleccionar\u00e0 un. <strong>Els cartells guanyadors<\/strong> de cada grup <strong>es publicaran a Instagram el dia 25 de novembre<\/strong> i tota la comunitat educativa podr\u00e0 <strong>votar el cartell<\/strong> que m\u00e9s us agradi. El cartell amb m\u00e9s likes ser\u00e0 el guanyador i tindr\u00e0 com a premi un esmorzar i una bossa de llaminadures.<\/p>\n<p>Estigueu molt alerta a les xarxes i us animem a tota la comunitat a formar part del jurat!<\/p>\n<p><a href=\"https:\/\/agora.xtec.cat\/ies-dperramon\/wp-content\/uploads\/usu947\/2021\/11\/Bases-concurs-25N_2021.pdf\">Bases concurs 25N_2021<\/a><\/p>\n<p>&nbsp;<\/p>\n","protected":false},"excerpt":{"rendered":"<p>L&#8217;any passat, des del nostre institut vam voler commemorar el 25 de novembre, Dia internacional contra la viol\u00e8ncia de g\u00e8nere, amb la celebraci\u00f3 d\u2019un concurs de cartells on participaven tots els nivells educatius. Aquest curs hem organitzat de nou aquest concurs de cartells per a tots els cursos d&#8217;ESO. Durant la setmana del 15 de [&hellip;]<\/p>\n","protected":false},"author":267,"featured_media":5313,"comment_status":"closed","ping_status":"closed","sticky":false,"template":"","format":"standard","meta":{"_bbp_topic_count":0,"_bbp_reply_count":0,"_bbp_total_topic_count":0,"_bbp_total_reply_count":0,"_bbp_voice_count":0,"_bbp_anonymous_reply_count":0,"_bbp_topic_count_hidden":0,"_bbp_reply_count_hidden":0,"_bbp_forum_subforum_count":0,"site-sidebar-layout":"default","site-content-layout":"","ast-site-content-layout":"","site-content-style":"default","site-sidebar-style":"default","ast-global-header-display":"","ast-banner-title-visibility":"","ast-main-header-display":"","ast-hfb-above-header-display":"","ast-hfb-below-header-display":"","ast-hfb-mobile-header-display":"","site-post-title":"","ast-breadcrumbs-content":"","ast-featured-img":"","footer-sml-layout":"","theme-transparent-header-meta":"","adv-header-id-meta":"","stick-header-meta":"","header-above-stick-meta":"","header-main-stick-meta":"","header-below-stick-meta":"","astra-migrate-meta-layouts":"default","ast-page-background-enabled":"default","ast-page-background-meta":{"desktop":{"background-color":"var(--ast-global-color-4)","background-image":"","background-repeat":"repeat","background-position":"center center","background-size":"auto","background-attachment":"scroll","background-type":"","background-media":"","overlay-type":"","overlay-color":"","overlay-opacity":"","overlay-gradient":""},"tablet":{"background-color":"","background-image":"","background-repeat":"repeat","background-position":"center center","background-size":"auto","background-attachment":"scroll","background-type":"","background-media":"","overlay-type":"","overlay-color":"","overlay-opacity":"","overlay-gradient":""},"mobile":{"background-color":"","background-image":"","background-repeat":"repeat","background-position":"center center","background-size":"auto","background-attachment":"scroll","background-type":"","background-media":"","overlay-type":"","overlay-color":"","overlay-opacity":"","overlay-gradient":""}},"ast-content-background-meta":{"desktop":{"background-color":"var(--ast-global-color-5)","background-image":"","background-repeat":"repeat","background-position":"center center","background-size":"auto","background-attachment":"scroll","background-type":"","background-media":"","overlay-type":"","overlay-color":"","overlay-opacity":"","overlay-gradient":""},"tablet":{"background-color":"var(--ast-global-color-5)","background-image":"","background-repeat":"repeat","background-position":"center center","background-size":"auto","background-attachment":"scroll","background-type":"","background-media":"","overlay-type":"","overlay-color":"","overlay-opacity":"","overlay-gradient":""},"mobile":{"background-color":"var(--ast-global-color-5)","background-image":"","background-repeat":"repeat","background-position":"center center","background-size":"auto","background-attachment":"scroll","background-type":"","background-media":"","overlay-type":"","overlay-color":"","overlay-opacity":"","overlay-gradient":""}},"footnotes":""},"categories":[321,323,3,149,29],"tags":[],"class_list":["post-5305","post","type-post","status-publish","format-standard","has-post-thumbnail","hentry","category-concurs","category-curs-2021-22","category-eso","category-inici","category-portada"],"post_mailing_queue_ids":[],"_links":{"self":[{"href":"https:\/\/agora.xtec.cat\/ies-dperramon\/wp-json\/wp\/v2\/posts\/5305","targetHints":{"allow":["GET"]}}],"collection":[{"href":"https:\/\/agora.xtec.cat\/ies-dperramon\/wp-json\/wp\/v2\/posts"}],"about":[{"href":"https:\/\/agora.xtec.cat\/ies-dperramon\/wp-json\/wp\/v2\/types\/post"}],"author":[{"embeddable":true,"href":"https:\/\/agora.xtec.cat\/ies-dperramon\/wp-json\/wp\/v2\/users\/267"}],"replies":[{"embeddable":true,"href":"https:\/\/agora.xtec.cat\/ies-dperramon\/wp-json\/wp\/v2\/comments?post=5305"}],"version-history":[{"count":3,"href":"https:\/\/agora.xtec.cat\/ies-dperramon\/wp-json\/wp\/v2\/posts\/5305\/revisions"}],"predecessor-version":[{"id":5312,"href":"https:\/\/agora.xtec.cat\/ies-dperramon\/wp-json\/wp\/v2\/posts\/5305\/revisions\/5312"}],"wp:featuredmedia":[{"embeddable":true,"href":"https:\/\/agora.xtec.cat\/ies-dperramon\/wp-json\/wp\/v2\/media\/5313"}],"wp:attachment":[{"href":"https:\/\/agora.xtec.cat\/ies-dperramon\/wp-json\/wp\/v2\/media?parent=5305"}],"wp:term":[{"taxonomy":"category","embeddable":true,"href":"https:\/\/agora.xtec.cat\/ies-dperramon\/wp-json\/wp\/v2\/categories?post=5305"},{"taxonomy":"post_tag","embeddable":true,"href":"https:\/\/agora.xtec.cat\/ies-dperramon\/wp-json\/wp\/v2\/tags?post=5305"}],"curies":[{"name":"wp","href":"https:\/\/api.w.org\/{rel}","templated":true}]}}