{"id":5207,"date":"2021-03-08T12:16:35","date_gmt":"2021-03-08T11:16:35","guid":{"rendered":"http:\/\/agora.xtec.cat\/ies-dperramon\/?p=5207"},"modified":"2022-10-13T12:37:18","modified_gmt":"2022-10-13T10:37:18","slug":"preinscripcio-curs-2021-22","status":"publish","type":"post","link":"https:\/\/agora.xtec.cat\/ies-dperramon\/general\/preinscripcio-curs-2021-22\/","title":{"rendered":"PREINSCRIPCI\u00d3 CURS 2021-22"},"content":{"rendered":"<h2><img loading=\"lazy\" decoding=\"async\" class=\"wp-image-5201 aligncenter\" src=\"https:\/\/agora.xtec.cat\/ies-dperramon\/wp-content\/uploads\/usu947\/2021\/03\/Preinscripcio-TITOL-300x75.jpg\" alt=\"\" width=\"828\" height=\"207\" srcset=\"https:\/\/agora.xtec.cat\/ies-dperramon\/wp-content\/uploads\/usu947\/2021\/03\/Preinscripcio-TITOL-300x75.jpg 300w, https:\/\/agora.xtec.cat\/ies-dperramon\/wp-content\/uploads\/usu947\/2021\/03\/Preinscripcio-TITOL.jpg 705w\" sizes=\"auto, (max-width: 828px) 100vw, 828px\" \/><\/h2>\n<p>&nbsp;<\/p>\n<h1 style=\"text-align: center;\">Informaci\u00f3 del centre<\/h1>\n<h4><span style=\"color: #ff6600;\">Presentaci\u00f3 del centre<\/span><\/h4>\n<p><a href=\"https:\/\/sites.google.com\/dperramon.cat\/ins-domenec-perramon\/portada\" target=\"_blank\" rel=\"noopener noreferrer\">\u00a0 \u00a0 Enlla\u00e7 a la presentaci\u00f3 del centre (portes obertes)<\/a><\/p>\n<h4><span style=\"color: #ff6600;\">Un mat\u00ed a l&#8217;institut\u00a0 amb AmunTV<\/span><\/h4>\n<p><a href=\"https:\/\/drive.google.com\/file\/d\/18SIc6NNixNDzNRQ-hjxhfAiIQn6oN6ns\/view?usp=sharing\">\u00a0 \u00a0 Enlla\u00e7 al v\u00eddeo &#8220;Descobreix el dia a dia a l&#8217;institut&#8221; amb la col\u00b7laboraci\u00f3 d&#8217;AmunTV<\/a><\/p>\n<p><iframe loading=\"lazy\" src=\"https:\/\/www.youtube.com\/embed\/j24FdN-sK-A\" width=\"560\" height=\"315\" frameborder=\"0\"><\/iframe><\/p>\n<h4><span style=\"color: #ff6600;\">Perramon News 2n Eso<\/span><\/h4>\n<p><a href=\"https:\/\/drive.google.com\/file\/d\/1w9j6s1b5FpVGCBPRzLKFo3Yp56U465io\/view?usp=sharing\">\u00a0 \u00a0 Enlla\u00e7 al v\u00eddeo divulgatiu sobre el funcionament de les assignatures<\/a><\/p>\n<p><a href=\"https:\/\/drive.google.com\/file\/d\/1w9j6s1b5FpVGCBPRzLKFo3Yp56U465io\/view?usp=sharing\"><br \/>\n<iframe loading=\"lazy\" src=\"https:\/\/www.youtube.com\/embed\/Ejl0F4aZO4s\" width=\"560\" height=\"315\" frameborder=\"0\"><\/iframe> <\/a><!--more--><\/p>\n<h4><span style=\"color: #ff6600;\">Informaci\u00f3 i cita pr\u00e8via.<\/span><\/h4>\n<p>Si desitja realitzar una consulta o demanar cita pr\u00e8via pot trucar al 93 795 13 33<\/p>\n<p>&nbsp;<\/p>\n<h1 style=\"text-align: center;\"><span style=\"color: #ff9900;\"><strong>PREINSCRIPCI\u00d3 ESO PER AL CURS 2021-22<\/strong><\/span><\/h1>\n<h1 style=\"text-align: center;\">Documents Preinscripci\u00f3 ESO<\/h1>\n<ul>\n<li style=\"list-style-type: none;\">\n<ul>\n<li style=\"list-style-type: none;\">\n<ul style=\"list-style-type: circle;\">\n<li><a href=\"https:\/\/drive.google.com\/file\/d\/1WS379R1g7oAGCfinX8_pwcGxVBkdlRPu\/view?usp=sharing\" target=\"_blank\" rel=\"noopener noreferrer\">Document guia per realitzar la preinscripci\u00f3<\/a><\/li>\n<li><a href=\"https:\/\/drive.google.com\/file\/d\/1NSK4FA9KXCQBhUfPUnD7E6S2ZpaUt07u\/view?usp=sharing\" target=\"_blank\" rel=\"noopener noreferrer\">Document\u00a0 per tramitar la preinscripci\u00f3<\/a><\/li>\n<li><a href=\"https:\/\/preinscripcio.gencat.cat\/ca\/inici\" target=\"_blank\" rel=\"noopener noreferrer\">Enlla\u00e7 al web del Departament d&#8217;Educaci\u00f3<\/a><br \/>\n<h1 style=\"text-align: center;\">\u00a0Consulta les llistes de la preinscripci\u00f3 ESO al curs 2021-22<\/h1>\n<\/li>\n<li><a href=\"https:\/\/drive.google.com\/file\/d\/1wcqEdzGIjwQON7Jh0SJJd6KLnN-cuXWV\/view?usp=sharing\" target=\"_blank\" rel=\"noopener noreferrer\">Oferta de places disponibles al Dom\u00e8nec Perramon.<\/a><\/li>\n<li><a href=\"https:\/\/drive.google.com\/file\/d\/11zdHsetfwFlvzZAV0LCW5Epzb2MHfHo2\/view?usp=sharing\">Llistes amb el barem provisional.<\/a><\/li>\n<li><a href=\"https:\/\/drive.google.com\/file\/d\/1zmkCGb14EGmR69f_EO-co6bAFZN8XS5-\/view?usp=sharing\">Llistes amb el barem provisional resoltes les reclamacions<\/a><\/li>\n<li><a href=\"https:\/\/drive.google.com\/file\/d\/1wLimBrB_TUbNoPrSiKV9W9vuGMaHpLUN\/view?usp=sharing\">Llis<\/a><a href=\"https:\/\/drive.google.com\/file\/d\/1wLimBrB_TUbNoPrSiKV9W9vuGMaHpLUN\/view?usp=sharing\">tes ordenades definitives ESO<\/a><\/li>\n<li><a href=\"https:\/\/drive.google.com\/file\/d\/1U4TS-YM1Mgud6o_pEftKZeX0_FwdbSbf\/view?usp=sharing\">Oferta final<\/a><\/li>\n<li><a href=\"https:\/\/drive.google.com\/file\/d\/1fzp_0t8Od4VVfDGsrDeIyN8_gKSaD_DX\/view?usp=sharing\">Llista d&#8217;alumnes assignats<\/a><\/li>\n<li><a href=\"https:\/\/drive.google.com\/file\/d\/1T_HVuHP7jGgacIDDr_7PeKNdOp6LypRb\/view?usp=sharing\">Llista d&#8217;espera<\/a><\/li>\n<\/ul>\n<\/li>\n<\/ul>\n<\/li>\n<\/ul>\n<p>&nbsp;<\/p>\n<h1 style=\"text-align: center;\"><span style=\"color: #ff9900;\"><strong>PREINSCRIPCI\u00d3 BATXILLERAT PER AL CURS 2021-22<\/strong><\/span><\/h1>\n<h1 style=\"text-align: center;\">Documents Preinscripci\u00f3 Batxillerat<\/h1>\n<ul>\n<li style=\"list-style-type: none;\">\n<ul>\n<li style=\"list-style-type: none;\">\n<ul style=\"list-style-type: circle;\">\n<li><a href=\"https:\/\/preinscripcio.gencat.cat\/ca\/estudis\/batxillerat\/inici\/\" target=\"_blank\" rel=\"noopener noreferrer\">Enlla\u00e7 al web del Departament d&#8217;Educaci\u00f3<\/a><\/li>\n<li><a href=\"https:\/\/drive.google.com\/file\/d\/1ZNaTFgva8RhKPU83ZcsanXlySDeI1z9K\/view?usp=sharing\" target=\"_blank\" rel=\"noopener noreferrer\">Full preinscripci\u00f3 batxillerat 21-22 1rBAT<\/a><\/li>\n<li><a href=\"https:\/\/drive.google.com\/file\/d\/11wTN8ekENUnAi3XTQuk_1GvYkPh31hPC\/view?usp=sharing\">Full preinscripci\u00f3 batxillerat 21-22 2nBAT<\/a><\/li>\n<\/ul>\n<\/li>\n<li style=\"list-style-type: none;\">\n<h1 style=\"text-align: center;\">Consulta les llistes de la preinscripci\u00f3 Batxillerat al curs 2021-22<\/h1>\n<ul style=\"list-style-type: circle;\">\n<li><a href=\"https:\/\/drive.google.com\/file\/d\/1FXDr6V2fIiONBPPXUiNh1kUhvlf5AWfW\/view?usp=sharing\">Oferta inicial places Batxillerat<\/a><\/li>\n<li><a href=\"https:\/\/drive.google.com\/file\/d\/1pdXUtgPYGLRGyObr6D8nkJZAKaneSkCb\/view?usp=sharing\">Llista barem provisional Batxillerat<\/a><\/li>\n<li><a href=\"https:\/\/drive.google.com\/file\/d\/1sd12FXIl1U1lCHbnrGVfRisA3BBYfE2q\/view?usp=sharing\">Llista sol\u00b7licituds batxillerat ordenada<\/a><\/li>\n<\/ul>\n<\/li>\n<\/ul>\n<\/li>\n<\/ul>\n<p>Enlla\u00e7os d&#8217;inter\u00e8s<\/p>\n<ul>\n<li><a href=\"https:\/\/web.gencat.cat\/ca\/tramits\/que-cal-fer-si\/Vull-identificar-me-digitalment\/idcat-mobil\/\">Com obtenir l&#8217;idCAT M\u00f2bil<\/a><\/li>\n<li><a href=\"https:\/\/clave.gob.es\/clave_Home\/ca\/clave.html\">Com pots obtenir l&#8217;identificaci\u00f3 electr\u00f2nica &#8220;Cl@ve&#8221;<\/a><\/li>\n<\/ul>\n<p>&nbsp;<\/p>\n<h1 style=\"text-align: center;\"><span style=\"color: #ff9900;\"><strong>MATR\u00cdCULA ESO<\/strong><\/span><\/h1>\n<p style=\"font-weight: 400; text-align: center;\"><strong>MATRICULACI\u00d3 1r ESO DEL 14 AL 18 DE JUNY DE 2021<\/strong><\/p>\n<p style=\"font-weight: 400; text-align: center;\"><strong>MATRICULACI\u00d3 2n, 3r i 4t d\u2019ESO DEL 28 DE JUNY AL 2 DE JULIOL DE 2021<\/strong><\/p>\n<p style=\"font-weight: 400;\"><span style=\"text-decoration: underline;\"><strong>\u00a0*<\/strong><strong>Per poder fer la matr\u00edcula heu de sol\u00b7licitar cita pr\u00e8via al tel\u00e8fon 93 793 9075 de dilluns a divendres de 8:00 a 14:00 hores.<\/strong><\/span><\/p>\n<p>&nbsp;<\/p>\n","protected":false},"excerpt":{"rendered":"<p>&nbsp; Informaci\u00f3 del centre Presentaci\u00f3 del centre \u00a0 \u00a0 Enlla\u00e7 a la presentaci\u00f3 del centre (portes obertes) Un mat\u00ed a l&#8217;institut\u00a0 amb AmunTV \u00a0 \u00a0 Enlla\u00e7 al v\u00eddeo &#8220;Descobreix el dia a dia a l&#8217;institut&#8221; amb la col\u00b7laboraci\u00f3 d&#8217;AmunTV Perramon News 2n Eso \u00a0 \u00a0 Enlla\u00e7 al v\u00eddeo divulgatiu sobre el funcionament de les assignatures<\/p>\n","protected":false},"author":198,"featured_media":0,"comment_status":"closed","ping_status":"closed","sticky":false,"template":"","format":"standard","meta":{"_bbp_topic_count":0,"_bbp_reply_count":0,"_bbp_total_topic_count":0,"_bbp_total_reply_count":0,"_bbp_voice_count":0,"_bbp_anonymous_reply_count":0,"_bbp_topic_count_hidden":0,"_bbp_reply_count_hidden":0,"_bbp_forum_subforum_count":0,"site-sidebar-layout":"default","site-content-layout":"","ast-site-content-layout":"","site-content-style":"default","site-sidebar-style":"default","ast-global-header-display":"","ast-banner-title-visibility":"","ast-main-header-display":"","ast-hfb-above-header-display":"","ast-hfb-below-header-display":"","ast-hfb-mobile-header-display":"","site-post-title":"","ast-breadcrumbs-content":"","ast-featured-img":"","footer-sml-layout":"","theme-transparent-header-meta":"","adv-header-id-meta":"","stick-header-meta":"","header-above-stick-meta":"","header-main-stick-meta":"","header-below-stick-meta":"","astra-migrate-meta-layouts":"default","ast-page-background-enabled":"default","ast-page-background-meta":{"desktop":{"background-color":"var(--ast-global-color-4)","background-image":"","background-repeat":"repeat","background-position":"center center","background-size":"auto","background-attachment":"scroll","background-type":"","background-media":"","overlay-type":"","overlay-color":"","overlay-opacity":"","overlay-gradient":""},"tablet":{"background-color":"","background-image":"","background-repeat":"repeat","background-position":"center center","background-size":"auto","background-attachment":"scroll","background-type":"","background-media":"","overlay-type":"","overlay-color":"","overlay-opacity":"","overlay-gradient":""},"mobile":{"background-color":"","background-image":"","background-repeat":"repeat","background-position":"center center","background-size":"auto","background-attachment":"scroll","background-type":"","background-media":"","overlay-type":"","overlay-color":"","overlay-opacity":"","overlay-gradient":""}},"ast-content-background-meta":{"desktop":{"background-color":"var(--ast-global-color-5)","background-image":"","background-repeat":"repeat","background-position":"center center","background-size":"auto","background-attachment":"scroll","background-type":"","background-media":"","overlay-type":"","overlay-color":"","overlay-opacity":"","overlay-gradient":""},"tablet":{"background-color":"var(--ast-global-color-5)","background-image":"","background-repeat":"repeat","background-position":"center center","background-size":"auto","background-attachment":"scroll","background-type":"","background-media":"","overlay-type":"","overlay-color":"","overlay-opacity":"","overlay-gradient":""},"mobile":{"background-color":"var(--ast-global-color-5)","background-image":"","background-repeat":"repeat","background-position":"center center","background-size":"auto","background-attachment":"scroll","background-type":"","background-media":"","overlay-type":"","overlay-color":"","overlay-opacity":"","overlay-gradient":""}},"footnotes":""},"categories":[317,1,29],"tags":[],"class_list":["post-5207","post","type-post","status-publish","format-standard","hentry","category-curs-2020-21","category-general","category-portada"],"post_mailing_queue_ids":[],"_links":{"self":[{"href":"https:\/\/agora.xtec.cat\/ies-dperramon\/wp-json\/wp\/v2\/posts\/5207","targetHints":{"allow":["GET"]}}],"collection":[{"href":"https:\/\/agora.xtec.cat\/ies-dperramon\/wp-json\/wp\/v2\/posts"}],"about":[{"href":"https:\/\/agora.xtec.cat\/ies-dperramon\/wp-json\/wp\/v2\/types\/post"}],"author":[{"embeddable":true,"href":"https:\/\/agora.xtec.cat\/ies-dperramon\/wp-json\/wp\/v2\/users\/198"}],"replies":[{"embeddable":true,"href":"https:\/\/agora.xtec.cat\/ies-dperramon\/wp-json\/wp\/v2\/comments?post=5207"}],"version-history":[{"count":4,"href":"https:\/\/agora.xtec.cat\/ies-dperramon\/wp-json\/wp\/v2\/posts\/5207\/revisions"}],"predecessor-version":[{"id":5285,"href":"https:\/\/agora.xtec.cat\/ies-dperramon\/wp-json\/wp\/v2\/posts\/5207\/revisions\/5285"}],"wp:attachment":[{"href":"https:\/\/agora.xtec.cat\/ies-dperramon\/wp-json\/wp\/v2\/media?parent=5207"}],"wp:term":[{"taxonomy":"category","embeddable":true,"href":"https:\/\/agora.xtec.cat\/ies-dperramon\/wp-json\/wp\/v2\/categories?post=5207"},{"taxonomy":"post_tag","embeddable":true,"href":"https:\/\/agora.xtec.cat\/ies-dperramon\/wp-json\/wp\/v2\/tags?post=5207"}],"curies":[{"name":"wp","href":"https:\/\/api.w.org\/{rel}","templated":true}]}}