{"id":518,"date":"2008-07-28T14:54:00","date_gmt":"2008-07-28T13:54:00","guid":{"rendered":"http:\/\/agora.xtec.cat\/ies-dperramon\/general\/mostra-de-comunicacio\/"},"modified":"2008-07-28T14:54:00","modified_gmt":"2008-07-28T13:54:00","slug":"mostra-de-comunicacio","status":"publish","type":"post","link":"https:\/\/agora.xtec.cat\/ies-dperramon\/sortides\/mostra-de-comunicacio\/","title":{"rendered":"Mostra de comunicaci\u00f3"},"content":{"rendered":"<div align=\"justify\">El dia 11 de juliol, uns quants alumnes de 2n de Batxillerat -la <a href=\"http:\/\/3.bp.blogspot.com\/_bm82zoGbv9s\/SI3SR0_E2bI\/AAAAAAAAClA\/WQdGdFwMFc4\/s1600-h\/P1060163g.jpg\"><img decoding=\"async\" id=\"BLOGGER_PHOTO_ID_5228065946169825714\" style=\"margin: 0px 10px 10px 0px; float: left;\" alt=\"\" src=\"http:\/\/3.bp.blogspot.com\/_bm82zoGbv9s\/SI3SR0_E2bI\/AAAAAAAAClA\/WQdGdFwMFc4\/s200\/P1060163g.jpg\" border=\"0\" \/><\/a>Jordina Roig, en Miquel Salv\u00e0, en Marc Garrell, en Rub\u00e9n Fontrodona i jo mateixa, la Montse Pujol- vam a anar a la Facultat de Comunicaci\u00f3 Blanquerna, de la Universitat Ramon Llull. Recordeu que vam ser seleccionats en l&#8217;apartat de <em><a href=\"http:\/\/segonbat.blogspot.com\/\">weblogs<\/a><\/em> de la <a href=\"http:\/\/domenecperramon.blogspot.com\/2008\/04\/mostra-dinformatius.html\">VI Mostra de Comunicaci\u00f3 Blanquerna<\/a>. Durant l&#8217;estada a la Facultat vam fer un recorregut per les impressionants instal\u00b7lacions que permeten la formaci\u00f3 en comunicaci\u00f3 a nombrosos estudiants. L&#8217;Enric Ordeix, el professor que ens van assignar per tal de comentar la nostra feina i poder-la millorar, ens va donar algunes claus per tal de treballar d&#8217;una forma m\u00e9s eficient i ordenada. Esperem que, efectivament, aquestes pautes ens siguin profitoses de cara a cert\u00e0mens posteriors. <a href=\"http:\/\/1.bp.blogspot.com\/_bm82zoGbv9s\/SI3SSoK_AyI\/AAAAAAAAClI\/mDLGSw1cIpI\/s1600-h\/P1060156a.jpg\"><img decoding=\"async\" id=\"BLOGGER_PHOTO_ID_5228065959909983010\" style=\"margin: 0px 10px 10px 0px; float: left;\" alt=\"\" src=\"http:\/\/1.bp.blogspot.com\/_bm82zoGbv9s\/SI3SSoK_AyI\/AAAAAAAAClI\/mDLGSw1cIpI\/s200\/P1060156a.jpg\" border=\"0\" \/><\/a><\/div>\n<div align=\"justify\">Tamb\u00e9 vam enregistrar algunes imatges perqu\u00e8 puguin ser emeses en el programa especial que la TV3 dedicar\u00e0 a aquest esdeveniment. La data de l&#8217;emissi\u00f3 sembla que ser\u00e0 el 15 d&#8217;agost, per\u00f2 encara no \u00e9s una data definitiva. Per si de cas, aquell dia esmoleu els v\u00eddeos i enregistreu el programa <a href=\"http:\/\/www.3xl.cat\/p3xl\/3xl.jsp\">3XL.cat<\/a>, a veure si hi reconeixem alg\u00fa!<\/div>\n<div align=\"justify\">Gr\u00e0cies a tots els que hi vau participar i m\u00e9s concretament als qui vau poder combinar-vos-ho per venir. Aqu\u00ed teniu un parell de fotografies de la diada.<\/div>\n<div>http:\/\/domenecperramon.blogspot.com\/feeds\/posts\/default<\/div>\n","protected":false},"excerpt":{"rendered":"<p>El dia 11 de juliol, uns quants alumnes de 2n de Batxillerat -la Jordina Roig, en Miquel Salv\u00e0, en Marc Garrell, en Rub\u00e9n Fontrodona i jo mateixa, la Montse Pujol- vam a anar a la Facultat de Comunicaci\u00f3 Blanquerna, de la Universitat Ramon Llull. Recordeu que vam ser seleccionats en l&#8217;apartat de weblogs de la [&hellip;]<\/p>\n","protected":false},"author":4,"featured_media":0,"comment_status":"open","ping_status":"open","sticky":false,"template":"","format":"standard","meta":{"_bbp_topic_count":0,"_bbp_reply_count":0,"_bbp_total_topic_count":0,"_bbp_total_reply_count":0,"_bbp_voice_count":0,"_bbp_anonymous_reply_count":0,"_bbp_topic_count_hidden":0,"_bbp_reply_count_hidden":0,"_bbp_forum_subforum_count":0,"site-sidebar-layout":"default","site-content-layout":"","ast-site-content-layout":"","site-content-style":"default","site-sidebar-style":"default","ast-global-header-display":"","ast-banner-title-visibility":"","ast-main-header-display":"","ast-hfb-above-header-display":"","ast-hfb-below-header-display":"","ast-hfb-mobile-header-display":"","site-post-title":"","ast-breadcrumbs-content":"","ast-featured-img":"","footer-sml-layout":"","theme-transparent-header-meta":"","adv-header-id-meta":"","stick-header-meta":"","header-above-stick-meta":"","header-main-stick-meta":"","header-below-stick-meta":"","astra-migrate-meta-layouts":"default","ast-page-background-enabled":"default","ast-page-background-meta":{"desktop":{"background-color":"var(--ast-global-color-4)","background-image":"","background-repeat":"repeat","background-position":"center center","background-size":"auto","background-attachment":"scroll","background-type":"","background-media":"","overlay-type":"","overlay-color":"","overlay-opacity":"","overlay-gradient":""},"tablet":{"background-color":"","background-image":"","background-repeat":"repeat","background-position":"center center","background-size":"auto","background-attachment":"scroll","background-type":"","background-media":"","overlay-type":"","overlay-color":"","overlay-opacity":"","overlay-gradient":""},"mobile":{"background-color":"","background-image":"","background-repeat":"repeat","background-position":"center center","background-size":"auto","background-attachment":"scroll","background-type":"","background-media":"","overlay-type":"","overlay-color":"","overlay-opacity":"","overlay-gradient":""}},"ast-content-background-meta":{"desktop":{"background-color":"var(--ast-global-color-5)","background-image":"","background-repeat":"repeat","background-position":"center center","background-size":"auto","background-attachment":"scroll","background-type":"","background-media":"","overlay-type":"","overlay-color":"","overlay-opacity":"","overlay-gradient":""},"tablet":{"background-color":"var(--ast-global-color-5)","background-image":"","background-repeat":"repeat","background-position":"center center","background-size":"auto","background-attachment":"scroll","background-type":"","background-media":"","overlay-type":"","overlay-color":"","overlay-opacity":"","overlay-gradient":""},"mobile":{"background-color":"var(--ast-global-color-5)","background-image":"","background-repeat":"repeat","background-position":"center center","background-size":"auto","background-attachment":"scroll","background-type":"","background-media":"","overlay-type":"","overlay-color":"","overlay-opacity":"","overlay-gradient":""}},"footnotes":""},"categories":[109,84],"tags":[],"class_list":["post-518","post","type-post","status-publish","format-standard","hentry","category-curs-2007-08","category-sortides"],"post_mailing_queue_ids":[],"_links":{"self":[{"href":"https:\/\/agora.xtec.cat\/ies-dperramon\/wp-json\/wp\/v2\/posts\/518","targetHints":{"allow":["GET"]}}],"collection":[{"href":"https:\/\/agora.xtec.cat\/ies-dperramon\/wp-json\/wp\/v2\/posts"}],"about":[{"href":"https:\/\/agora.xtec.cat\/ies-dperramon\/wp-json\/wp\/v2\/types\/post"}],"author":[{"embeddable":true,"href":"https:\/\/agora.xtec.cat\/ies-dperramon\/wp-json\/wp\/v2\/users\/4"}],"replies":[{"embeddable":true,"href":"https:\/\/agora.xtec.cat\/ies-dperramon\/wp-json\/wp\/v2\/comments?post=518"}],"version-history":[{"count":0,"href":"https:\/\/agora.xtec.cat\/ies-dperramon\/wp-json\/wp\/v2\/posts\/518\/revisions"}],"wp:attachment":[{"href":"https:\/\/agora.xtec.cat\/ies-dperramon\/wp-json\/wp\/v2\/media?parent=518"}],"wp:term":[{"taxonomy":"category","embeddable":true,"href":"https:\/\/agora.xtec.cat\/ies-dperramon\/wp-json\/wp\/v2\/categories?post=518"},{"taxonomy":"post_tag","embeddable":true,"href":"https:\/\/agora.xtec.cat\/ies-dperramon\/wp-json\/wp\/v2\/tags?post=518"}],"curies":[{"name":"wp","href":"https:\/\/api.w.org\/{rel}","templated":true}]}}