{"id":5179,"date":"2020-12-01T09:22:09","date_gmt":"2020-12-01T08:22:09","guid":{"rendered":"http:\/\/agora.xtec.cat\/ies-dperramon\/?p=5179"},"modified":"2022-10-13T12:40:41","modified_gmt":"2022-10-13T10:40:41","slug":"nova-imatge-de-lequip-de-mediacio","status":"publish","type":"post","link":"https:\/\/agora.xtec.cat\/ies-dperramon\/portada\/nova-imatge-de-lequip-de-mediacio\/","title":{"rendered":"NOVA IMATGE DE L&#8217;EQUIP DE MEDIACI\u00d3"},"content":{"rendered":"<div><a href=\"https:\/\/agora.xtec.cat\/ies-dperramon\/wp-content\/uploads\/usu947\/2020\/12\/IMG_20201130_191043.jpg\"><img loading=\"lazy\" decoding=\"async\" class=\"alignleft  wp-image-5180\" src=\"https:\/\/agora.xtec.cat\/ies-dperramon\/wp-content\/uploads\/usu947\/2020\/12\/IMG_20201130_191043-250x300.jpg\" alt=\"\" width=\"305\" height=\"366\" srcset=\"https:\/\/agora.xtec.cat\/ies-dperramon\/wp-content\/uploads\/usu947\/2020\/12\/IMG_20201130_191043-250x300.jpg 250w, https:\/\/agora.xtec.cat\/ies-dperramon\/wp-content\/uploads\/usu947\/2020\/12\/IMG_20201130_191043-768x922.jpg 768w, https:\/\/agora.xtec.cat\/ies-dperramon\/wp-content\/uploads\/usu947\/2020\/12\/IMG_20201130_191043-853x1024.jpg 853w\" sizes=\"auto, (max-width: 305px) 100vw, 305px\" \/><\/a><\/div>\n<div>\n<p style=\"text-align: justify;\">Ens complau, gratament, poder presentar-vos la nova imatge corporativa del projecte de mediaci\u00f3 del nostre centre. El proper dimecres 9 de desembre, coincidint amb el pla de captaci\u00f3 de nous alumnes per al projecte, realitzarem la corresponent difusi\u00f3 i penjada oficial de cartells.Des de l&#8217;equip de mediaci\u00f3 volem agrair de tot cor, la col.laboraci\u00f3 volunt\u00e0ria i totalment desinteressada de les nostres artistes\u00a0Rut Mart\u00ednez\u00a0i\u00a0Ada Casellas\u00a0de 4rtD.<\/p>\n<p style=\"text-align: justify;\">Molt\u00edssimes gr\u00e0cies Rut i Ada, heu fet un treball fant\u00e0stic!<\/p>\n<p style=\"text-align: justify;\">Salutacions molt cordials,<\/p>\n<p>Equip de mediaci\u00f3<\/p>\n<\/div>\n","protected":false},"excerpt":{"rendered":"<p>Ens complau, gratament, poder presentar-vos la nova imatge corporativa del projecte de mediaci\u00f3 del nostre centre. El proper dimecres 9 de desembre, coincidint amb el pla de captaci\u00f3 de nous alumnes per al projecte, realitzarem la corresponent difusi\u00f3 i penjada oficial de cartells.Des de l&#8217;equip de mediaci\u00f3 volem agrair de tot cor, la col.laboraci\u00f3 volunt\u00e0ria [&hellip;]<\/p>\n","protected":false},"author":1,"featured_media":0,"comment_status":"open","ping_status":"closed","sticky":false,"template":"","format":"standard","meta":{"_bbp_topic_count":0,"_bbp_reply_count":0,"_bbp_total_topic_count":0,"_bbp_total_reply_count":0,"_bbp_voice_count":0,"_bbp_anonymous_reply_count":0,"_bbp_topic_count_hidden":0,"_bbp_reply_count_hidden":0,"_bbp_forum_subforum_count":0,"site-sidebar-layout":"default","site-content-layout":"","ast-site-content-layout":"","site-content-style":"default","site-sidebar-style":"default","ast-global-header-display":"","ast-banner-title-visibility":"","ast-main-header-display":"","ast-hfb-above-header-display":"","ast-hfb-below-header-display":"","ast-hfb-mobile-header-display":"","site-post-title":"","ast-breadcrumbs-content":"","ast-featured-img":"","footer-sml-layout":"","theme-transparent-header-meta":"","adv-header-id-meta":"","stick-header-meta":"","header-above-stick-meta":"","header-main-stick-meta":"","header-below-stick-meta":"","astra-migrate-meta-layouts":"default","ast-page-background-enabled":"default","ast-page-background-meta":{"desktop":{"background-color":"var(--ast-global-color-4)","background-image":"","background-repeat":"repeat","background-position":"center center","background-size":"auto","background-attachment":"scroll","background-type":"","background-media":"","overlay-type":"","overlay-color":"","overlay-opacity":"","overlay-gradient":""},"tablet":{"background-color":"","background-image":"","background-repeat":"repeat","background-position":"center center","background-size":"auto","background-attachment":"scroll","background-type":"","background-media":"","overlay-type":"","overlay-color":"","overlay-opacity":"","overlay-gradient":""},"mobile":{"background-color":"","background-image":"","background-repeat":"repeat","background-position":"center center","background-size":"auto","background-attachment":"scroll","background-type":"","background-media":"","overlay-type":"","overlay-color":"","overlay-opacity":"","overlay-gradient":""}},"ast-content-background-meta":{"desktop":{"background-color":"var(--ast-global-color-5)","background-image":"","background-repeat":"repeat","background-position":"center center","background-size":"auto","background-attachment":"scroll","background-type":"","background-media":"","overlay-type":"","overlay-color":"","overlay-opacity":"","overlay-gradient":""},"tablet":{"background-color":"var(--ast-global-color-5)","background-image":"","background-repeat":"repeat","background-position":"center center","background-size":"auto","background-attachment":"scroll","background-type":"","background-media":"","overlay-type":"","overlay-color":"","overlay-opacity":"","overlay-gradient":""},"mobile":{"background-color":"var(--ast-global-color-5)","background-image":"","background-repeat":"repeat","background-position":"center center","background-size":"auto","background-attachment":"scroll","background-type":"","background-media":"","overlay-type":"","overlay-color":"","overlay-opacity":"","overlay-gradient":""}},"footnotes":""},"categories":[317,29],"tags":[],"class_list":["post-5179","post","type-post","status-publish","format-standard","hentry","category-curs-2020-21","category-portada"],"post_mailing_queue_ids":[],"_links":{"self":[{"href":"https:\/\/agora.xtec.cat\/ies-dperramon\/wp-json\/wp\/v2\/posts\/5179","targetHints":{"allow":["GET"]}}],"collection":[{"href":"https:\/\/agora.xtec.cat\/ies-dperramon\/wp-json\/wp\/v2\/posts"}],"about":[{"href":"https:\/\/agora.xtec.cat\/ies-dperramon\/wp-json\/wp\/v2\/types\/post"}],"author":[{"embeddable":true,"href":"https:\/\/agora.xtec.cat\/ies-dperramon\/wp-json\/wp\/v2\/users\/1"}],"replies":[{"embeddable":true,"href":"https:\/\/agora.xtec.cat\/ies-dperramon\/wp-json\/wp\/v2\/comments?post=5179"}],"version-history":[{"count":3,"href":"https:\/\/agora.xtec.cat\/ies-dperramon\/wp-json\/wp\/v2\/posts\/5179\/revisions"}],"predecessor-version":[{"id":5188,"href":"https:\/\/agora.xtec.cat\/ies-dperramon\/wp-json\/wp\/v2\/posts\/5179\/revisions\/5188"}],"wp:attachment":[{"href":"https:\/\/agora.xtec.cat\/ies-dperramon\/wp-json\/wp\/v2\/media?parent=5179"}],"wp:term":[{"taxonomy":"category","embeddable":true,"href":"https:\/\/agora.xtec.cat\/ies-dperramon\/wp-json\/wp\/v2\/categories?post=5179"},{"taxonomy":"post_tag","embeddable":true,"href":"https:\/\/agora.xtec.cat\/ies-dperramon\/wp-json\/wp\/v2\/tags?post=5179"}],"curies":[{"name":"wp","href":"https:\/\/api.w.org\/{rel}","templated":true}]}}