{"id":502,"date":"2008-11-22T14:14:00","date_gmt":"2008-11-22T13:14:00","guid":{"rendered":"http:\/\/agora.xtec.cat\/ies-dperramon\/general\/el-guernica-en-3d\/"},"modified":"2008-11-22T14:14:00","modified_gmt":"2008-11-22T13:14:00","slug":"el-guernica-en-3d","status":"publish","type":"post","link":"https:\/\/agora.xtec.cat\/ies-dperramon\/videos\/el-guernica-en-3d\/","title":{"rendered":"El Guernica en 3D"},"content":{"rendered":"<p><a href=\"http:\/\/1.bp.blogspot.com\/_sIKZVJ5QLx4\/SSgPi9DjWBI\/AAAAAAAACPc\/JugYZb_uI00\/s1600-h\/guernica.png\"><img decoding=\"async\" style=\"margin: 0px auto 10px; display: block; text-align: center; cursor: pointer; width: 320px; height: 231px;\" src=\"http:\/\/1.bp.blogspot.com\/_sIKZVJ5QLx4\/SSgPi9DjWBI\/AAAAAAAACPc\/JugYZb_uI00\/s320\/guernica.png\" alt=\"\" id=\"BLOGGER_PHOTO_ID_5271480457016596498\" border=\"0\" \/><\/a><\/p>\n<div style=\"text-align: justify;\">La Concepci\u00f3 Arboix m&#8217;acaba de fer arribar un correu electr\u00f2nic preci\u00f3s, i sempre que m&#8217;arriben coses diferents, peculiars, boniques o extraordin\u00e0ries, com \u00e9s el cas, us ho faig avinent.<br \/>He tradu\u00eft el cos del correu tal i com li deuen haver reenviat a ella i l&#8217;he copiat aqu\u00ed:<\/p>\n<p>&#8220;Tothom coneix el <span style=\"font-style: italic;\">Guernica <\/span>una tela pintada a l&#8217;oli, de  782&#215;351 cm, que Pablo Picasso va presentar l&#8217;any 1937 a l&#8217;Exposici\u00f3 Internacional de Par\u00eds. La tela, en blanc i negre, representa el bombardeig sofert per la ciutat basca de Gernika el 26 d&#8217;abril de 1937 per part de l&#8217;aviaci\u00f3 alemanya, i que actualment est\u00e0 exposada al Centro Nacional de Arte Reina Sof\u00eda, a Madrid. El pintor, que aleshores vivia a Par\u00eds, es va assabentar de la masacre pels diaris, i va pintar les persones, els animals i els edificis destru\u00efts per la for\u00e7a a\u00e8ria nazi, tal i com els va imaginar.<\/p>\n<p>Ara, una artista alemanya fincada a Nova York, Lena Gieseke, experta en disseny assistit per ordinador i en infografia digital, va decidir proposar una versi\u00f3 en tres dimensions d&#8217;aquesta c\u00e8lebre obra i penjar-la a internet en un format de v\u00eddeo. El resultat \u00e9s fascinant i ens permet visualitzar els detalls que, d&#8217;altra manera, ens passarien desaparcebuts. Aquesta t\u00e8cnica ens apareix com un instrument poder\u00f3s per a poder comprendre millor la forma de treballar del pintor i fins i tot la manera com funcionava la seva imaginaci\u00f3. La m\u00fasica \u00e9s de Manuel de Falla i \u00e9s el complement perfecte a les imatges.&#8221;<\/p>\n<p>A la <a href=\"http:\/\/www.lena-gieseke.com\/guernica\/movie.html\">p\u00e0gina web<\/a>, el v\u00eddeo es carrega molt a poc perqu\u00e8 t\u00e9 moltes visites. Si opteu per visualitzar-lo all\u00e0, tingueu paci\u00e8ncia la primera vegada, despr\u00e9s ja funciona millor. De tota manera, he optat per descarregar-lo i penjar-lo de nou a <a href=\"http:\/\/www.youtube.com\/watch?v=6JDsgya-Wz0\">Youtube<\/a> que tot i que la qualitat de visionat sigui molt baixa, a veure si aix\u00ed es pot disfrutar millor.<\/p>\n<p><object width=\"425\" height=\"349\"><param name=\"movie\" value=\"http:\/\/www.youtube.com\/v\/6JDsgya-Wz0&amp;hl=en&amp;fs=1&amp;rel=0&amp;color1=0x3a3a3a&amp;color2=0x999999&amp;border=1\"><param name=\"allowFullScreen\" value=\"true\"><param name=\"allowscriptaccess\" value=\"always\"><embed src=\"http:\/\/www.youtube.com\/v\/6JDsgya-Wz0&amp;hl=en&amp;fs=1&amp;rel=0&amp;color1=0x3a3a3a&amp;color2=0x999999&amp;border=1\" type=\"application\/x-shockwave-flash\" allowscriptaccess=\"always\" allowfullscreen=\"true\" width=\"425\" height=\"349\"><\/embed><\/object><\/div>\n<div>http:\/\/domenecperramon.blogspot.com\/feeds\/posts\/default<\/div>\n","protected":false},"excerpt":{"rendered":"<p>La Concepci\u00f3 Arboix m&#8217;acaba de fer arribar un correu electr\u00f2nic preci\u00f3s, i sempre que m&#8217;arriben coses diferents, peculiars, boniques o extraordin\u00e0ries, com \u00e9s el cas, us ho faig avinent.He tradu\u00eft el cos del correu tal i com li deuen haver reenviat a ella i l&#8217;he copiat aqu\u00ed: &#8220;Tothom coneix el Guernica una tela pintada a [&hellip;]<\/p>\n","protected":false},"author":1,"featured_media":0,"comment_status":"open","ping_status":"open","sticky":false,"template":"","format":"standard","meta":{"_bbp_topic_count":0,"_bbp_reply_count":0,"_bbp_total_topic_count":0,"_bbp_total_reply_count":0,"_bbp_voice_count":0,"_bbp_anonymous_reply_count":0,"_bbp_topic_count_hidden":0,"_bbp_reply_count_hidden":0,"_bbp_forum_subforum_count":0,"site-sidebar-layout":"default","site-content-layout":"","ast-site-content-layout":"","site-content-style":"default","site-sidebar-style":"default","ast-global-header-display":"","ast-banner-title-visibility":"","ast-main-header-display":"","ast-hfb-above-header-display":"","ast-hfb-below-header-display":"","ast-hfb-mobile-header-display":"","site-post-title":"","ast-breadcrumbs-content":"","ast-featured-img":"","footer-sml-layout":"","theme-transparent-header-meta":"","adv-header-id-meta":"","stick-header-meta":"","header-above-stick-meta":"","header-main-stick-meta":"","header-below-stick-meta":"","astra-migrate-meta-layouts":"default","ast-page-background-enabled":"default","ast-page-background-meta":{"desktop":{"background-color":"var(--ast-global-color-4)","background-image":"","background-repeat":"repeat","background-position":"center center","background-size":"auto","background-attachment":"scroll","background-type":"","background-media":"","overlay-type":"","overlay-color":"","overlay-opacity":"","overlay-gradient":""},"tablet":{"background-color":"","background-image":"","background-repeat":"repeat","background-position":"center center","background-size":"auto","background-attachment":"scroll","background-type":"","background-media":"","overlay-type":"","overlay-color":"","overlay-opacity":"","overlay-gradient":""},"mobile":{"background-color":"","background-image":"","background-repeat":"repeat","background-position":"center center","background-size":"auto","background-attachment":"scroll","background-type":"","background-media":"","overlay-type":"","overlay-color":"","overlay-opacity":"","overlay-gradient":""}},"ast-content-background-meta":{"desktop":{"background-color":"var(--ast-global-color-5)","background-image":"","background-repeat":"repeat","background-position":"center center","background-size":"auto","background-attachment":"scroll","background-type":"","background-media":"","overlay-type":"","overlay-color":"","overlay-opacity":"","overlay-gradient":""},"tablet":{"background-color":"var(--ast-global-color-5)","background-image":"","background-repeat":"repeat","background-position":"center center","background-size":"auto","background-attachment":"scroll","background-type":"","background-media":"","overlay-type":"","overlay-color":"","overlay-opacity":"","overlay-gradient":""},"mobile":{"background-color":"var(--ast-global-color-5)","background-image":"","background-repeat":"repeat","background-position":"center center","background-size":"auto","background-attachment":"scroll","background-type":"","background-media":"","overlay-type":"","overlay-color":"","overlay-opacity":"","overlay-gradient":""}},"footnotes":""},"categories":[97,65],"tags":[],"class_list":["post-502","post","type-post","status-publish","format-standard","hentry","category-curs-2008-09","category-videos"],"post_mailing_queue_ids":[],"_links":{"self":[{"href":"https:\/\/agora.xtec.cat\/ies-dperramon\/wp-json\/wp\/v2\/posts\/502","targetHints":{"allow":["GET"]}}],"collection":[{"href":"https:\/\/agora.xtec.cat\/ies-dperramon\/wp-json\/wp\/v2\/posts"}],"about":[{"href":"https:\/\/agora.xtec.cat\/ies-dperramon\/wp-json\/wp\/v2\/types\/post"}],"author":[{"embeddable":true,"href":"https:\/\/agora.xtec.cat\/ies-dperramon\/wp-json\/wp\/v2\/users\/1"}],"replies":[{"embeddable":true,"href":"https:\/\/agora.xtec.cat\/ies-dperramon\/wp-json\/wp\/v2\/comments?post=502"}],"version-history":[{"count":0,"href":"https:\/\/agora.xtec.cat\/ies-dperramon\/wp-json\/wp\/v2\/posts\/502\/revisions"}],"wp:attachment":[{"href":"https:\/\/agora.xtec.cat\/ies-dperramon\/wp-json\/wp\/v2\/media?parent=502"}],"wp:term":[{"taxonomy":"category","embeddable":true,"href":"https:\/\/agora.xtec.cat\/ies-dperramon\/wp-json\/wp\/v2\/categories?post=502"},{"taxonomy":"post_tag","embeddable":true,"href":"https:\/\/agora.xtec.cat\/ies-dperramon\/wp-json\/wp\/v2\/tags?post=502"}],"curies":[{"name":"wp","href":"https:\/\/api.w.org\/{rel}","templated":true}]}}