{"id":501,"date":"2008-11-29T19:47:00","date_gmt":"2008-11-29T18:47:00","guid":{"rendered":"http:\/\/agora.xtec.cat\/ies-dperramon\/general\/les-formes-del-relleu-200809\/"},"modified":"2008-11-29T19:47:00","modified_gmt":"2008-11-29T18:47:00","slug":"les-formes-del-relleu-200809","status":"publish","type":"post","link":"https:\/\/agora.xtec.cat\/ies-dperramon\/fotos\/les-formes-del-relleu-200809\/","title":{"rendered":"Les formes del relleu. 2008\/09"},"content":{"rendered":"<div style=\"text-align: justify;\">Aqu\u00ed teniu l&#8217;exposici\u00f3 que han fet els nois i les noies de 1r d&#8217;ESO amb les seves formes de relleu. Com cada any, treballen a la mat\u00e8ria de Socials les formes que el relleu pot prendre en l&#8217;escor\u00e7a terrestre. I quina pot ser una bona manera de recordar-les? Doncs modelant amb els dits i amb plastilina o amb materials diversos totes aquestes formes.<br \/>La Mariset Cuadrado, professora de Socials a 1r d&#8217;ESO, us en deixa una bona const\u00e0ncia. De moment, aqu\u00ed tenim les fotos del 1r A. Felicitats a tothom per la feina feta!!<br \/><span style=\"text-align: center; width: 600px; display: block;\"><a style=\"left: 300px ! important; top: 0px ! important;\" title=\"Pulse aqu\u00ed para bloquear este objeto con Adblock Plus\" href=\"http:\/\/assets.bubbleshare.com\/swfs\/player.swf?20081127202737\"><\/a><embed flashvars=\"autoPlay=true&amp;loop=true&amp;theme_id=standard&amp;size=580x435&amp;rss_feed=http:\/\/www.bubbleshare.com\/rss\/507895.27a26abaf52\/feed.xml\" allowscriptaccess=\"always\" bgcolor=\"#ffffff\" pluginspage=\"http:\/\/www.macromedia.com\/go\/getflashplayer\" quality=\"high\" src=\"http:\/\/assets.bubbleshare.com\/swfs\/player.swf?20081127202737\" type=\"application\/x-shockwave-flash\" align=\"middle\" width=\"600\" height=\"475\"><\/embed><span style=\"display: block;font-family:arial,helvetica,sans-serif;font-size:9;\"  >BubbleShare: <a href=\"http:\/\/www.bubbleshare.com\/\" style=\"font-size: 100%;\">Share photos<\/a> &#8211; <span style=\"font-size:100%;\"><a href=\"http:\/\/www.wiggle-eyes.com\/\">Craft Ideas<\/a><\/span><br \/><\/span><\/span><\/div>\n<div>http:\/\/domenecperramon.blogspot.com\/feeds\/posts\/default<\/div>\n","protected":false},"excerpt":{"rendered":"<p>Aqu\u00ed teniu l&#8217;exposici\u00f3 que han fet els nois i les noies de 1r d&#8217;ESO amb les seves formes de relleu. Com cada any, treballen a la mat\u00e8ria de Socials les formes que el relleu pot prendre en l&#8217;escor\u00e7a terrestre. I quina pot ser una bona manera de recordar-les? Doncs modelant amb els dits i amb [&hellip;]<\/p>\n","protected":false},"author":1,"featured_media":0,"comment_status":"open","ping_status":"open","sticky":false,"template":"","format":"standard","meta":{"_bbp_topic_count":0,"_bbp_reply_count":0,"_bbp_total_topic_count":0,"_bbp_total_reply_count":0,"_bbp_voice_count":0,"_bbp_anonymous_reply_count":0,"_bbp_topic_count_hidden":0,"_bbp_reply_count_hidden":0,"_bbp_forum_subforum_count":0,"site-sidebar-layout":"default","site-content-layout":"","ast-site-content-layout":"","site-content-style":"default","site-sidebar-style":"default","ast-global-header-display":"","ast-banner-title-visibility":"","ast-main-header-display":"","ast-hfb-above-header-display":"","ast-hfb-below-header-display":"","ast-hfb-mobile-header-display":"","site-post-title":"","ast-breadcrumbs-content":"","ast-featured-img":"","footer-sml-layout":"","theme-transparent-header-meta":"","adv-header-id-meta":"","stick-header-meta":"","header-above-stick-meta":"","header-main-stick-meta":"","header-below-stick-meta":"","astra-migrate-meta-layouts":"default","ast-page-background-enabled":"default","ast-page-background-meta":{"desktop":{"background-color":"var(--ast-global-color-4)","background-image":"","background-repeat":"repeat","background-position":"center center","background-size":"auto","background-attachment":"scroll","background-type":"","background-media":"","overlay-type":"","overlay-color":"","overlay-opacity":"","overlay-gradient":""},"tablet":{"background-color":"","background-image":"","background-repeat":"repeat","background-position":"center center","background-size":"auto","background-attachment":"scroll","background-type":"","background-media":"","overlay-type":"","overlay-color":"","overlay-opacity":"","overlay-gradient":""},"mobile":{"background-color":"","background-image":"","background-repeat":"repeat","background-position":"center center","background-size":"auto","background-attachment":"scroll","background-type":"","background-media":"","overlay-type":"","overlay-color":"","overlay-opacity":"","overlay-gradient":""}},"ast-content-background-meta":{"desktop":{"background-color":"var(--ast-global-color-5)","background-image":"","background-repeat":"repeat","background-position":"center center","background-size":"auto","background-attachment":"scroll","background-type":"","background-media":"","overlay-type":"","overlay-color":"","overlay-opacity":"","overlay-gradient":""},"tablet":{"background-color":"var(--ast-global-color-5)","background-image":"","background-repeat":"repeat","background-position":"center center","background-size":"auto","background-attachment":"scroll","background-type":"","background-media":"","overlay-type":"","overlay-color":"","overlay-opacity":"","overlay-gradient":""},"mobile":{"background-color":"var(--ast-global-color-5)","background-image":"","background-repeat":"repeat","background-position":"center center","background-size":"auto","background-attachment":"scroll","background-type":"","background-media":"","overlay-type":"","overlay-color":"","overlay-opacity":"","overlay-gradient":""}},"footnotes":""},"categories":[97,66],"tags":[],"class_list":["post-501","post","type-post","status-publish","format-standard","hentry","category-curs-2008-09","category-fotos"],"post_mailing_queue_ids":[],"_links":{"self":[{"href":"https:\/\/agora.xtec.cat\/ies-dperramon\/wp-json\/wp\/v2\/posts\/501","targetHints":{"allow":["GET"]}}],"collection":[{"href":"https:\/\/agora.xtec.cat\/ies-dperramon\/wp-json\/wp\/v2\/posts"}],"about":[{"href":"https:\/\/agora.xtec.cat\/ies-dperramon\/wp-json\/wp\/v2\/types\/post"}],"author":[{"embeddable":true,"href":"https:\/\/agora.xtec.cat\/ies-dperramon\/wp-json\/wp\/v2\/users\/1"}],"replies":[{"embeddable":true,"href":"https:\/\/agora.xtec.cat\/ies-dperramon\/wp-json\/wp\/v2\/comments?post=501"}],"version-history":[{"count":0,"href":"https:\/\/agora.xtec.cat\/ies-dperramon\/wp-json\/wp\/v2\/posts\/501\/revisions"}],"wp:attachment":[{"href":"https:\/\/agora.xtec.cat\/ies-dperramon\/wp-json\/wp\/v2\/media?parent=501"}],"wp:term":[{"taxonomy":"category","embeddable":true,"href":"https:\/\/agora.xtec.cat\/ies-dperramon\/wp-json\/wp\/v2\/categories?post=501"},{"taxonomy":"post_tag","embeddable":true,"href":"https:\/\/agora.xtec.cat\/ies-dperramon\/wp-json\/wp\/v2\/tags?post=501"}],"curies":[{"name":"wp","href":"https:\/\/api.w.org\/{rel}","templated":true}]}}