{"id":495,"date":"2008-12-13T08:42:00","date_gmt":"2008-12-13T07:42:00","guid":{"rendered":"http:\/\/agora.xtec.cat\/ies-dperramon\/general\/el-senyor-dels-anells\/"},"modified":"2008-12-13T08:42:00","modified_gmt":"2008-12-13T07:42:00","slug":"el-senyor-dels-anells","status":"publish","type":"post","link":"https:\/\/agora.xtec.cat\/ies-dperramon\/videos\/el-senyor-dels-anells\/","title":{"rendered":"El Senyor dels Anells"},"content":{"rendered":"<p style=\"margin: 0cm 0cm 0pt; text-align: justify; font-style: italic; color: rgb(255, 255, 255);\"><span lang=\"CA\"><span style=\"font-family:trebuchet ms,sans-serif;\"><em><span style=\"font-size:100%;\">Aquesta vegada l&#8217;escrit no \u00e9s meu. En Mart\u00ed Utset, exalumne del centre, m&#8217;ha fet arribat el v\u00eddeo i l&#8217;escrit que tot seguit podeu llegir. Molts de vosaltres heu participat en l&#8217;elaboraci\u00f3 de la pel\u00b7l\u00edcula, per tant, poca cosa nova us dir\u00e9 per\u00f2 almenys en tindrem const\u00e0ncia en el nostre bloc. Felicitats a tots i a totes, que us ha quedat molt b\u00e9!!<\/span><br \/><\/em><\/span><\/span><\/p>\n<p style=\"margin: 0cm 0cm 0pt; text-align: justify; font-style: italic; color: rgb(255, 255, 255);\"><span lang=\"CA\"><span style=\"font-family:trebuchet ms,sans-serif;\"><em><br \/><\/em><\/span><\/span><\/p>\n<p style=\"margin: 0cm 0cm 0pt; text-align: justify; color: rgb(255, 255, 255); font-style: italic;\"><span lang=\"CA\"><span style=\"font-family:trebuchet ms,sans-serif;\"><em>L&#8217;agost d&#8217;aquest 2008, molts del nois i noies que el curs 2007-2008 havien realitzat 2n i 3r d&#8217;ESO van participar d&#8217;unes col\u00f2nies de pel\u00b7l\u00edcula. I \u00e9s que enguany, aprofitant que el lema de les Cate-Col\u00f2nies era &#8220;El Cinema&#8221;, van realitzar la gravaci\u00f3 d&#8217;una pel\u00b7l\u00edcula.<\/em><\/span><\/span><\/p>\n<div style=\"text-align: justify; color: rgb(255, 255, 255); font-style: italic;\">  <\/div>\n<p style=\"margin: 0cm 0cm 0pt; text-align: justify; color: rgb(255, 255, 255); font-style: italic;\"><span lang=\"CA\"><span style=\"font-family:trebuchet ms,sans-serif;\"><em> <\/em><\/span><\/span><\/p>\n<div style=\"text-align: justify; color: rgb(255, 255, 255); font-style: italic;\"> <\/div>\n<p style=\"margin: 0cm 0cm 0pt; text-align: justify; color: rgb(255, 255, 255); font-style: italic;\"><span lang=\"CA\"><span style=\"font-family:trebuchet ms,sans-serif;\"><em>El film, titulat &#8220;El Senyor dels Anells: la Batalla per la Terra Mitjana&#8221;, \u00e9s una versi\u00f3 m\u00e9s redu\u00efda i moderna del cl\u00e0ssic de Tolkien. Ens explica la hist\u00f2ria de Frodo Barretina, habitant de la comarca catalana, i dels seus peculiars amics, que hauran de destruir un anell, que roman amagat al lloc m\u00e9s ins\u00f2lit possible, per aconseguir la llibertat del poble catal\u00e0.<\/em><\/span><\/span><\/p>\n<p style=\"margin: 0cm 0cm 0pt; color: rgb(255, 255, 255); font-style: italic;\"><span lang=\"CA\"><span style=\"font-family:trebuchet ms,sans-serif;\"><em> <\/em><\/span><\/span><\/p>\n<p> <span style=\"color: rgb(255, 255, 255); font-style: italic;\" lang=\"CA\"><span style=\"font-family:trebuchet ms,sans-serif;\"><em>Estrenada aquest passat 23 de novembre al Centre Moral d&#8217;Arenys de Munt, podeu veure el tr\u00e0iler de la pel\u00b7l\u00edcula a continuaci\u00f3<br \/><a style=\"left: 0px ! important; top: 15px ! important;\" title=\"Pulse aqu\u00ed para bloquear este objeto con Adblock Plus\" href=\"http:\/\/vimeo.com\/moogaloop.swf?clip_id=2506739&amp;server=vimeo.com&amp;show_title=1&amp;show_byline=1&amp;show_portrait=0&amp;color=5fb519&amp;fullscreen=1\"><\/a><a style=\"left: 0px ! important; top: 17px ! important;\" title=\"Pulse aqu\u00ed para bloquear este objeto con Adblock Plus\" href=\"http:\/\/vimeo.com\/moogaloop.swf?clip_id=2506739&amp;server=vimeo.com&amp;show_title=1&amp;show_byline=1&amp;show_portrait=0&amp;color=5fb519&amp;fullscreen=1\"><\/a><a style=\"left: 0px ! important; top: 17px ! important;\" title=\"Pulse aqu\u00ed para bloquear este objeto con Adblock Plus\" href=\"http:\/\/vimeo.com\/moogaloop.swf?clip_id=2506739&amp;server=vimeo.com&amp;show_title=1&amp;show_byline=1&amp;show_portrait=0&amp;color=5fb519&amp;fullscreen=1\"><\/a><a style=\"left: 0px ! important; top: 17px ! important;\" title=\"Pulse aqu\u00ed para bloquear este objeto con Adblock Plus\" href=\"http:\/\/vimeo.com\/moogaloop.swf?clip_id=2506739&amp;server=vimeo.com&amp;show_title=1&amp;show_byline=1&amp;show_portrait=0&amp;color=5fb519&amp;fullscreen=1\"><\/a><object width=\"500\" height=\"401\"><param name=\"allowfullscreen\" value=\"true\"><param name=\"allowscriptaccess\" value=\"always\"><param name=\"movie\" value=\"http:\/\/vimeo.com\/moogaloop.swf?clip_id=2506739&amp;server=vimeo.com&amp;show_title=1&amp;show_byline=1&amp;show_portrait=0&amp;color=5fb519&amp;fullscreen=1\"><embed src=\"http:\/\/vimeo.com\/moogaloop.swf?clip_id=2506739&amp;server=vimeo.com&amp;show_title=1&amp;show_byline=1&amp;show_portrait=0&amp;color=5fb519&amp;fullscreen=1\" type=\"application\/x-shockwave-flash\" allowfullscreen=\"true\" allowscriptaccess=\"always\" width=\"500\" height=\"401\"><\/embed><\/object><br \/><\/em><\/span><\/span><a style=\"color: rgb(255, 255, 255); font-style: italic;\" href=\"http:\/\/vimeo.com\/2506739\">El Senyor dels Anells &#8211; La Batalla per la Terra Mitjana<\/a><span style=\"color: rgb(255, 255, 255); font-style: italic;\"> from <\/span><a style=\"color: rgb(255, 255, 255); font-style: italic;\" href=\"http:\/\/vimeo.com\/user1008462\">Mart\u00ed Utset<\/a><span style=\"color: rgb(255, 255, 255); font-style: italic;\"> on <\/span><a style=\"color: rgb(255, 255, 255); font-style: italic;\" href=\"http:\/\/vimeo.com\/\">Vimeo<\/a><span style=\"color: rgb(255, 255, 255); font-style: italic;\">.<\/span><\/p>\n<p><span style=\"color: rgb(255, 255, 255); font-style: italic;\" lang=\"CA\"><span style=\"font-family:trebuchet ms,sans-serif;\"><em>En breu s&#8217;espera produir algun DVD amb el film, potser acompanyat de material addicional relacionat amb la gravaci\u00f3.<\/em><\/span><\/span><\/p>\n<div>http:\/\/domenecperramon.blogspot.com\/feeds\/posts\/default<\/div>\n","protected":false},"excerpt":{"rendered":"<p>Aquesta vegada l&#8217;escrit no \u00e9s meu. En Mart\u00ed Utset, exalumne del centre, m&#8217;ha fet arribat el v\u00eddeo i l&#8217;escrit que tot seguit podeu llegir. Molts de vosaltres heu participat en l&#8217;elaboraci\u00f3 de la pel\u00b7l\u00edcula, per tant, poca cosa nova us dir\u00e9 per\u00f2 almenys en tindrem const\u00e0ncia en el nostre bloc. Felicitats a tots i a [&hellip;]<\/p>\n","protected":false},"author":1,"featured_media":0,"comment_status":"open","ping_status":"open","sticky":false,"template":"","format":"standard","meta":{"_bbp_topic_count":0,"_bbp_reply_count":0,"_bbp_total_topic_count":0,"_bbp_total_reply_count":0,"_bbp_voice_count":0,"_bbp_anonymous_reply_count":0,"_bbp_topic_count_hidden":0,"_bbp_reply_count_hidden":0,"_bbp_forum_subforum_count":0,"site-sidebar-layout":"default","site-content-layout":"","ast-site-content-layout":"","site-content-style":"default","site-sidebar-style":"default","ast-global-header-display":"","ast-banner-title-visibility":"","ast-main-header-display":"","ast-hfb-above-header-display":"","ast-hfb-below-header-display":"","ast-hfb-mobile-header-display":"","site-post-title":"","ast-breadcrumbs-content":"","ast-featured-img":"","footer-sml-layout":"","theme-transparent-header-meta":"","adv-header-id-meta":"","stick-header-meta":"","header-above-stick-meta":"","header-main-stick-meta":"","header-below-stick-meta":"","astra-migrate-meta-layouts":"default","ast-page-background-enabled":"default","ast-page-background-meta":{"desktop":{"background-color":"var(--ast-global-color-4)","background-image":"","background-repeat":"repeat","background-position":"center center","background-size":"auto","background-attachment":"scroll","background-type":"","background-media":"","overlay-type":"","overlay-color":"","overlay-opacity":"","overlay-gradient":""},"tablet":{"background-color":"","background-image":"","background-repeat":"repeat","background-position":"center center","background-size":"auto","background-attachment":"scroll","background-type":"","background-media":"","overlay-type":"","overlay-color":"","overlay-opacity":"","overlay-gradient":""},"mobile":{"background-color":"","background-image":"","background-repeat":"repeat","background-position":"center center","background-size":"auto","background-attachment":"scroll","background-type":"","background-media":"","overlay-type":"","overlay-color":"","overlay-opacity":"","overlay-gradient":""}},"ast-content-background-meta":{"desktop":{"background-color":"var(--ast-global-color-5)","background-image":"","background-repeat":"repeat","background-position":"center center","background-size":"auto","background-attachment":"scroll","background-type":"","background-media":"","overlay-type":"","overlay-color":"","overlay-opacity":"","overlay-gradient":""},"tablet":{"background-color":"var(--ast-global-color-5)","background-image":"","background-repeat":"repeat","background-position":"center center","background-size":"auto","background-attachment":"scroll","background-type":"","background-media":"","overlay-type":"","overlay-color":"","overlay-opacity":"","overlay-gradient":""},"mobile":{"background-color":"var(--ast-global-color-5)","background-image":"","background-repeat":"repeat","background-position":"center center","background-size":"auto","background-attachment":"scroll","background-type":"","background-media":"","overlay-type":"","overlay-color":"","overlay-opacity":"","overlay-gradient":""}},"footnotes":""},"categories":[97,65],"tags":[],"class_list":["post-495","post","type-post","status-publish","format-standard","hentry","category-curs-2008-09","category-videos"],"post_mailing_queue_ids":[],"_links":{"self":[{"href":"https:\/\/agora.xtec.cat\/ies-dperramon\/wp-json\/wp\/v2\/posts\/495","targetHints":{"allow":["GET"]}}],"collection":[{"href":"https:\/\/agora.xtec.cat\/ies-dperramon\/wp-json\/wp\/v2\/posts"}],"about":[{"href":"https:\/\/agora.xtec.cat\/ies-dperramon\/wp-json\/wp\/v2\/types\/post"}],"author":[{"embeddable":true,"href":"https:\/\/agora.xtec.cat\/ies-dperramon\/wp-json\/wp\/v2\/users\/1"}],"replies":[{"embeddable":true,"href":"https:\/\/agora.xtec.cat\/ies-dperramon\/wp-json\/wp\/v2\/comments?post=495"}],"version-history":[{"count":0,"href":"https:\/\/agora.xtec.cat\/ies-dperramon\/wp-json\/wp\/v2\/posts\/495\/revisions"}],"wp:attachment":[{"href":"https:\/\/agora.xtec.cat\/ies-dperramon\/wp-json\/wp\/v2\/media?parent=495"}],"wp:term":[{"taxonomy":"category","embeddable":true,"href":"https:\/\/agora.xtec.cat\/ies-dperramon\/wp-json\/wp\/v2\/categories?post=495"},{"taxonomy":"post_tag","embeddable":true,"href":"https:\/\/agora.xtec.cat\/ies-dperramon\/wp-json\/wp\/v2\/tags?post=495"}],"curies":[{"name":"wp","href":"https:\/\/api.w.org\/{rel}","templated":true}]}}