{"id":4938,"date":"2020-06-05T10:31:26","date_gmt":"2020-06-05T08:31:26","guid":{"rendered":"http:\/\/agora.xtec.cat\/ies-dperramon\/?p=4938"},"modified":"2022-07-24T02:09:43","modified_gmt":"2022-07-24T00:09:43","slug":"linstitut-domenec-perramon-reobra-les-portes","status":"publish","type":"post","link":"https:\/\/agora.xtec.cat\/ies-dperramon\/portada\/linstitut-domenec-perramon-reobra-les-portes\/","title":{"rendered":"L&#8217;Institut Dom\u00e8nec Perramon reobre les portes (2019)"},"content":{"rendered":"<p>L&#8217;Institut Dom\u00e8nec Perramon reobre les portes a partit del <strong>8 de juny<\/strong> (Fase 2)<\/p>\n<p>Per garantir la seguretat de <span class=\"hiddenSpellError\">tothom, t<\/span>indrem les normes del<span class=\"hiddenSpellError\">\u00a0<a href=\"https:\/\/agora.xtec.cat\/ies-dperramon\/wp-content\/uploads\/usu947\/2020\/06\/PLA-D\u2018OBERTURA-INS-DOM\u00c8NEC-PERRAMON.pdf\">PLA D\u2018OBERTURA INS DOM\u00c8NEC PERRAMON<\/a><\/span>.<\/p>\n<p><strong>L&#8217;horari ser\u00e0 de 9:00 a 14:00<\/strong><\/p>\n<p>Per accedir:<\/p>\n<ul>\n<li>caldr\u00e0 demanar cita pr\u00e8via al n\u00famero <strong>93.793.90.75<\/strong>.<\/li>\n<li>Imprecindibles portar una de les declaracions:\n<ul>\n<li><a href=\"https:\/\/agora.xtec.cat\/ies-dperramon\/wp-content\/uploads\/usu947\/2020\/06\/Declaraci\u00f3-responsable-menors-18-anys.pdf\">Declaraci\u00f3 responsable menors 18 anys<\/a><\/li>\n<li><a href=\"https:\/\/agora.xtec.cat\/ies-dperramon\/wp-content\/uploads\/usu947\/2020\/06\/Declaraci\u00f3-responsable-majors-18.pdf\">Declaraci\u00f3 responsable majors 18<\/a><\/li>\n<\/ul>\n<\/li>\n<\/ul>\n<blockquote>\n<pre><em>Els documents han de ser impressos i signats<\/em><\/pre>\n<\/blockquote>\n<p>Pels alumnes:<\/p>\n<p style=\"font-weight: 400;\"><strong>No heu de demanar cita pr\u00e8via per venir a buscar material i altres efectes.<\/strong><\/p>\n<p style=\"font-weight: 400;\"><strong>Des de l\u2019institut tenim previst fer-vos venir m\u00e9s endavant per a recollir el que tingueu al centre.<br \/>\nJa us informarem de com fer-ho.<\/strong><\/p>\n<p>&nbsp;<\/p>\n<p>&nbsp;<\/p>\n<p>&nbsp;<\/p>\n","protected":false},"excerpt":{"rendered":"<p>L&#8217;Institut Dom\u00e8nec Perramon reobre les portes a partit del 8 de juny (Fase 2) Per garantir la seguretat de tothom, tindrem les normes del\u00a0PLA D\u2018OBERTURA INS DOM\u00c8NEC PERRAMON. L&#8217;horari ser\u00e0 de 9:00 a 14:00 Per accedir: caldr\u00e0 demanar cita pr\u00e8via al n\u00famero 93.793.90.75. Imprecindibles portar una de les declaracions: Declaraci\u00f3 responsable menors 18 anys Declaraci\u00f3 [&hellip;]<\/p>\n","protected":false},"author":1,"featured_media":4944,"comment_status":"open","ping_status":"closed","sticky":false,"template":"","format":"standard","meta":{"_bbp_topic_count":0,"_bbp_reply_count":0,"_bbp_total_topic_count":0,"_bbp_total_reply_count":0,"_bbp_voice_count":0,"_bbp_anonymous_reply_count":0,"_bbp_topic_count_hidden":0,"_bbp_reply_count_hidden":0,"_bbp_forum_subforum_count":0,"site-sidebar-layout":"default","site-content-layout":"","ast-site-content-layout":"","site-content-style":"default","site-sidebar-style":"default","ast-global-header-display":"","ast-banner-title-visibility":"","ast-main-header-display":"","ast-hfb-above-header-display":"","ast-hfb-below-header-display":"","ast-hfb-mobile-header-display":"","site-post-title":"","ast-breadcrumbs-content":"","ast-featured-img":"","footer-sml-layout":"","theme-transparent-header-meta":"","adv-header-id-meta":"","stick-header-meta":"","header-above-stick-meta":"","header-main-stick-meta":"","header-below-stick-meta":"","astra-migrate-meta-layouts":"default","ast-page-background-enabled":"default","ast-page-background-meta":{"desktop":{"background-color":"var(--ast-global-color-4)","background-image":"","background-repeat":"repeat","background-position":"center center","background-size":"auto","background-attachment":"scroll","background-type":"","background-media":"","overlay-type":"","overlay-color":"","overlay-opacity":"","overlay-gradient":""},"tablet":{"background-color":"","background-image":"","background-repeat":"repeat","background-position":"center center","background-size":"auto","background-attachment":"scroll","background-type":"","background-media":"","overlay-type":"","overlay-color":"","overlay-opacity":"","overlay-gradient":""},"mobile":{"background-color":"","background-image":"","background-repeat":"repeat","background-position":"center center","background-size":"auto","background-attachment":"scroll","background-type":"","background-media":"","overlay-type":"","overlay-color":"","overlay-opacity":"","overlay-gradient":""}},"ast-content-background-meta":{"desktop":{"background-color":"var(--ast-global-color-5)","background-image":"","background-repeat":"repeat","background-position":"center center","background-size":"auto","background-attachment":"scroll","background-type":"","background-media":"","overlay-type":"","overlay-color":"","overlay-opacity":"","overlay-gradient":""},"tablet":{"background-color":"var(--ast-global-color-5)","background-image":"","background-repeat":"repeat","background-position":"center center","background-size":"auto","background-attachment":"scroll","background-type":"","background-media":"","overlay-type":"","overlay-color":"","overlay-opacity":"","overlay-gradient":""},"mobile":{"background-color":"var(--ast-global-color-5)","background-image":"","background-repeat":"repeat","background-position":"center center","background-size":"auto","background-attachment":"scroll","background-type":"","background-media":"","overlay-type":"","overlay-color":"","overlay-opacity":"","overlay-gradient":""}},"footnotes":""},"categories":[169,316,314,29,318],"tags":[],"class_list":["post-4938","post","type-post","status-publish","format-standard","has-post-thumbnail","hentry","category-bloginsti","category-covid-19","category-curs-2019-20","category-portada","category-rss"],"post_mailing_queue_ids":[],"_links":{"self":[{"href":"https:\/\/agora.xtec.cat\/ies-dperramon\/wp-json\/wp\/v2\/posts\/4938","targetHints":{"allow":["GET"]}}],"collection":[{"href":"https:\/\/agora.xtec.cat\/ies-dperramon\/wp-json\/wp\/v2\/posts"}],"about":[{"href":"https:\/\/agora.xtec.cat\/ies-dperramon\/wp-json\/wp\/v2\/types\/post"}],"author":[{"embeddable":true,"href":"https:\/\/agora.xtec.cat\/ies-dperramon\/wp-json\/wp\/v2\/users\/1"}],"replies":[{"embeddable":true,"href":"https:\/\/agora.xtec.cat\/ies-dperramon\/wp-json\/wp\/v2\/comments?post=4938"}],"version-history":[{"count":3,"href":"https:\/\/agora.xtec.cat\/ies-dperramon\/wp-json\/wp\/v2\/posts\/4938\/revisions"}],"predecessor-version":[{"id":5231,"href":"https:\/\/agora.xtec.cat\/ies-dperramon\/wp-json\/wp\/v2\/posts\/4938\/revisions\/5231"}],"wp:featuredmedia":[{"embeddable":true,"href":"https:\/\/agora.xtec.cat\/ies-dperramon\/wp-json\/wp\/v2\/media\/4944"}],"wp:attachment":[{"href":"https:\/\/agora.xtec.cat\/ies-dperramon\/wp-json\/wp\/v2\/media?parent=4938"}],"wp:term":[{"taxonomy":"category","embeddable":true,"href":"https:\/\/agora.xtec.cat\/ies-dperramon\/wp-json\/wp\/v2\/categories?post=4938"},{"taxonomy":"post_tag","embeddable":true,"href":"https:\/\/agora.xtec.cat\/ies-dperramon\/wp-json\/wp\/v2\/tags?post=4938"}],"curies":[{"name":"wp","href":"https:\/\/api.w.org\/{rel}","templated":true}]}}