{"id":490,"date":"2009-01-21T17:08:00","date_gmt":"2009-01-21T16:08:00","guid":{"rendered":"http:\/\/agora.xtec.cat\/ies-dperramon\/general\/barack-obama\/"},"modified":"2009-01-21T17:08:00","modified_gmt":"2009-01-21T16:08:00","slug":"barack-obama","status":"publish","type":"post","link":"https:\/\/agora.xtec.cat\/ies-dperramon\/curs-2008-09\/barack-obama\/","title":{"rendered":"Barack Obama"},"content":{"rendered":"<div style=\"text-align: justify;\"><a href=\"http:\/\/www.desdeelexilio.com\/wp-content\/uploads\/barack_obama.jpg\"><img decoding=\"async\" style=\"margin: 0pt 10px 10px 0pt; float: left; cursor: pointer; width: 250px; height: 265px;\" src=\"http:\/\/www.desdeelexilio.com\/wp-content\/uploads\/barack_obama.jpg\" alt=\"\" border=\"0\" \/><\/a>Ahir, 20 de gener, van investir Barack Obama com a 44\u00e8 president dels Estats Units d&#8217;Am\u00e8rica. La cobertura medi\u00e0tica de tot l&#8217;esdeveniment va ser magn\u00edfica -en el sentit de gran, d&#8217;intensa- i ho va ser, crec jo, per a tot el m\u00f3n. M\u00e9s que mai hem visualitzat que els Estats Units s\u00f3n el poder, els qui tenen el pes, agradi o no, d&#8217;estirar la resta del m\u00f3n.<br \/>Hi havia moltes raons per seguir la cerim\u00f2nia, per\u00f2 potser de totes, les que m\u00e9s es destacarien s\u00f3n, per una banda, que Obama s&#8217;ha convertit en el primer president de ra\u00e7a negra dels Estats Units; de l&#8217;altra, el m\u00f3n occidental est\u00e0 en crisi i en ell tothom hi ha dipositat les seves esperances de cara al futur.<br \/>En Barack Obama volem visualitzar totes les nostres il\u00b7lusions i esperem que ell sigui el motor de la recuperaci\u00f3 que tothom desitja. De les seves decisions n&#8217;han de sortir les possibles solucions i no entendrem una altra cosa que no sigui l&#8217;\u00e8xit. Tot all\u00f2 que pugui fracassar ser\u00e0 un motiu de frustraci\u00f3 i de des\u00e0nim. Assumim, m\u00e9s que mai, que el president dels Estats Units d&#8217;Am\u00e8rica \u00e9s, tamb\u00e9, el nostre president. Quina responsabilitat!<\/div>\n<div>http:\/\/domenecperramon.blogspot.com\/feeds\/posts\/default<\/div>\n","protected":false},"excerpt":{"rendered":"<p>Ahir, 20 de gener, van investir Barack Obama com a 44\u00e8 president dels Estats Units d&#8217;Am\u00e8rica. La cobertura medi\u00e0tica de tot l&#8217;esdeveniment va ser magn\u00edfica -en el sentit de gran, d&#8217;intensa- i ho va ser, crec jo, per a tot el m\u00f3n. M\u00e9s que mai hem visualitzat que els Estats Units s\u00f3n el poder, els [&hellip;]<\/p>\n","protected":false},"author":1,"featured_media":0,"comment_status":"open","ping_status":"open","sticky":false,"template":"","format":"standard","meta":{"_bbp_topic_count":0,"_bbp_reply_count":0,"_bbp_total_topic_count":0,"_bbp_total_reply_count":0,"_bbp_voice_count":0,"_bbp_anonymous_reply_count":0,"_bbp_topic_count_hidden":0,"_bbp_reply_count_hidden":0,"_bbp_forum_subforum_count":0,"site-sidebar-layout":"default","site-content-layout":"","ast-site-content-layout":"","site-content-style":"default","site-sidebar-style":"default","ast-global-header-display":"","ast-banner-title-visibility":"","ast-main-header-display":"","ast-hfb-above-header-display":"","ast-hfb-below-header-display":"","ast-hfb-mobile-header-display":"","site-post-title":"","ast-breadcrumbs-content":"","ast-featured-img":"","footer-sml-layout":"","theme-transparent-header-meta":"","adv-header-id-meta":"","stick-header-meta":"","header-above-stick-meta":"","header-main-stick-meta":"","header-below-stick-meta":"","astra-migrate-meta-layouts":"default","ast-page-background-enabled":"default","ast-page-background-meta":{"desktop":{"background-color":"var(--ast-global-color-4)","background-image":"","background-repeat":"repeat","background-position":"center center","background-size":"auto","background-attachment":"scroll","background-type":"","background-media":"","overlay-type":"","overlay-color":"","overlay-opacity":"","overlay-gradient":""},"tablet":{"background-color":"","background-image":"","background-repeat":"repeat","background-position":"center center","background-size":"auto","background-attachment":"scroll","background-type":"","background-media":"","overlay-type":"","overlay-color":"","overlay-opacity":"","overlay-gradient":""},"mobile":{"background-color":"","background-image":"","background-repeat":"repeat","background-position":"center center","background-size":"auto","background-attachment":"scroll","background-type":"","background-media":"","overlay-type":"","overlay-color":"","overlay-opacity":"","overlay-gradient":""}},"ast-content-background-meta":{"desktop":{"background-color":"var(--ast-global-color-5)","background-image":"","background-repeat":"repeat","background-position":"center center","background-size":"auto","background-attachment":"scroll","background-type":"","background-media":"","overlay-type":"","overlay-color":"","overlay-opacity":"","overlay-gradient":""},"tablet":{"background-color":"var(--ast-global-color-5)","background-image":"","background-repeat":"repeat","background-position":"center center","background-size":"auto","background-attachment":"scroll","background-type":"","background-media":"","overlay-type":"","overlay-color":"","overlay-opacity":"","overlay-gradient":""},"mobile":{"background-color":"var(--ast-global-color-5)","background-image":"","background-repeat":"repeat","background-position":"center center","background-size":"auto","background-attachment":"scroll","background-type":"","background-media":"","overlay-type":"","overlay-color":"","overlay-opacity":"","overlay-gradient":""}},"footnotes":""},"categories":[97],"tags":[],"class_list":["post-490","post","type-post","status-publish","format-standard","hentry","category-curs-2008-09"],"post_mailing_queue_ids":[],"_links":{"self":[{"href":"https:\/\/agora.xtec.cat\/ies-dperramon\/wp-json\/wp\/v2\/posts\/490","targetHints":{"allow":["GET"]}}],"collection":[{"href":"https:\/\/agora.xtec.cat\/ies-dperramon\/wp-json\/wp\/v2\/posts"}],"about":[{"href":"https:\/\/agora.xtec.cat\/ies-dperramon\/wp-json\/wp\/v2\/types\/post"}],"author":[{"embeddable":true,"href":"https:\/\/agora.xtec.cat\/ies-dperramon\/wp-json\/wp\/v2\/users\/1"}],"replies":[{"embeddable":true,"href":"https:\/\/agora.xtec.cat\/ies-dperramon\/wp-json\/wp\/v2\/comments?post=490"}],"version-history":[{"count":0,"href":"https:\/\/agora.xtec.cat\/ies-dperramon\/wp-json\/wp\/v2\/posts\/490\/revisions"}],"wp:attachment":[{"href":"https:\/\/agora.xtec.cat\/ies-dperramon\/wp-json\/wp\/v2\/media?parent=490"}],"wp:term":[{"taxonomy":"category","embeddable":true,"href":"https:\/\/agora.xtec.cat\/ies-dperramon\/wp-json\/wp\/v2\/categories?post=490"},{"taxonomy":"post_tag","embeddable":true,"href":"https:\/\/agora.xtec.cat\/ies-dperramon\/wp-json\/wp\/v2\/tags?post=490"}],"curies":[{"name":"wp","href":"https:\/\/api.w.org\/{rel}","templated":true}]}}