{"id":4804,"date":"2020-03-19T08:30:53","date_gmt":"2020-03-19T07:30:53","guid":{"rendered":"http:\/\/agora.xtec.cat\/ies-dperramon\/?p=4804"},"modified":"2022-07-24T02:10:55","modified_gmt":"2022-07-24T00:10:55","slug":"educacio-ajorna-la-preinscripcio-i-matriculacio-de-tots-els-ensenyaments","status":"publish","type":"post","link":"https:\/\/agora.xtec.cat\/ies-dperramon\/general\/educacio-ajorna-la-preinscripcio-i-matriculacio-de-tots-els-ensenyaments\/","title":{"rendered":"Educaci\u00f3 ajorna la preinscripci\u00f3 i matriculaci\u00f3 de tots els ensenyaments"},"content":{"rendered":"<h3>El departament d\u2019<strong>Educaci\u00f3<\/strong>\u00a0de la\u00a0<strong>Generalitat de Catalunya<\/strong>\u00a0ha comunicat que donada la situaci\u00f3 actual causada per la pand\u00e8mia de coronavirus, s\u2019ajornen tots els tr\u00e0mits relacionats amb la preinscripci\u00f3 i matr\u00edcula de l\u2019alumnat dels diferents ensenyaments, en totes les etapes<\/h3>\n<div class=\"wp-block-spacer\" aria-hidden=\"true\"><\/div>\n<p>Tamb\u00e9 s\u2019ajornen les proves d\u2019acc\u00e9s a graus i a les PAU (proves d\u2019acc\u00e9s a la universitat)<\/p>\n<p>El Departament est\u00e0 treballant per tal que els diferents processos de preinscripci\u00f3 i matriculaci\u00f3 es puguin dur a terme amb totes les garanties.<\/p>\n<p>Al mateix temps, es treballa per tal d\u2019adequar els tr\u00e0mits pensant en les circumst\u00e0ncies actuals.<\/p>\n<p>Educaci\u00f3 informar\u00e0 sobre el nou calendari d\u2019actuacions tant aviat com sigui possible.<\/p>\n<p><a href=\"https:\/\/agora.xtec.cat\/ies-dperramon\/wp-content\/uploads\/usu947\/2020\/03\/educaci\u00f3-v2.jpg\"><img loading=\"lazy\" decoding=\"async\" class=\"size-full wp-image-4806 alignnone\" src=\"https:\/\/agora.xtec.cat\/ies-dperramon\/wp-content\/uploads\/usu947\/2020\/03\/educaci\u00f3-v2.jpg\" alt=\"\" width=\"720\" height=\"405\" srcset=\"https:\/\/agora.xtec.cat\/ies-dperramon\/wp-content\/uploads\/usu947\/2020\/03\/educaci\u00f3-v2.jpg 720w, https:\/\/agora.xtec.cat\/ies-dperramon\/wp-content\/uploads\/usu947\/2020\/03\/educaci\u00f3-v2-300x169.jpg 300w\" sizes=\"auto, (max-width: 720px) 100vw, 720px\" \/><\/a><\/p>\n<p>&nbsp;<\/p>\n","protected":false},"excerpt":{"rendered":"<p>El departament d\u2019Educaci\u00f3\u00a0de la\u00a0Generalitat de Catalunya\u00a0ha comunicat que donada la situaci\u00f3 actual causada per la pand\u00e8mia de coronavirus, s\u2019ajornen tots els tr\u00e0mits relacionats amb la preinscripci\u00f3 i matr\u00edcula de l\u2019alumnat dels diferents ensenyaments, en totes les etapes Tamb\u00e9 s\u2019ajornen les proves d\u2019acc\u00e9s a graus i a les PAU (proves d\u2019acc\u00e9s a la universitat) El Departament [&hellip;]<\/p>\n","protected":false},"author":1,"featured_media":4806,"comment_status":"closed","ping_status":"closed","sticky":false,"template":"","format":"standard","meta":{"_bbp_topic_count":0,"_bbp_reply_count":0,"_bbp_total_topic_count":0,"_bbp_total_reply_count":0,"_bbp_voice_count":0,"_bbp_anonymous_reply_count":0,"_bbp_topic_count_hidden":0,"_bbp_reply_count_hidden":0,"_bbp_forum_subforum_count":0,"site-sidebar-layout":"default","site-content-layout":"","ast-site-content-layout":"","site-content-style":"default","site-sidebar-style":"default","ast-global-header-display":"","ast-banner-title-visibility":"","ast-main-header-display":"","ast-hfb-above-header-display":"","ast-hfb-below-header-display":"","ast-hfb-mobile-header-display":"","site-post-title":"","ast-breadcrumbs-content":"","ast-featured-img":"","footer-sml-layout":"","theme-transparent-header-meta":"","adv-header-id-meta":"","stick-header-meta":"","header-above-stick-meta":"","header-main-stick-meta":"","header-below-stick-meta":"","astra-migrate-meta-layouts":"default","ast-page-background-enabled":"default","ast-page-background-meta":{"desktop":{"background-color":"var(--ast-global-color-4)","background-image":"","background-repeat":"repeat","background-position":"center center","background-size":"auto","background-attachment":"scroll","background-type":"","background-media":"","overlay-type":"","overlay-color":"","overlay-opacity":"","overlay-gradient":""},"tablet":{"background-color":"","background-image":"","background-repeat":"repeat","background-position":"center center","background-size":"auto","background-attachment":"scroll","background-type":"","background-media":"","overlay-type":"","overlay-color":"","overlay-opacity":"","overlay-gradient":""},"mobile":{"background-color":"","background-image":"","background-repeat":"repeat","background-position":"center center","background-size":"auto","background-attachment":"scroll","background-type":"","background-media":"","overlay-type":"","overlay-color":"","overlay-opacity":"","overlay-gradient":""}},"ast-content-background-meta":{"desktop":{"background-color":"var(--ast-global-color-5)","background-image":"","background-repeat":"repeat","background-position":"center center","background-size":"auto","background-attachment":"scroll","background-type":"","background-media":"","overlay-type":"","overlay-color":"","overlay-opacity":"","overlay-gradient":""},"tablet":{"background-color":"var(--ast-global-color-5)","background-image":"","background-repeat":"repeat","background-position":"center center","background-size":"auto","background-attachment":"scroll","background-type":"","background-media":"","overlay-type":"","overlay-color":"","overlay-opacity":"","overlay-gradient":""},"mobile":{"background-color":"var(--ast-global-color-5)","background-image":"","background-repeat":"repeat","background-position":"center center","background-size":"auto","background-attachment":"scroll","background-type":"","background-media":"","overlay-type":"","overlay-color":"","overlay-opacity":"","overlay-gradient":""}},"footnotes":""},"categories":[316,1,135,29],"tags":[],"class_list":["post-4804","post","type-post","status-publish","format-standard","has-post-thumbnail","hentry","category-covid-19","category-general","category-noticies","category-portada"],"post_mailing_queue_ids":[],"_links":{"self":[{"href":"https:\/\/agora.xtec.cat\/ies-dperramon\/wp-json\/wp\/v2\/posts\/4804","targetHints":{"allow":["GET"]}}],"collection":[{"href":"https:\/\/agora.xtec.cat\/ies-dperramon\/wp-json\/wp\/v2\/posts"}],"about":[{"href":"https:\/\/agora.xtec.cat\/ies-dperramon\/wp-json\/wp\/v2\/types\/post"}],"author":[{"embeddable":true,"href":"https:\/\/agora.xtec.cat\/ies-dperramon\/wp-json\/wp\/v2\/users\/1"}],"replies":[{"embeddable":true,"href":"https:\/\/agora.xtec.cat\/ies-dperramon\/wp-json\/wp\/v2\/comments?post=4804"}],"version-history":[{"count":2,"href":"https:\/\/agora.xtec.cat\/ies-dperramon\/wp-json\/wp\/v2\/posts\/4804\/revisions"}],"predecessor-version":[{"id":4807,"href":"https:\/\/agora.xtec.cat\/ies-dperramon\/wp-json\/wp\/v2\/posts\/4804\/revisions\/4807"}],"wp:featuredmedia":[{"embeddable":true,"href":"https:\/\/agora.xtec.cat\/ies-dperramon\/wp-json\/wp\/v2\/media\/4806"}],"wp:attachment":[{"href":"https:\/\/agora.xtec.cat\/ies-dperramon\/wp-json\/wp\/v2\/media?parent=4804"}],"wp:term":[{"taxonomy":"category","embeddable":true,"href":"https:\/\/agora.xtec.cat\/ies-dperramon\/wp-json\/wp\/v2\/categories?post=4804"},{"taxonomy":"post_tag","embeddable":true,"href":"https:\/\/agora.xtec.cat\/ies-dperramon\/wp-json\/wp\/v2\/tags?post=4804"}],"curies":[{"name":"wp","href":"https:\/\/api.w.org\/{rel}","templated":true}]}}