{"id":476,"date":"2009-04-25T08:38:00","date_gmt":"2009-04-25T07:38:00","guid":{"rendered":"http:\/\/agora.xtec.cat\/ies-dperramon\/general\/presentacio-i-lectura-de-poemes\/"},"modified":"2009-04-25T08:38:00","modified_gmt":"2009-04-25T07:38:00","slug":"presentacio-i-lectura-de-poemes","status":"publish","type":"post","link":"https:\/\/agora.xtec.cat\/ies-dperramon\/videos\/presentacio-i-lectura-de-poemes\/","title":{"rendered":"Presentaci\u00f3 i Lectura de poemes"},"content":{"rendered":"<div style=\"text-align: justify;\">La Festa de Sant Jordi ha tornat a ser un \u00e8xit. Gr\u00e0cies a tothom que ho ha fet possible: alumnes, professors, t\u00e8cnics i l&#8217;Ajuntament d&#8217;Arenys de Munt. Un any m\u00e9s ens hem pogut trobar a la Sala Municipal per a gaudir del festival que ens han preparat.<br \/>A poc a poc us anir\u00e9 penjant els v\u00eddeos que entre en Xevi Altesa i jo vam enregistrar. Alguns els podreu veure en HD.<br \/>A disfrutar una altra vegada!<\/div>\n<p><object width=\"500\" height=\"322\"><param name=\"allowfullscreen\" value=\"true\"><param name=\"allowscriptaccess\" value=\"always\"><param name=\"movie\" value=\"http:\/\/vimeo.com\/moogaloop.swf?clip_id=4318907&amp;server=vimeo.com&amp;show_title=1&amp;show_byline=1&amp;show_portrait=0&amp;color=e69137&amp;fullscreen=1\"><embed src=\"http:\/\/vimeo.com\/moogaloop.swf?clip_id=4318907&amp;server=vimeo.com&amp;show_title=1&amp;show_byline=1&amp;show_portrait=0&amp;color=e69137&amp;fullscreen=1\" type=\"application\/x-shockwave-flash\" allowfullscreen=\"true\" allowscriptaccess=\"always\" width=\"500\" height=\"322\"><\/embed><\/object><br \/><a href=\"http:\/\/vimeo.com\/4318907\">Sant Jordi 2009, Lectura poemes<\/a> from <a href=\"http:\/\/vimeo.com\/user1256594\">D Perramon<\/a> on <a href=\"http:\/\/vimeo.com\/\">Vimeo<\/a>.<\/p>\n<div>http:\/\/domenecperramon.blogspot.com\/feeds\/posts\/default<\/div>\n","protected":false},"excerpt":{"rendered":"<p>La Festa de Sant Jordi ha tornat a ser un \u00e8xit. Gr\u00e0cies a tothom que ho ha fet possible: alumnes, professors, t\u00e8cnics i l&#8217;Ajuntament d&#8217;Arenys de Munt. Un any m\u00e9s ens hem pogut trobar a la Sala Municipal per a gaudir del festival que ens han preparat.A poc a poc us anir\u00e9 penjant els v\u00eddeos [&hellip;]<\/p>\n","protected":false},"author":1,"featured_media":0,"comment_status":"open","ping_status":"open","sticky":false,"template":"","format":"standard","meta":{"_bbp_topic_count":0,"_bbp_reply_count":0,"_bbp_total_topic_count":0,"_bbp_total_reply_count":0,"_bbp_voice_count":0,"_bbp_anonymous_reply_count":0,"_bbp_topic_count_hidden":0,"_bbp_reply_count_hidden":0,"_bbp_forum_subforum_count":0,"site-sidebar-layout":"default","site-content-layout":"","ast-site-content-layout":"","site-content-style":"default","site-sidebar-style":"default","ast-global-header-display":"","ast-banner-title-visibility":"","ast-main-header-display":"","ast-hfb-above-header-display":"","ast-hfb-below-header-display":"","ast-hfb-mobile-header-display":"","site-post-title":"","ast-breadcrumbs-content":"","ast-featured-img":"","footer-sml-layout":"","theme-transparent-header-meta":"","adv-header-id-meta":"","stick-header-meta":"","header-above-stick-meta":"","header-main-stick-meta":"","header-below-stick-meta":"","astra-migrate-meta-layouts":"default","ast-page-background-enabled":"default","ast-page-background-meta":{"desktop":{"background-color":"var(--ast-global-color-4)","background-image":"","background-repeat":"repeat","background-position":"center center","background-size":"auto","background-attachment":"scroll","background-type":"","background-media":"","overlay-type":"","overlay-color":"","overlay-opacity":"","overlay-gradient":""},"tablet":{"background-color":"","background-image":"","background-repeat":"repeat","background-position":"center center","background-size":"auto","background-attachment":"scroll","background-type":"","background-media":"","overlay-type":"","overlay-color":"","overlay-opacity":"","overlay-gradient":""},"mobile":{"background-color":"","background-image":"","background-repeat":"repeat","background-position":"center center","background-size":"auto","background-attachment":"scroll","background-type":"","background-media":"","overlay-type":"","overlay-color":"","overlay-opacity":"","overlay-gradient":""}},"ast-content-background-meta":{"desktop":{"background-color":"var(--ast-global-color-5)","background-image":"","background-repeat":"repeat","background-position":"center center","background-size":"auto","background-attachment":"scroll","background-type":"","background-media":"","overlay-type":"","overlay-color":"","overlay-opacity":"","overlay-gradient":""},"tablet":{"background-color":"var(--ast-global-color-5)","background-image":"","background-repeat":"repeat","background-position":"center center","background-size":"auto","background-attachment":"scroll","background-type":"","background-media":"","overlay-type":"","overlay-color":"","overlay-opacity":"","overlay-gradient":""},"mobile":{"background-color":"var(--ast-global-color-5)","background-image":"","background-repeat":"repeat","background-position":"center center","background-size":"auto","background-attachment":"scroll","background-type":"","background-media":"","overlay-type":"","overlay-color":"","overlay-opacity":"","overlay-gradient":""}},"footnotes":""},"categories":[97,100,65],"tags":[],"class_list":["post-476","post","type-post","status-publish","format-standard","hentry","category-curs-2008-09","category-sant-jordi-2009","category-videos"],"post_mailing_queue_ids":[],"_links":{"self":[{"href":"https:\/\/agora.xtec.cat\/ies-dperramon\/wp-json\/wp\/v2\/posts\/476","targetHints":{"allow":["GET"]}}],"collection":[{"href":"https:\/\/agora.xtec.cat\/ies-dperramon\/wp-json\/wp\/v2\/posts"}],"about":[{"href":"https:\/\/agora.xtec.cat\/ies-dperramon\/wp-json\/wp\/v2\/types\/post"}],"author":[{"embeddable":true,"href":"https:\/\/agora.xtec.cat\/ies-dperramon\/wp-json\/wp\/v2\/users\/1"}],"replies":[{"embeddable":true,"href":"https:\/\/agora.xtec.cat\/ies-dperramon\/wp-json\/wp\/v2\/comments?post=476"}],"version-history":[{"count":0,"href":"https:\/\/agora.xtec.cat\/ies-dperramon\/wp-json\/wp\/v2\/posts\/476\/revisions"}],"wp:attachment":[{"href":"https:\/\/agora.xtec.cat\/ies-dperramon\/wp-json\/wp\/v2\/media?parent=476"}],"wp:term":[{"taxonomy":"category","embeddable":true,"href":"https:\/\/agora.xtec.cat\/ies-dperramon\/wp-json\/wp\/v2\/categories?post=476"},{"taxonomy":"post_tag","embeddable":true,"href":"https:\/\/agora.xtec.cat\/ies-dperramon\/wp-json\/wp\/v2\/tags?post=476"}],"curies":[{"name":"wp","href":"https:\/\/api.w.org\/{rel}","templated":true}]}}