{"id":4688,"date":"2019-12-02T21:08:43","date_gmt":"2019-12-02T20:08:43","guid":{"rendered":"http:\/\/agora.xtec.cat\/ies-dperramon\/?p=4688"},"modified":"2022-07-24T02:11:38","modified_gmt":"2022-07-24T00:11:38","slug":"any-internacional-de-la-taula-periodica-2019","status":"publish","type":"post","link":"https:\/\/agora.xtec.cat\/ies-dperramon\/general\/any-internacional-de-la-taula-periodica-2019\/","title":{"rendered":"Any Internacional de la Taula Peri\u00f2dica &#8211; 2019"},"content":{"rendered":"<blockquote>\n<div>El <strong>dilluns 9 de desembre<\/strong> 2019, des de l\u2019institut Dom\u00e8nec Perramon hem volgut contribuir a la commemoraci\u00f3 de l\u2019<strong>Any Internacional de la Taula Peri\u00f2dica<\/strong>. Ha presentat l\u2019acte el Dr Claudi Mans, Catedr\u00e0tic jubilat i professor em\u00e8rit d&#8217;Enginyeria Qu\u00edmica de la UB, autor entre altres publicacions dels llibres:La truita cremada, La vaca esf\u00e8rica, La qu\u00edmica de cada dia(<a href=\"https:\/\/youtu.be\/veYlb83RW5Y\" target=\"_blank\" rel=\"noopener noreferrer\">v\u00ecdeo<\/a>). Seguidament s\u2019han recitat dues poesies de la taula peri\u00f2dica a c\u00e0rrec d&#8217;alumnes de 3r d&#8217;ESO i finalment hem fet la Dansa de la Taula Peri\u00f2dica, a ritme de la Dansa d\u2019Arenys de Munt amb la participaci\u00f3 de m\u00e9s de 100 alumnes, amb la col\u00b7laboraci\u00f3 d&#8217;en Jordi Roca\u00a0 (<a href=\"https:\/\/www.youtube.com\/watch?time_continue=6&amp;v=GXDI86KjOoM&amp;feature=emb_logo\" target=\"_blank\" rel=\"noopener noreferrer\">v\u00ecdeo<\/a>).<\/div>\n<div>\n<div>\n<div dir=\"auto\">L&#8217;acte ha tingut lloc al camp de futbol municipal i ha estat publicat a la p\u00e0gina web de <a href=\"http:\/\/www.taulaperiodica.cat\/activitat\/acte-commemoratiu-de-la-taula-periodica\/\">les activitats que s&#8217;han fet al llarg del 2019<\/a> a Catalunya.<\/div>\n<div dir=\"auto\">A continuaci\u00f3 tens un recull de imatges que han caracteritzat l&#8217;actuaci\u00f3 i tot seguit uns v\u00eddeos de l&#8217;esdeveniment.<\/div>\n<\/div>\n<\/div>\n<div dir=\"auto\">\r\n\t<div class=\"slideshow_container slideshow_container_style-light\" style=\"height: 920px; \" data-slideshow-id=\"4725\" data-style-name=\"style-light\" data-style-version=\"2.3.1\" >\r\n\r\n\t\t\t\t\t<div class=\"slideshow_loading_icon\"><\/div>\r\n\t\t\r\n\t\t<div class=\"slideshow_content\" style=\"display: none;\">\r\n\r\n\t\t\t\r\n\t\t<\/div>\r\n\r\n\t\t<div class=\"slideshow_controlPanel slideshow_transparent\" style=\"display: none;\"><ul><li class=\"slideshow_togglePlay\" data-play-text=\"Visualitza\" data-pause-text=\"Pausa\"><\/li><\/ul><\/div>\r\n\r\n\t\t<div class=\"slideshow_button slideshow_previous slideshow_transparent\" role=\"button\" data-previous-text=\"Anterior\" style=\"display: none;\"><\/div>\r\n\t\t<div class=\"slideshow_button slideshow_next slideshow_transparent\" role=\"button\" data-next-text=\"Seg\u00fcent\" style=\"display: none;\"><\/div>\r\n\r\n\t\t<div class=\"slideshow_pagination\" style=\"display: none;\" data-go-to-text=\"V\u00e9s a la diapositiva\"><div class=\"slideshow_pagination_center\"><\/div><\/div>\r\n\r\n\t\t<!-- WordPress Slideshow Version 2.3.1 -->\r\n\r\n\t\t\t\t<!-- Error log\r\n\t\t\t\t\t- No slides were found\t\t\t\t-->\r\n\t\t\t<\/div>\r\n\r\n<\/div>\n<\/blockquote>\n<div dir=\"auto\">\n<table class=\" aligncenter\" style=\"width: 100%; border-style: hidden;\" border=\"0\">\n<tbody>\n<tr>\n<td><iframe loading=\"lazy\" src=\"https:\/\/www.youtube.com\/embed\/mcgp2kemEpk\" width=\"560\" height=\"315\" frameborder=\"0\" allowfullscreen=\"allowfullscreen\"><\/iframe><br \/>\nPresentaci\u00f3 de la professora de qu\u00edmica Agn\u00e8s Molons<\/td>\n<td><iframe loading=\"lazy\" src=\"https:\/\/www.youtube.com\/embed\/tHosMYjBJOU\" width=\"560\" height=\"315\" frameborder=\"0\" allowfullscreen=\"allowfullscreen\"><\/iframe><br \/>\nIntervenci\u00f3 del Dr Claudi Mans, Catedr\u00e0tic jubilat i professor em\u00e8rit d&#8217;Enginyeria Qu\u00edmica de la UB&nbsp;<\/td>\n<\/tr>\n<tr>\n<td><iframe loading=\"lazy\" src=\"https:\/\/www.youtube.com\/embed\/zbL1l_DqBdg\" width=\"560\" height=\"315\" frameborder=\"0\" allowfullscreen=\"allowfullscreen\"><\/iframe><br \/>\nPoesia d&#8217;una alumna&nbsp;<\/td>\n<td><iframe loading=\"lazy\" src=\"https:\/\/www.youtube.com\/embed\/9Bd0DjCR_5A\" width=\"560\" height=\"315\" frameborder=\"0\" allowfullscreen=\"allowfullscreen\"><\/iframe><br \/>\nPoesia de tres alumnes&nbsp;<\/td>\n<\/tr>\n<tr>\n<td><iframe loading=\"lazy\" src=\"https:\/\/www.youtube.com\/embed\/GXDI86KjOoM\" width=\"560\" height=\"315\" frameborder=\"0\" allowfullscreen=\"allowfullscreen\"><\/iframe><br \/>\nDansa de la Taula Peri\u00f2dica&nbsp;<\/td>\n<td><iframe loading=\"lazy\" src=\"https:\/\/www.youtube.com\/embed\/veYlb83RW5Y\" width=\"560\" height=\"315\" frameborder=\"0\" allowfullscreen=\"allowfullscreen\"><\/iframe><br \/>\nL&#8217;acte de les grades&nbsp;<\/td>\n<\/tr>\n<\/tbody>\n<\/table>\n<\/div>\n<div dir=\"auto\"><\/div>\n<div dir=\"auto\"><\/div>\n<div dir=\"auto\"><\/div>\n<div dir=\"auto\"><\/div>\n<div dir=\"auto\"><\/div>\n<p><a href=\"https:\/\/agora.xtec.cat\/ies-dperramon\/wp-content\/uploads\/usu947\/2019\/12\/cartell-taula.jpg\"><img loading=\"lazy\" decoding=\"async\" class=\"size-large wp-image-4690 alignnone\" src=\"https:\/\/agora.xtec.cat\/ies-dperramon\/wp-content\/uploads\/usu947\/2019\/12\/cartell-taula-1024x724.jpg\" alt=\"\" width=\"1024\" height=\"724\" srcset=\"https:\/\/agora.xtec.cat\/ies-dperramon\/wp-content\/uploads\/usu947\/2019\/12\/cartell-taula-1024x724.jpg 1024w, https:\/\/agora.xtec.cat\/ies-dperramon\/wp-content\/uploads\/usu947\/2019\/12\/cartell-taula-300x212.jpg 300w, https:\/\/agora.xtec.cat\/ies-dperramon\/wp-content\/uploads\/usu947\/2019\/12\/cartell-taula-768x543.jpg 768w, https:\/\/agora.xtec.cat\/ies-dperramon\/wp-content\/uploads\/usu947\/2019\/12\/cartell-taula.jpg 1920w\" sizes=\"auto, (max-width: 1024px) 100vw, 1024px\" \/><\/a><\/p>\n<div dir=\"auto\"><\/div>\n","protected":false},"excerpt":{"rendered":"<p>El dilluns 9 de desembre 2019, des de l\u2019institut Dom\u00e8nec Perramon hem volgut contribuir a la commemoraci\u00f3 de l\u2019Any Internacional de la Taula Peri\u00f2dica. Ha presentat l\u2019acte el Dr Claudi Mans, Catedr\u00e0tic jubilat i professor em\u00e8rit d&#8217;Enginyeria Qu\u00edmica de la UB, autor entre altres publicacions dels llibres:La truita cremada, La vaca esf\u00e8rica, La qu\u00edmica de [&hellip;]<\/p>\n","protected":false},"author":1,"featured_media":4691,"comment_status":"open","ping_status":"closed","sticky":false,"template":"","format":"standard","meta":{"_bbp_topic_count":0,"_bbp_reply_count":0,"_bbp_total_topic_count":0,"_bbp_total_reply_count":0,"_bbp_voice_count":0,"_bbp_anonymous_reply_count":0,"_bbp_topic_count_hidden":0,"_bbp_reply_count_hidden":0,"_bbp_forum_subforum_count":0,"site-sidebar-layout":"default","site-content-layout":"","ast-site-content-layout":"","site-content-style":"default","site-sidebar-style":"default","ast-global-header-display":"","ast-banner-title-visibility":"","ast-main-header-display":"","ast-hfb-above-header-display":"","ast-hfb-below-header-display":"","ast-hfb-mobile-header-display":"","site-post-title":"","ast-breadcrumbs-content":"","ast-featured-img":"","footer-sml-layout":"","theme-transparent-header-meta":"","adv-header-id-meta":"","stick-header-meta":"","header-above-stick-meta":"","header-main-stick-meta":"","header-below-stick-meta":"","astra-migrate-meta-layouts":"default","ast-page-background-enabled":"default","ast-page-background-meta":{"desktop":{"background-color":"var(--ast-global-color-4)","background-image":"","background-repeat":"repeat","background-position":"center center","background-size":"auto","background-attachment":"scroll","background-type":"","background-media":"","overlay-type":"","overlay-color":"","overlay-opacity":"","overlay-gradient":""},"tablet":{"background-color":"","background-image":"","background-repeat":"repeat","background-position":"center center","background-size":"auto","background-attachment":"scroll","background-type":"","background-media":"","overlay-type":"","overlay-color":"","overlay-opacity":"","overlay-gradient":""},"mobile":{"background-color":"","background-image":"","background-repeat":"repeat","background-position":"center center","background-size":"auto","background-attachment":"scroll","background-type":"","background-media":"","overlay-type":"","overlay-color":"","overlay-opacity":"","overlay-gradient":""}},"ast-content-background-meta":{"desktop":{"background-color":"var(--ast-global-color-5)","background-image":"","background-repeat":"repeat","background-position":"center center","background-size":"auto","background-attachment":"scroll","background-type":"","background-media":"","overlay-type":"","overlay-color":"","overlay-opacity":"","overlay-gradient":""},"tablet":{"background-color":"var(--ast-global-color-5)","background-image":"","background-repeat":"repeat","background-position":"center center","background-size":"auto","background-attachment":"scroll","background-type":"","background-media":"","overlay-type":"","overlay-color":"","overlay-opacity":"","overlay-gradient":""},"mobile":{"background-color":"var(--ast-global-color-5)","background-image":"","background-repeat":"repeat","background-position":"center center","background-size":"auto","background-attachment":"scroll","background-type":"","background-media":"","overlay-type":"","overlay-color":"","overlay-opacity":"","overlay-gradient":""}},"footnotes":""},"categories":[169,131,144,314,134,1,29],"tags":[],"class_list":["post-4688","post","type-post","status-publish","format-standard","has-post-thumbnail","hentry","category-bloginsti","category-ciencia-i-tecnologia","category-ciencies-naturals","category-curs-2019-20","category-escola-verda","category-general","category-portada"],"post_mailing_queue_ids":[],"_links":{"self":[{"href":"https:\/\/agora.xtec.cat\/ies-dperramon\/wp-json\/wp\/v2\/posts\/4688","targetHints":{"allow":["GET"]}}],"collection":[{"href":"https:\/\/agora.xtec.cat\/ies-dperramon\/wp-json\/wp\/v2\/posts"}],"about":[{"href":"https:\/\/agora.xtec.cat\/ies-dperramon\/wp-json\/wp\/v2\/types\/post"}],"author":[{"embeddable":true,"href":"https:\/\/agora.xtec.cat\/ies-dperramon\/wp-json\/wp\/v2\/users\/1"}],"replies":[{"embeddable":true,"href":"https:\/\/agora.xtec.cat\/ies-dperramon\/wp-json\/wp\/v2\/comments?post=4688"}],"version-history":[{"count":3,"href":"https:\/\/agora.xtec.cat\/ies-dperramon\/wp-json\/wp\/v2\/posts\/4688\/revisions"}],"predecessor-version":[{"id":4773,"href":"https:\/\/agora.xtec.cat\/ies-dperramon\/wp-json\/wp\/v2\/posts\/4688\/revisions\/4773"}],"wp:featuredmedia":[{"embeddable":true,"href":"https:\/\/agora.xtec.cat\/ies-dperramon\/wp-json\/wp\/v2\/media\/4691"}],"wp:attachment":[{"href":"https:\/\/agora.xtec.cat\/ies-dperramon\/wp-json\/wp\/v2\/media?parent=4688"}],"wp:term":[{"taxonomy":"category","embeddable":true,"href":"https:\/\/agora.xtec.cat\/ies-dperramon\/wp-json\/wp\/v2\/categories?post=4688"},{"taxonomy":"post_tag","embeddable":true,"href":"https:\/\/agora.xtec.cat\/ies-dperramon\/wp-json\/wp\/v2\/tags?post=4688"}],"curies":[{"name":"wp","href":"https:\/\/api.w.org\/{rel}","templated":true}]}}