{"id":4674,"date":"2019-11-07T20:55:26","date_gmt":"2019-11-07T19:55:26","guid":{"rendered":"http:\/\/agora.xtec.cat\/ies-dperramon\/?p=4674"},"modified":"2022-07-24T02:11:46","modified_gmt":"2022-07-24T00:11:46","slug":"a-radio-arenys-de-munt-lespai-de-linstitut-2019","status":"publish","type":"post","link":"https:\/\/agora.xtec.cat\/ies-dperramon\/eso\/a-radio-arenys-de-munt-lespai-de-linstitut-2019\/","title":{"rendered":"a R\u00e0dio Arenys de Munt &#8220;L&#8217;espai de l&#8217;institut&#8221; 2019"},"content":{"rendered":"<div class=\"adn ads\" data-message-id=\"#msg-f:1649570054013246355\" data-legacy-message-id=\"16e473396d94db93\">\n<div class=\"gs\">\n<div class=\"\">\n<div id=\":14w\" class=\"ii gt\">\n<div id=\":1cs\" class=\"a3s aXjCH \">\n<div dir=\"ltr\">\n<div dir=\"ltr\">\n<p data-wp-editing=\"1\"><a href=\"https:\/\/agora.xtec.cat\/ies-dperramon\/wp-content\/uploads\/usu947\/2019\/11\/logoradioarenysdemunt.jpg\"><img loading=\"lazy\" decoding=\"async\" class=\"size-full wp-image-4681 alignleft\" src=\"https:\/\/agora.xtec.cat\/ies-dperramon\/wp-content\/uploads\/usu947\/2019\/11\/logoradioarenysdemunt.jpg\" alt=\"\" width=\"225\" height=\"225\" srcset=\"https:\/\/agora.xtec.cat\/ies-dperramon\/wp-content\/uploads\/usu947\/2019\/11\/logoradioarenysdemunt.jpg 225w, https:\/\/agora.xtec.cat\/ies-dperramon\/wp-content\/uploads\/usu947\/2019\/11\/logoradioarenysdemunt-150x150.jpg 150w\" sizes=\"auto, (max-width: 225px) 100vw, 225px\" \/><\/a>Aquesta tarda, 7 de novembre 2019, s&#8217;ha estrenat a R\u00e0dio Arenys de Munt &#8220;L&#8217;espai de l&#8217;institut&#8221;.<\/p>\n<p>El programa t\u00e9 diverses seccions: el Perramon News (not\u00edcies), la cantina (entrevistes), la cr\u00edtica (una mica de debat) i el consultori, que ser\u00e0 un concurs que farem participatiu via xarxes socials.<\/p>\n<p>Les millors respostes tindran premi: un esmorzar per a dues persones a la cantina de l&#8217;institut. Vosaltres tamb\u00e9 podreu participar \ud83d\ude09<\/p>\n<p>Tot plegat \u00e9s el resultat de la feina que fem a l&#8217;optativa &#8220;Fem r\u00e0dio&#8221;. Us passo <a href=\"https:\/\/www.ivoox.com\/l-039-espai-l-039-institut-07-11-19-audios-mp3_rf_44044901_1.html\">l&#8217;enlla\u00e7 on hi ha el programa<\/a> penjat perqu\u00e8 l&#8217;escolteu quan vulgueu.<\/p>\n<p>&nbsp;<\/p>\n<p>I de pas dir-vos que si des del vostre departament teniu not\u00edcies que voleu que surtin al programa nom\u00e9s cal que ens ho digueu \ud83d\ude42 tot i que alguns alumnes ja us vindran a buscar per fer-vos m\u00e9s entrevistes properament.<\/p>\n<p>&nbsp;<\/p>\n<p>Gr\u00e0cies per la vostra atenci\u00f3!<\/p>\n<p>&nbsp;<\/p>\n<p>M\u00edriam i els 11 alumnes de l&#8217;optativa Fem r\u00e0dio<\/p>\n<\/div>\n<\/div>\n<div class=\"adL\"><a href=\"https:\/\/agora.xtec.cat\/ies-dperramon\/wp-content\/uploads\/usu947\/2019\/11\/20191029_094301m.jpg\"><img loading=\"lazy\" decoding=\"async\" class=\"aligncenter size-large wp-image-4683\" src=\"https:\/\/agora.xtec.cat\/ies-dperramon\/wp-content\/uploads\/usu947\/2019\/11\/20191029_094301m-1024x768.jpg\" alt=\"\" width=\"1024\" height=\"768\" srcset=\"https:\/\/agora.xtec.cat\/ies-dperramon\/wp-content\/uploads\/usu947\/2019\/11\/20191029_094301m.jpg 1024w, https:\/\/agora.xtec.cat\/ies-dperramon\/wp-content\/uploads\/usu947\/2019\/11\/20191029_094301m-300x225.jpg 300w, https:\/\/agora.xtec.cat\/ies-dperramon\/wp-content\/uploads\/usu947\/2019\/11\/20191029_094301m-768x576.jpg 768w, https:\/\/agora.xtec.cat\/ies-dperramon\/wp-content\/uploads\/usu947\/2019\/11\/20191029_094301m-200x150.jpg 200w\" sizes=\"auto, (max-width: 1024px) 100vw, 1024px\" \/><\/a><\/div>\n<div><a href=\"https:\/\/agora.xtec.cat\/ies-dperramon\/wp-content\/uploads\/usu947\/2019\/11\/20191029_094315m.jpg\"><img loading=\"lazy\" decoding=\"async\" class=\"aligncenter size-large wp-image-4684\" src=\"https:\/\/agora.xtec.cat\/ies-dperramon\/wp-content\/uploads\/usu947\/2019\/11\/20191029_094315m-1024x768.jpg\" alt=\"\" width=\"1024\" height=\"768\" srcset=\"https:\/\/agora.xtec.cat\/ies-dperramon\/wp-content\/uploads\/usu947\/2019\/11\/20191029_094315m.jpg 1024w, https:\/\/agora.xtec.cat\/ies-dperramon\/wp-content\/uploads\/usu947\/2019\/11\/20191029_094315m-300x225.jpg 300w, https:\/\/agora.xtec.cat\/ies-dperramon\/wp-content\/uploads\/usu947\/2019\/11\/20191029_094315m-768x576.jpg 768w, https:\/\/agora.xtec.cat\/ies-dperramon\/wp-content\/uploads\/usu947\/2019\/11\/20191029_094315m-200x150.jpg 200w\" sizes=\"auto, (max-width: 1024px) 100vw, 1024px\" \/><\/a><\/div>\n<\/div>\n<\/div>\n<div class=\"hi\"><\/div>\n<\/div>\n<\/div>\n<div class=\"ajx\"><\/div>\n<\/div>\n<div class=\"gA gt acV\">\n<div class=\"gB xu\">\n<div class=\"ip iq\"><\/div>\n<\/div>\n<\/div>\n","protected":false},"excerpt":{"rendered":"<p>Aquesta tarda, 7 de novembre 2019, s&#8217;ha estrenat a R\u00e0dio Arenys de Munt &#8220;L&#8217;espai de l&#8217;institut&#8221;. El programa t\u00e9 diverses seccions: el Perramon News (not\u00edcies), la cantina (entrevistes), la cr\u00edtica (una mica de debat) i el consultori, que ser\u00e0 un concurs que farem participatiu via xarxes socials. Les millors respostes tindran premi: un esmorzar per [&hellip;]<\/p>\n","protected":false},"author":1,"featured_media":4682,"comment_status":"open","ping_status":"closed","sticky":false,"template":"","format":"standard","meta":{"_bbp_topic_count":0,"_bbp_reply_count":0,"_bbp_total_topic_count":0,"_bbp_total_reply_count":0,"_bbp_voice_count":0,"_bbp_anonymous_reply_count":0,"_bbp_topic_count_hidden":0,"_bbp_reply_count_hidden":0,"_bbp_forum_subforum_count":0,"site-sidebar-layout":"default","site-content-layout":"","ast-site-content-layout":"","site-content-style":"default","site-sidebar-style":"default","ast-global-header-display":"","ast-banner-title-visibility":"","ast-main-header-display":"","ast-hfb-above-header-display":"","ast-hfb-below-header-display":"","ast-hfb-mobile-header-display":"","site-post-title":"","ast-breadcrumbs-content":"","ast-featured-img":"","footer-sml-layout":"","theme-transparent-header-meta":"","adv-header-id-meta":"","stick-header-meta":"","header-above-stick-meta":"","header-main-stick-meta":"","header-below-stick-meta":"","astra-migrate-meta-layouts":"default","ast-page-background-enabled":"default","ast-page-background-meta":{"desktop":{"background-color":"var(--ast-global-color-4)","background-image":"","background-repeat":"repeat","background-position":"center center","background-size":"auto","background-attachment":"scroll","background-type":"","background-media":"","overlay-type":"","overlay-color":"","overlay-opacity":"","overlay-gradient":""},"tablet":{"background-color":"","background-image":"","background-repeat":"repeat","background-position":"center center","background-size":"auto","background-attachment":"scroll","background-type":"","background-media":"","overlay-type":"","overlay-color":"","overlay-opacity":"","overlay-gradient":""},"mobile":{"background-color":"","background-image":"","background-repeat":"repeat","background-position":"center center","background-size":"auto","background-attachment":"scroll","background-type":"","background-media":"","overlay-type":"","overlay-color":"","overlay-opacity":"","overlay-gradient":""}},"ast-content-background-meta":{"desktop":{"background-color":"var(--ast-global-color-5)","background-image":"","background-repeat":"repeat","background-position":"center center","background-size":"auto","background-attachment":"scroll","background-type":"","background-media":"","overlay-type":"","overlay-color":"","overlay-opacity":"","overlay-gradient":""},"tablet":{"background-color":"var(--ast-global-color-5)","background-image":"","background-repeat":"repeat","background-position":"center center","background-size":"auto","background-attachment":"scroll","background-type":"","background-media":"","overlay-type":"","overlay-color":"","overlay-opacity":"","overlay-gradient":""},"mobile":{"background-color":"var(--ast-global-color-5)","background-image":"","background-repeat":"repeat","background-position":"center center","background-size":"auto","background-attachment":"scroll","background-type":"","background-media":"","overlay-type":"","overlay-color":"","overlay-opacity":"","overlay-gradient":""}},"footnotes":""},"categories":[314,3,149,29,284],"tags":[],"class_list":["post-4674","post","type-post","status-publish","format-standard","has-post-thumbnail","hentry","category-curs-2019-20","category-eso","category-inici","category-portada","category-projectes"],"post_mailing_queue_ids":[],"_links":{"self":[{"href":"https:\/\/agora.xtec.cat\/ies-dperramon\/wp-json\/wp\/v2\/posts\/4674","targetHints":{"allow":["GET"]}}],"collection":[{"href":"https:\/\/agora.xtec.cat\/ies-dperramon\/wp-json\/wp\/v2\/posts"}],"about":[{"href":"https:\/\/agora.xtec.cat\/ies-dperramon\/wp-json\/wp\/v2\/types\/post"}],"author":[{"embeddable":true,"href":"https:\/\/agora.xtec.cat\/ies-dperramon\/wp-json\/wp\/v2\/users\/1"}],"replies":[{"embeddable":true,"href":"https:\/\/agora.xtec.cat\/ies-dperramon\/wp-json\/wp\/v2\/comments?post=4674"}],"version-history":[{"count":3,"href":"https:\/\/agora.xtec.cat\/ies-dperramon\/wp-json\/wp\/v2\/posts\/4674\/revisions"}],"predecessor-version":[{"id":4685,"href":"https:\/\/agora.xtec.cat\/ies-dperramon\/wp-json\/wp\/v2\/posts\/4674\/revisions\/4685"}],"wp:featuredmedia":[{"embeddable":true,"href":"https:\/\/agora.xtec.cat\/ies-dperramon\/wp-json\/wp\/v2\/media\/4682"}],"wp:attachment":[{"href":"https:\/\/agora.xtec.cat\/ies-dperramon\/wp-json\/wp\/v2\/media?parent=4674"}],"wp:term":[{"taxonomy":"category","embeddable":true,"href":"https:\/\/agora.xtec.cat\/ies-dperramon\/wp-json\/wp\/v2\/categories?post=4674"},{"taxonomy":"post_tag","embeddable":true,"href":"https:\/\/agora.xtec.cat\/ies-dperramon\/wp-json\/wp\/v2\/tags?post=4674"}],"curies":[{"name":"wp","href":"https:\/\/api.w.org\/{rel}","templated":true}]}}