{"id":4648,"date":"2019-07-23T17:39:21","date_gmt":"2019-07-23T15:39:21","guid":{"rendered":"http:\/\/agora.xtec.cat\/ies-dperramon\/?p=4648"},"modified":"2019-07-23T17:39:21","modified_gmt":"2019-07-23T15:39:21","slug":"primavera-som-escola-verda","status":"publish","type":"post","link":"https:\/\/agora.xtec.cat\/ies-dperramon\/ciencia-i-tecnologia\/primavera-som-escola-verda\/","title":{"rendered":"PRIMAVERA , SOM ESCOLA VERDA"},"content":{"rendered":"<table class=\"wp-list-table widefat fixed striped tags\">\n<tbody id=\"the-list\" data-wp-lists=\"list:tag\">\n<tr id=\"tag-134\">\n<td class=\"description column-description\" data-colname=\"Descripci\u00f3\">DILLUS 27 DE MAR\u00c7: FESTA DE LA PRIMAVERA , SOM ESCOLA VERDA<\/p>\n<p><a href=\"http:\/\/agora.xtec.cat\/ies-dperramon\/wp-content\/uploads\/usu947\/2017\/03\/cartellescolaverda.pdf\">cartellescolaverda<\/a><\/p>\n<p>Farem una sortida per l\u2019entorn d\u2019Arenys de Munt amb l\u2019ajut de voluntaris del poble que ens guiaran.<\/p>\n<p>A la tornada l\u2019AMPA ens ofereix una xocolatada. Seguidament plantarem un cirerer d\u2019en Roca i un ginkgo biloba. I per acabar hi haur\u00e0 l\u2019acte institucional amb diferents activitats d\u2019alumnes de l\u2019institut.<\/p>\n<p>\u2026\u2026\u2026\u2026\u2026\u2026\u2026\u2026\u2026\u2026\u2026\u2026\u2026\u2026\u2026\u2026\u2026\u2026\u2026\u2026\u2026\u2026\u2026\u2026\u2026\u2026\u2026\u2026\u2026\u2026\u2026\u2026\u2026\u2026\u2026\u2026\u2026\u2026\u2026\u2026\u2026\u2026\u2026\u2026\u2026\u2026\u2026\u2026\u2026\u2026\u2026\u2026\u2026\u2026<\/p>\n<p>El projecte Escola Verda segueix endavant<\/p>\n<p>Estem ja en el tercer any de formaci\u00f3 i durant el segon trimestre esdevindrem ESCOLA VERDA.<\/p>\n<p>El nostre institut est\u00e0 adherit al Programa Escoles Verdes amb el qual pretenem afrontar des de l\u2019educaci\u00f3 nous reptes i valors per a la sostenibilitat. La nostra aposta per ambientalitzar el centre planteja 3 grans objectius:<br \/>\n\u2013 Millorar els\u00a0coneixements\u00a0del medi ambient i refor\u00e7ar els\u00a0valors i les actituds\u00a0de respecte i cura envers aquest.<\/p>\n<p>\u2013\u00a0Millorar la sostenibilitat del centre, fomentant el consum responsable de recursos (aigua, energia, etc.) i minimitzant la producci\u00f3 de residus i d\u2019emissions que es generen di\u00e0riament al centre.<\/p>\n<p>\u2013 Promoure la\u00a0participaci\u00f3\u00a0i la implicaci\u00f3 activa de la comunitat educativa del centre (alumnat, professorat, personal no docent, pares i mares) en la millora del nostre entorn.<\/p>\n<p>Les professores que dirigeixen aquest projecte s\u00f3n: Agn\u00e8s Molons i Llu\u00efsa Costa.<\/td>\n<td class=\"slug column-slug\" data-colname=\"Nom curt\">es<\/td>\n<\/tr>\n<\/tbody>\n<\/table>\n","protected":false},"excerpt":{"rendered":"<p>DILLUS 27 DE MAR\u00c7: FESTA DE LA PRIMAVERA , SOM ESCOLA VERDA cartellescolaverda Farem una sortida per l\u2019entorn d\u2019Arenys de Munt amb l\u2019ajut de voluntaris del poble que ens guiaran. A la tornada l\u2019AMPA ens ofereix una xocolatada. Seguidament plantarem un cirerer d\u2019en Roca i un ginkgo biloba. I per acabar hi haur\u00e0 l\u2019acte institucional [&hellip;]<\/p>\n","protected":false},"author":129,"featured_media":0,"comment_status":"open","ping_status":"closed","sticky":false,"template":"","format":"standard","meta":{"_bbp_topic_count":0,"_bbp_reply_count":0,"_bbp_total_topic_count":0,"_bbp_total_reply_count":0,"_bbp_voice_count":0,"_bbp_anonymous_reply_count":0,"_bbp_topic_count_hidden":0,"_bbp_reply_count_hidden":0,"_bbp_forum_subforum_count":0,"site-sidebar-layout":"default","site-content-layout":"","ast-site-content-layout":"","site-content-style":"default","site-sidebar-style":"default","ast-global-header-display":"","ast-banner-title-visibility":"","ast-main-header-display":"","ast-hfb-above-header-display":"","ast-hfb-below-header-display":"","ast-hfb-mobile-header-display":"","site-post-title":"","ast-breadcrumbs-content":"","ast-featured-img":"","footer-sml-layout":"","theme-transparent-header-meta":"","adv-header-id-meta":"","stick-header-meta":"","header-above-stick-meta":"","header-main-stick-meta":"","header-below-stick-meta":"","astra-migrate-meta-layouts":"default","ast-page-background-enabled":"default","ast-page-background-meta":{"desktop":{"background-color":"var(--ast-global-color-4)","background-image":"","background-repeat":"repeat","background-position":"center center","background-size":"auto","background-attachment":"scroll","background-type":"","background-media":"","overlay-type":"","overlay-color":"","overlay-opacity":"","overlay-gradient":""},"tablet":{"background-color":"","background-image":"","background-repeat":"repeat","background-position":"center center","background-size":"auto","background-attachment":"scroll","background-type":"","background-media":"","overlay-type":"","overlay-color":"","overlay-opacity":"","overlay-gradient":""},"mobile":{"background-color":"","background-image":"","background-repeat":"repeat","background-position":"center center","background-size":"auto","background-attachment":"scroll","background-type":"","background-media":"","overlay-type":"","overlay-color":"","overlay-opacity":"","overlay-gradient":""}},"ast-content-background-meta":{"desktop":{"background-color":"var(--ast-global-color-5)","background-image":"","background-repeat":"repeat","background-position":"center center","background-size":"auto","background-attachment":"scroll","background-type":"","background-media":"","overlay-type":"","overlay-color":"","overlay-opacity":"","overlay-gradient":""},"tablet":{"background-color":"var(--ast-global-color-5)","background-image":"","background-repeat":"repeat","background-position":"center center","background-size":"auto","background-attachment":"scroll","background-type":"","background-media":"","overlay-type":"","overlay-color":"","overlay-opacity":"","overlay-gradient":""},"mobile":{"background-color":"var(--ast-global-color-5)","background-image":"","background-repeat":"repeat","background-position":"center center","background-size":"auto","background-attachment":"scroll","background-type":"","background-media":"","overlay-type":"","overlay-color":"","overlay-opacity":"","overlay-gradient":""}},"footnotes":""},"categories":[131,144,228,134,253,135],"tags":[],"class_list":["post-4648","post","type-post","status-publish","format-standard","hentry","category-ciencia-i-tecnologia","category-ciencies-naturals","category-curs-2016-17","category-escola-verda","category-escola-verda-escola-verda","category-noticies"],"post_mailing_queue_ids":[],"_links":{"self":[{"href":"https:\/\/agora.xtec.cat\/ies-dperramon\/wp-json\/wp\/v2\/posts\/4648","targetHints":{"allow":["GET"]}}],"collection":[{"href":"https:\/\/agora.xtec.cat\/ies-dperramon\/wp-json\/wp\/v2\/posts"}],"about":[{"href":"https:\/\/agora.xtec.cat\/ies-dperramon\/wp-json\/wp\/v2\/types\/post"}],"author":[{"embeddable":true,"href":"https:\/\/agora.xtec.cat\/ies-dperramon\/wp-json\/wp\/v2\/users\/129"}],"replies":[{"embeddable":true,"href":"https:\/\/agora.xtec.cat\/ies-dperramon\/wp-json\/wp\/v2\/comments?post=4648"}],"version-history":[{"count":1,"href":"https:\/\/agora.xtec.cat\/ies-dperramon\/wp-json\/wp\/v2\/posts\/4648\/revisions"}],"predecessor-version":[{"id":4649,"href":"https:\/\/agora.xtec.cat\/ies-dperramon\/wp-json\/wp\/v2\/posts\/4648\/revisions\/4649"}],"wp:attachment":[{"href":"https:\/\/agora.xtec.cat\/ies-dperramon\/wp-json\/wp\/v2\/media?parent=4648"}],"wp:term":[{"taxonomy":"category","embeddable":true,"href":"https:\/\/agora.xtec.cat\/ies-dperramon\/wp-json\/wp\/v2\/categories?post=4648"},{"taxonomy":"post_tag","embeddable":true,"href":"https:\/\/agora.xtec.cat\/ies-dperramon\/wp-json\/wp\/v2\/tags?post=4648"}],"curies":[{"name":"wp","href":"https:\/\/api.w.org\/{rel}","templated":true}]}}