{"id":4640,"date":"2019-07-23T16:57:28","date_gmt":"2019-07-23T14:57:28","guid":{"rendered":"http:\/\/agora.xtec.cat\/ies-dperramon\/?p=4640"},"modified":"2022-07-24T02:12:13","modified_gmt":"2022-07-24T00:12:13","slug":"comencament-curs-2019-20","status":"publish","type":"post","link":"https:\/\/agora.xtec.cat\/ies-dperramon\/general\/comencament-curs-2019-20\/","title":{"rendered":"Comen\u00e7ament curs 2019-20"},"content":{"rendered":"<p><a href=\"https:\/\/agora.xtec.cat\/ies-dperramon\/wp-content\/uploads\/usu947\/2019\/07\/Info1920.png\"><img loading=\"lazy\" decoding=\"async\" class=\"wp-image-4645 alignleft\" src=\"https:\/\/agora.xtec.cat\/ies-dperramon\/wp-content\/uploads\/usu947\/2019\/07\/Info1920.png\" alt=\"\" width=\"432\" height=\"409\" srcset=\"https:\/\/agora.xtec.cat\/ies-dperramon\/wp-content\/uploads\/usu947\/2019\/07\/Info1920.png 927w, https:\/\/agora.xtec.cat\/ies-dperramon\/wp-content\/uploads\/usu947\/2019\/07\/Info1920-300x284.png 300w, https:\/\/agora.xtec.cat\/ies-dperramon\/wp-content\/uploads\/usu947\/2019\/07\/Info1920-768x727.png 768w\" sizes=\"auto, (max-width: 432px) 100vw, 432px\" \/><\/a>Benvolgudes fam\u00edlies,<\/p>\n<p>Ens complau donar-vos a con\u00e8ixer les primeres informacions relacionades amb el comen\u00e7ament del curs escolar vinent 2019-2020, tal com<\/p>\n<ul>\n<li>Reunions de pares d&#8217;inici de curs d&#8217;ESO i <span class=\"hiddenSpellError\">Batxillerat\u00a0<\/span><\/li>\n<li><span class=\"hiddenSpellError\">Tria<\/span>\u00a0d&#8217;optatives de 1r, 2n i 3r d&#8217;<span class=\"hiddenSpellError\">ESO<\/span><\/li>\n<li><span class=\"hiddenSpellError\">Entrega<\/span>\u00a0de llibres de text Comercial\u00a0<span class=\"hiddenSpellError\">Girona<br \/>\n<\/span><\/li>\n<li><span class=\"hiddenSpellError\">Inici<\/span>\u00a0del nou curs 2019-<span class=\"hiddenSpellError\">2020<br \/>\n<\/span><\/li>\n<\/ul>\n<p><span class=\"hiddenSpellError\">Des<\/span>\u00a0de l&#8217;institut us desitgem que passeu un molt bon estiu.<\/p>\n<p><a href=\"https:\/\/agora.xtec.cat\/ies-dperramon\/wp-content\/uploads\/usu947\/2019\/07\/2.-Carta-info-fam-19-20calen_set.pdf\">Informacions comen\u00e7ament de curs 2019-20<\/a><\/p>\n","protected":false},"excerpt":{"rendered":"<p>Benvolgudes fam\u00edlies, Ens complau donar-vos a con\u00e8ixer les primeres informacions relacionades amb el comen\u00e7ament del curs escolar vinent 2019-2020, tal com Reunions de pares d&#8217;inici de curs d&#8217;ESO i Batxillerat\u00a0 Tria\u00a0d&#8217;optatives de 1r, 2n i 3r d&#8217;ESO Entrega\u00a0de llibres de text Comercial\u00a0Girona Inici\u00a0del nou curs 2019-2020 Des\u00a0de l&#8217;institut us desitgem que passeu un molt bon [&hellip;]<\/p>\n","protected":false},"author":1,"featured_media":4645,"comment_status":"open","ping_status":"closed","sticky":false,"template":"","format":"standard","meta":{"_bbp_topic_count":0,"_bbp_reply_count":0,"_bbp_total_topic_count":0,"_bbp_total_reply_count":0,"_bbp_voice_count":0,"_bbp_anonymous_reply_count":0,"_bbp_topic_count_hidden":0,"_bbp_reply_count_hidden":0,"_bbp_forum_subforum_count":0,"site-sidebar-layout":"default","site-content-layout":"","ast-site-content-layout":"","site-content-style":"default","site-sidebar-style":"default","ast-global-header-display":"","ast-banner-title-visibility":"","ast-main-header-display":"","ast-hfb-above-header-display":"","ast-hfb-below-header-display":"","ast-hfb-mobile-header-display":"","site-post-title":"","ast-breadcrumbs-content":"","ast-featured-img":"","footer-sml-layout":"","theme-transparent-header-meta":"","adv-header-id-meta":"","stick-header-meta":"","header-above-stick-meta":"","header-main-stick-meta":"","header-below-stick-meta":"","astra-migrate-meta-layouts":"default","ast-page-background-enabled":"default","ast-page-background-meta":{"desktop":{"background-color":"var(--ast-global-color-4)","background-image":"","background-repeat":"repeat","background-position":"center center","background-size":"auto","background-attachment":"scroll","background-type":"","background-media":"","overlay-type":"","overlay-color":"","overlay-opacity":"","overlay-gradient":""},"tablet":{"background-color":"","background-image":"","background-repeat":"repeat","background-position":"center center","background-size":"auto","background-attachment":"scroll","background-type":"","background-media":"","overlay-type":"","overlay-color":"","overlay-opacity":"","overlay-gradient":""},"mobile":{"background-color":"","background-image":"","background-repeat":"repeat","background-position":"center center","background-size":"auto","background-attachment":"scroll","background-type":"","background-media":"","overlay-type":"","overlay-color":"","overlay-opacity":"","overlay-gradient":""}},"ast-content-background-meta":{"desktop":{"background-color":"var(--ast-global-color-5)","background-image":"","background-repeat":"repeat","background-position":"center center","background-size":"auto","background-attachment":"scroll","background-type":"","background-media":"","overlay-type":"","overlay-color":"","overlay-opacity":"","overlay-gradient":""},"tablet":{"background-color":"var(--ast-global-color-5)","background-image":"","background-repeat":"repeat","background-position":"center center","background-size":"auto","background-attachment":"scroll","background-type":"","background-media":"","overlay-type":"","overlay-color":"","overlay-opacity":"","overlay-gradient":""},"mobile":{"background-color":"var(--ast-global-color-5)","background-image":"","background-repeat":"repeat","background-position":"center center","background-size":"auto","background-attachment":"scroll","background-type":"","background-media":"","overlay-type":"","overlay-color":"","overlay-opacity":"","overlay-gradient":""}},"footnotes":""},"categories":[314,3,1,29,116],"tags":[175],"class_list":["post-4640","post","type-post","status-publish","format-standard","has-post-thumbnail","hentry","category-curs-2019-20","category-eso","category-general","category-portada","category-professorat","tag-informacions-i-noticies"],"post_mailing_queue_ids":[],"_links":{"self":[{"href":"https:\/\/agora.xtec.cat\/ies-dperramon\/wp-json\/wp\/v2\/posts\/4640","targetHints":{"allow":["GET"]}}],"collection":[{"href":"https:\/\/agora.xtec.cat\/ies-dperramon\/wp-json\/wp\/v2\/posts"}],"about":[{"href":"https:\/\/agora.xtec.cat\/ies-dperramon\/wp-json\/wp\/v2\/types\/post"}],"author":[{"embeddable":true,"href":"https:\/\/agora.xtec.cat\/ies-dperramon\/wp-json\/wp\/v2\/users\/1"}],"replies":[{"embeddable":true,"href":"https:\/\/agora.xtec.cat\/ies-dperramon\/wp-json\/wp\/v2\/comments?post=4640"}],"version-history":[{"count":3,"href":"https:\/\/agora.xtec.cat\/ies-dperramon\/wp-json\/wp\/v2\/posts\/4640\/revisions"}],"predecessor-version":[{"id":4647,"href":"https:\/\/agora.xtec.cat\/ies-dperramon\/wp-json\/wp\/v2\/posts\/4640\/revisions\/4647"}],"wp:featuredmedia":[{"embeddable":true,"href":"https:\/\/agora.xtec.cat\/ies-dperramon\/wp-json\/wp\/v2\/media\/4645"}],"wp:attachment":[{"href":"https:\/\/agora.xtec.cat\/ies-dperramon\/wp-json\/wp\/v2\/media?parent=4640"}],"wp:term":[{"taxonomy":"category","embeddable":true,"href":"https:\/\/agora.xtec.cat\/ies-dperramon\/wp-json\/wp\/v2\/categories?post=4640"},{"taxonomy":"post_tag","embeddable":true,"href":"https:\/\/agora.xtec.cat\/ies-dperramon\/wp-json\/wp\/v2\/tags?post=4640"}],"curies":[{"name":"wp","href":"https:\/\/api.w.org\/{rel}","templated":true}]}}