{"id":4574,"date":"2019-05-28T22:59:45","date_gmt":"2019-05-28T20:59:45","guid":{"rendered":"http:\/\/agora.xtec.cat\/ies-dperramon\/?p=4574"},"modified":"2019-05-28T23:07:58","modified_gmt":"2019-05-28T21:07:58","slug":"2n-deso-viu-el-circ","status":"publish","type":"post","link":"https:\/\/agora.xtec.cat\/ies-dperramon\/general\/2n-deso-viu-el-circ\/","title":{"rendered":"2n d&#8217;ESO &#8211; VIU EL CIRC!"},"content":{"rendered":"<p><a href=\"https:\/\/agora.xtec.cat\/ies-dperramon\/wp-content\/uploads\/usu947\/2019\/05\/IMG_20190527_135657_835_web.jpg\"><img loading=\"lazy\" decoding=\"async\" class=\"alignnone size-large wp-image-4575\" src=\"https:\/\/agora.xtec.cat\/ies-dperramon\/wp-content\/uploads\/usu947\/2019\/05\/IMG_20190527_135657_835_web-1024x766.jpg\" alt=\"\" width=\"1024\" height=\"766\" srcset=\"https:\/\/agora.xtec.cat\/ies-dperramon\/wp-content\/uploads\/usu947\/2019\/05\/IMG_20190527_135657_835_web-1024x766.jpg 1024w, https:\/\/agora.xtec.cat\/ies-dperramon\/wp-content\/uploads\/usu947\/2019\/05\/IMG_20190527_135657_835_web-300x224.jpg 300w, https:\/\/agora.xtec.cat\/ies-dperramon\/wp-content\/uploads\/usu947\/2019\/05\/IMG_20190527_135657_835_web-768x574.jpg 768w, https:\/\/agora.xtec.cat\/ies-dperramon\/wp-content\/uploads\/usu947\/2019\/05\/IMG_20190527_135657_835_web-200x150.jpg 200w\" sizes=\"auto, (max-width: 1024px) 100vw, 1024px\" \/><\/a><\/p>\n<p>El dia 27 de maig de 2019 l\u2019alumnat de 2n d\u2019ESO de la mat\u00e8ria optativa d\u2019educaci\u00f3 f\u00edsica \u201cViu el circ!\u201d va fer un taller a l\u2019Esplai de Circ d\u2019Arenys de Munt. Els nois i les noies van desafiar la for\u00e7a de la gravetat mitjan\u00e7ant la pr\u00e0ctica d\u2019acrob\u00e0cies amb llit el\u00e0stic, la realitzaci\u00f3 d\u2019aeris amb teles i el masteler, i l\u2019execuci\u00f3 d\u2019equilibris i jocs malabars sobre objectes tals com la bola, els rul\u00b7los i el cable. Tamb\u00e9 van desenvolupar la seva creativitat, la capacitat de superaci\u00f3 personal, la responsabilitat, el comprom\u00eds, la cooperaci\u00f3, l\u2019esperit l\u00fadic i el coratge, aspectes que s\u00f3n importants pel seu desenvolupament personal i social. Felicitem l\u2019alumnat per la seva participaci\u00f3. Enhorabona! Sou uns i unes artistes!<\/p>\n<p>Agra\u00efm la col\u00b7laboraci\u00f3 de l\u2019Associaci\u00f3 Cultural Esplai de Circ d\u2019Arenys de Munt en l\u2019organitzaci\u00f3 d\u2019aquesta activitat. Moltes gr\u00e0cies!<\/p>\n<p>Professora: Inma Benedico.<\/p>\n","protected":false},"excerpt":{"rendered":"<p>El dia 27 de maig de 2019 l\u2019alumnat de 2n d\u2019ESO de la mat\u00e8ria optativa d\u2019educaci\u00f3 f\u00edsica \u201cViu el circ!\u201d va fer un taller a l\u2019Esplai de Circ d\u2019Arenys de Munt. Els nois i les noies van desafiar la for\u00e7a de la gravetat mitjan\u00e7ant la pr\u00e0ctica d\u2019acrob\u00e0cies amb llit el\u00e0stic, la realitzaci\u00f3 d\u2019aeris amb teles [&hellip;]<\/p>\n","protected":false},"author":72,"featured_media":4575,"comment_status":"open","ping_status":"closed","sticky":false,"template":"","format":"standard","meta":{"_bbp_topic_count":0,"_bbp_reply_count":0,"_bbp_total_topic_count":0,"_bbp_total_reply_count":0,"_bbp_voice_count":0,"_bbp_anonymous_reply_count":0,"_bbp_topic_count_hidden":0,"_bbp_reply_count_hidden":0,"_bbp_forum_subforum_count":0,"site-sidebar-layout":"default","site-content-layout":"","ast-site-content-layout":"","site-content-style":"default","site-sidebar-style":"default","ast-global-header-display":"","ast-banner-title-visibility":"","ast-main-header-display":"","ast-hfb-above-header-display":"","ast-hfb-below-header-display":"","ast-hfb-mobile-header-display":"","site-post-title":"","ast-breadcrumbs-content":"","ast-featured-img":"","footer-sml-layout":"","theme-transparent-header-meta":"","adv-header-id-meta":"","stick-header-meta":"","header-above-stick-meta":"","header-main-stick-meta":"","header-below-stick-meta":"","astra-migrate-meta-layouts":"default","ast-page-background-enabled":"default","ast-page-background-meta":{"desktop":{"background-color":"var(--ast-global-color-4)","background-image":"","background-repeat":"repeat","background-position":"center center","background-size":"auto","background-attachment":"scroll","background-type":"","background-media":"","overlay-type":"","overlay-color":"","overlay-opacity":"","overlay-gradient":""},"tablet":{"background-color":"","background-image":"","background-repeat":"repeat","background-position":"center center","background-size":"auto","background-attachment":"scroll","background-type":"","background-media":"","overlay-type":"","overlay-color":"","overlay-opacity":"","overlay-gradient":""},"mobile":{"background-color":"","background-image":"","background-repeat":"repeat","background-position":"center center","background-size":"auto","background-attachment":"scroll","background-type":"","background-media":"","overlay-type":"","overlay-color":"","overlay-opacity":"","overlay-gradient":""}},"ast-content-background-meta":{"desktop":{"background-color":"var(--ast-global-color-5)","background-image":"","background-repeat":"repeat","background-position":"center center","background-size":"auto","background-attachment":"scroll","background-type":"","background-media":"","overlay-type":"","overlay-color":"","overlay-opacity":"","overlay-gradient":""},"tablet":{"background-color":"var(--ast-global-color-5)","background-image":"","background-repeat":"repeat","background-position":"center center","background-size":"auto","background-attachment":"scroll","background-type":"","background-media":"","overlay-type":"","overlay-color":"","overlay-opacity":"","overlay-gradient":""},"mobile":{"background-color":"var(--ast-global-color-5)","background-image":"","background-repeat":"repeat","background-position":"center center","background-size":"auto","background-attachment":"scroll","background-type":"","background-media":"","overlay-type":"","overlay-color":"","overlay-opacity":"","overlay-gradient":""}},"footnotes":""},"categories":[169,132,133,146,14,15,16,1,29,84],"tags":[],"class_list":["post-4574","post","type-post","status-publish","format-standard","has-post-thumbnail","hentry","category-bloginsti","category-representacions-i-actes-relacionats-amb-el-mon-de-la-cultura-i-el-cinema","category-creativitat","category-educacio-fisica","category-eso-2a","category-eso-2b","category-eso-2c","category-general","category-portada","category-sortides"],"post_mailing_queue_ids":[],"_links":{"self":[{"href":"https:\/\/agora.xtec.cat\/ies-dperramon\/wp-json\/wp\/v2\/posts\/4574","targetHints":{"allow":["GET"]}}],"collection":[{"href":"https:\/\/agora.xtec.cat\/ies-dperramon\/wp-json\/wp\/v2\/posts"}],"about":[{"href":"https:\/\/agora.xtec.cat\/ies-dperramon\/wp-json\/wp\/v2\/types\/post"}],"author":[{"embeddable":true,"href":"https:\/\/agora.xtec.cat\/ies-dperramon\/wp-json\/wp\/v2\/users\/72"}],"replies":[{"embeddable":true,"href":"https:\/\/agora.xtec.cat\/ies-dperramon\/wp-json\/wp\/v2\/comments?post=4574"}],"version-history":[{"count":3,"href":"https:\/\/agora.xtec.cat\/ies-dperramon\/wp-json\/wp\/v2\/posts\/4574\/revisions"}],"predecessor-version":[{"id":4577,"href":"https:\/\/agora.xtec.cat\/ies-dperramon\/wp-json\/wp\/v2\/posts\/4574\/revisions\/4577"}],"wp:featuredmedia":[{"embeddable":true,"href":"https:\/\/agora.xtec.cat\/ies-dperramon\/wp-json\/wp\/v2\/media\/4575"}],"wp:attachment":[{"href":"https:\/\/agora.xtec.cat\/ies-dperramon\/wp-json\/wp\/v2\/media?parent=4574"}],"wp:term":[{"taxonomy":"category","embeddable":true,"href":"https:\/\/agora.xtec.cat\/ies-dperramon\/wp-json\/wp\/v2\/categories?post=4574"},{"taxonomy":"post_tag","embeddable":true,"href":"https:\/\/agora.xtec.cat\/ies-dperramon\/wp-json\/wp\/v2\/tags?post=4574"}],"curies":[{"name":"wp","href":"https:\/\/api.w.org\/{rel}","templated":true}]}}