{"id":4493,"date":"2019-02-26T10:56:28","date_gmt":"2019-02-26T09:56:28","guid":{"rendered":"http:\/\/agora.xtec.cat\/ies-dperramon\/?p=4493"},"modified":"2022-07-24T02:14:40","modified_gmt":"2022-07-24T00:14:40","slug":"jornada-portes-obertes-2019","status":"publish","type":"post","link":"https:\/\/agora.xtec.cat\/ies-dperramon\/general\/jornada-portes-obertes-2019\/","title":{"rendered":"Jornada Portes Obertes 2019"},"content":{"rendered":"<p><a href=\"https:\/\/agora.xtec.cat\/ies-dperramon\/wp-content\/uploads\/usu947\/2019\/02\/P80626-125839.png\"><img loading=\"lazy\" decoding=\"async\" class=\"aligncenter wp-image-4501\" src=\"https:\/\/agora.xtec.cat\/ies-dperramon\/wp-content\/uploads\/usu947\/2019\/02\/P80626-125839.png\" alt=\"\" width=\"594\" height=\"411\" srcset=\"https:\/\/agora.xtec.cat\/ies-dperramon\/wp-content\/uploads\/usu947\/2019\/02\/P80626-125839.png 780w, https:\/\/agora.xtec.cat\/ies-dperramon\/wp-content\/uploads\/usu947\/2019\/02\/P80626-125839-300x208.png 300w, https:\/\/agora.xtec.cat\/ies-dperramon\/wp-content\/uploads\/usu947\/2019\/02\/P80626-125839-768x532.png 768w\" sizes=\"auto, (max-width: 594px) 100vw, 594px\" \/><\/a><\/p>\n<p style=\"text-align: center;\"><strong><span style=\"color: #ff00ff;\">23 de mar\u00e7 de 2019<\/span><\/strong><\/p>\n<p>La\u00a0<strong id=\"yui_3_17_2_1_1551256986383_892\">Jornada de Portes Obertes<\/strong>\u00a0\u00e9s un esdeveniment molt especial per a l&#8217;institut i dona la possibilitat als alumnes de primaria i secundaria, als seus professors i a les seves fam\u00edlies de con\u00e8ixer de primera m\u00e0 l&#8217;oferta formativa que es proporciona, de con\u00e8ixer les aules, laboratoris i espais, aix\u00ed com tot els serveis dels que disposa.<\/p>\n<p>La jornada es dividir\u00e0 en dues parts:<\/p>\n<ul style=\"list-style-type: circle;\">\n<li>de 10:30 a 11:30 hi haur\u00e0 una xerrada introductiva per part del director, Joan Duran, al gimn\u00e0s del centre.<\/li>\n<li>de 11:30 a 13:00, visites guiades per part del professorat del centre. S&#8217;explicaran les activitats i les metodologies dels departaments de les mat\u00e8ries.<\/li>\n<\/ul>\n","protected":false},"excerpt":{"rendered":"<p>23 de mar\u00e7 de 2019 La\u00a0Jornada de Portes Obertes\u00a0\u00e9s un esdeveniment molt especial per a l&#8217;institut i dona la possibilitat als alumnes de primaria i secundaria, als seus professors i a les seves fam\u00edlies de con\u00e8ixer de primera m\u00e0 l&#8217;oferta formativa que es proporciona, de con\u00e8ixer les aules, laboratoris i espais, aix\u00ed com tot els [&hellip;]<\/p>\n","protected":false},"author":1,"featured_media":4504,"comment_status":"open","ping_status":"closed","sticky":false,"template":"","format":"standard","meta":{"_bbp_topic_count":0,"_bbp_reply_count":0,"_bbp_total_topic_count":0,"_bbp_total_reply_count":0,"_bbp_voice_count":0,"_bbp_anonymous_reply_count":0,"_bbp_topic_count_hidden":0,"_bbp_reply_count_hidden":0,"_bbp_forum_subforum_count":0,"site-sidebar-layout":"default","site-content-layout":"","ast-site-content-layout":"","site-content-style":"default","site-sidebar-style":"default","ast-global-header-display":"","ast-banner-title-visibility":"","ast-main-header-display":"","ast-hfb-above-header-display":"","ast-hfb-below-header-display":"","ast-hfb-mobile-header-display":"","site-post-title":"","ast-breadcrumbs-content":"","ast-featured-img":"","footer-sml-layout":"","theme-transparent-header-meta":"","adv-header-id-meta":"","stick-header-meta":"","header-above-stick-meta":"","header-main-stick-meta":"","header-below-stick-meta":"","astra-migrate-meta-layouts":"default","ast-page-background-enabled":"default","ast-page-background-meta":{"desktop":{"background-color":"var(--ast-global-color-4)","background-image":"","background-repeat":"repeat","background-position":"center center","background-size":"auto","background-attachment":"scroll","background-type":"","background-media":"","overlay-type":"","overlay-color":"","overlay-opacity":"","overlay-gradient":""},"tablet":{"background-color":"","background-image":"","background-repeat":"repeat","background-position":"center center","background-size":"auto","background-attachment":"scroll","background-type":"","background-media":"","overlay-type":"","overlay-color":"","overlay-opacity":"","overlay-gradient":""},"mobile":{"background-color":"","background-image":"","background-repeat":"repeat","background-position":"center center","background-size":"auto","background-attachment":"scroll","background-type":"","background-media":"","overlay-type":"","overlay-color":"","overlay-opacity":"","overlay-gradient":""}},"ast-content-background-meta":{"desktop":{"background-color":"var(--ast-global-color-5)","background-image":"","background-repeat":"repeat","background-position":"center center","background-size":"auto","background-attachment":"scroll","background-type":"","background-media":"","overlay-type":"","overlay-color":"","overlay-opacity":"","overlay-gradient":""},"tablet":{"background-color":"var(--ast-global-color-5)","background-image":"","background-repeat":"repeat","background-position":"center center","background-size":"auto","background-attachment":"scroll","background-type":"","background-media":"","overlay-type":"","overlay-color":"","overlay-opacity":"","overlay-gradient":""},"mobile":{"background-color":"var(--ast-global-color-5)","background-image":"","background-repeat":"repeat","background-position":"center center","background-size":"auto","background-attachment":"scroll","background-type":"","background-media":"","overlay-type":"","overlay-color":"","overlay-opacity":"","overlay-gradient":""}},"footnotes":""},"categories":[299,1,135,29],"tags":[],"class_list":["post-4493","post","type-post","status-publish","format-standard","has-post-thumbnail","hentry","category-curs-2018-19","category-general","category-noticies","category-portada"],"post_mailing_queue_ids":[],"_links":{"self":[{"href":"https:\/\/agora.xtec.cat\/ies-dperramon\/wp-json\/wp\/v2\/posts\/4493","targetHints":{"allow":["GET"]}}],"collection":[{"href":"https:\/\/agora.xtec.cat\/ies-dperramon\/wp-json\/wp\/v2\/posts"}],"about":[{"href":"https:\/\/agora.xtec.cat\/ies-dperramon\/wp-json\/wp\/v2\/types\/post"}],"author":[{"embeddable":true,"href":"https:\/\/agora.xtec.cat\/ies-dperramon\/wp-json\/wp\/v2\/users\/1"}],"replies":[{"embeddable":true,"href":"https:\/\/agora.xtec.cat\/ies-dperramon\/wp-json\/wp\/v2\/comments?post=4493"}],"version-history":[{"count":3,"href":"https:\/\/agora.xtec.cat\/ies-dperramon\/wp-json\/wp\/v2\/posts\/4493\/revisions"}],"predecessor-version":[{"id":4512,"href":"https:\/\/agora.xtec.cat\/ies-dperramon\/wp-json\/wp\/v2\/posts\/4493\/revisions\/4512"}],"wp:featuredmedia":[{"embeddable":true,"href":"https:\/\/agora.xtec.cat\/ies-dperramon\/wp-json\/wp\/v2\/media\/4504"}],"wp:attachment":[{"href":"https:\/\/agora.xtec.cat\/ies-dperramon\/wp-json\/wp\/v2\/media?parent=4493"}],"wp:term":[{"taxonomy":"category","embeddable":true,"href":"https:\/\/agora.xtec.cat\/ies-dperramon\/wp-json\/wp\/v2\/categories?post=4493"},{"taxonomy":"post_tag","embeddable":true,"href":"https:\/\/agora.xtec.cat\/ies-dperramon\/wp-json\/wp\/v2\/tags?post=4493"}],"curies":[{"name":"wp","href":"https:\/\/api.w.org\/{rel}","templated":true}]}}