{"id":437,"date":"2010-01-19T20:59:00","date_gmt":"2010-01-19T19:59:00","guid":{"rendered":"http:\/\/agora.xtec.cat\/ies-dperramon\/general\/sortim-a-teatre\/"},"modified":"2010-01-19T20:59:00","modified_gmt":"2010-01-19T19:59:00","slug":"sortim-a-teatre","status":"publish","type":"post","link":"https:\/\/agora.xtec.cat\/ies-dperramon\/teatre\/sortim-a-teatre\/","title":{"rendered":"Sortim a teatre!"},"content":{"rendered":"<div style=\"text-align: justify;\"><a href=\"http:\/\/www.promentrada.com\/media\/promos\/31129\/01_009_00007975\/cartell_ofi_SNS_LOGOS.jpg\" style=\"clear: left; float: left; margin-bottom: 1em; margin-right: 1em;\"><img decoding=\"async\" border=\"0\" src=\"http:\/\/www.promentrada.com\/media\/promos\/31129\/01_009_00007975\/cartell_ofi_SNS_LOGOS.jpg\" \/><\/a>El departament de Llengua Catalana i Literatura ha organitzat una nova sortida a teatre. Tenim previst assistir el dia 12 de mar\u00e7 a la representaci\u00f3 de l&#8217;obra <i>El caf\u00e8<\/i>, de Carlo Goldoni. La sortida, com sempre, \u00e9s volunt\u00e0ria i hi poden assistir alumnes, pares, amics, mares, tietes, avis, \u00e0vies, coneguts i saludats.<\/div>\n<div style=\"text-align: justify;\">Nom\u00e9s cal posar-se en contacte amb la Montse Pujol i Caimel per fer saber el nom d&#8217;entrades que es necessiten, pagar-les, i avisar que ja s&#8217;ha fet el pagament.<\/div>\n<div style=\"text-align: justify;\">El dia de la sortida cal presentar-se a la parada de l&#8217;autob\u00fas que hi ha davant de l&#8217;institut a les 7 de la tarda. La funci\u00f3 comen\u00e7a a les 9 del vespre al Teatre Romea.<\/div>\n<div style=\"text-align: justify;\">Cal dir que hi actuen algunes cares conegudes de la televisi\u00f3, com en Pere Arquillu\u00e9, en Mingo R\u00e0fols o l&#8217;\u00c0ngels Bassas.<\/div>\n<div style=\"text-align: justify;\">Aqu\u00ed en teniu el cartell i un enlla\u00e7 a la p\u00e0gina web del <a href=\"http:\/\/www.teatreromea.com\/c\/temporada.aspx?IdEx=574\">Romea<\/a><\/div>\n<div style=\"text-align: justify;\"><\/div>\n<div style=\"text-align: justify;\"><\/div>\n<div>http:\/\/domenecperramon.blogspot.com\/feeds\/posts\/default<\/div>\n","protected":false},"excerpt":{"rendered":"<p>El departament de Llengua Catalana i Literatura ha organitzat una nova sortida a teatre. Tenim previst assistir el dia 12 de mar\u00e7 a la representaci\u00f3 de l&#8217;obra El caf\u00e8, de Carlo Goldoni. La sortida, com sempre, \u00e9s volunt\u00e0ria i hi poden assistir alumnes, pares, amics, mares, tietes, avis, \u00e0vies, coneguts i saludats. Nom\u00e9s cal posar-se [&hellip;]<\/p>\n","protected":false},"author":1,"featured_media":0,"comment_status":"open","ping_status":"open","sticky":false,"template":"","format":"standard","meta":{"_bbp_topic_count":0,"_bbp_reply_count":0,"_bbp_total_topic_count":0,"_bbp_total_reply_count":0,"_bbp_voice_count":0,"_bbp_anonymous_reply_count":0,"_bbp_topic_count_hidden":0,"_bbp_reply_count_hidden":0,"_bbp_forum_subforum_count":0,"site-sidebar-layout":"default","site-content-layout":"","ast-site-content-layout":"","site-content-style":"default","site-sidebar-style":"default","ast-global-header-display":"","ast-banner-title-visibility":"","ast-main-header-display":"","ast-hfb-above-header-display":"","ast-hfb-below-header-display":"","ast-hfb-mobile-header-display":"","site-post-title":"","ast-breadcrumbs-content":"","ast-featured-img":"","footer-sml-layout":"","theme-transparent-header-meta":"","adv-header-id-meta":"","stick-header-meta":"","header-above-stick-meta":"","header-main-stick-meta":"","header-below-stick-meta":"","astra-migrate-meta-layouts":"default","ast-page-background-enabled":"default","ast-page-background-meta":{"desktop":{"background-color":"var(--ast-global-color-4)","background-image":"","background-repeat":"repeat","background-position":"center center","background-size":"auto","background-attachment":"scroll","background-type":"","background-media":"","overlay-type":"","overlay-color":"","overlay-opacity":"","overlay-gradient":""},"tablet":{"background-color":"","background-image":"","background-repeat":"repeat","background-position":"center center","background-size":"auto","background-attachment":"scroll","background-type":"","background-media":"","overlay-type":"","overlay-color":"","overlay-opacity":"","overlay-gradient":""},"mobile":{"background-color":"","background-image":"","background-repeat":"repeat","background-position":"center center","background-size":"auto","background-attachment":"scroll","background-type":"","background-media":"","overlay-type":"","overlay-color":"","overlay-opacity":"","overlay-gradient":""}},"ast-content-background-meta":{"desktop":{"background-color":"var(--ast-global-color-5)","background-image":"","background-repeat":"repeat","background-position":"center center","background-size":"auto","background-attachment":"scroll","background-type":"","background-media":"","overlay-type":"","overlay-color":"","overlay-opacity":"","overlay-gradient":""},"tablet":{"background-color":"var(--ast-global-color-5)","background-image":"","background-repeat":"repeat","background-position":"center center","background-size":"auto","background-attachment":"scroll","background-type":"","background-media":"","overlay-type":"","overlay-color":"","overlay-opacity":"","overlay-gradient":""},"mobile":{"background-color":"var(--ast-global-color-5)","background-image":"","background-repeat":"repeat","background-position":"center center","background-size":"auto","background-attachment":"scroll","background-type":"","background-media":"","overlay-type":"","overlay-color":"","overlay-opacity":"","overlay-gradient":""}},"footnotes":""},"categories":[85,84,79],"tags":[],"class_list":["post-437","post","type-post","status-publish","format-standard","hentry","category-curs-2009-10","category-sortides","category-teatre"],"post_mailing_queue_ids":[],"_links":{"self":[{"href":"https:\/\/agora.xtec.cat\/ies-dperramon\/wp-json\/wp\/v2\/posts\/437","targetHints":{"allow":["GET"]}}],"collection":[{"href":"https:\/\/agora.xtec.cat\/ies-dperramon\/wp-json\/wp\/v2\/posts"}],"about":[{"href":"https:\/\/agora.xtec.cat\/ies-dperramon\/wp-json\/wp\/v2\/types\/post"}],"author":[{"embeddable":true,"href":"https:\/\/agora.xtec.cat\/ies-dperramon\/wp-json\/wp\/v2\/users\/1"}],"replies":[{"embeddable":true,"href":"https:\/\/agora.xtec.cat\/ies-dperramon\/wp-json\/wp\/v2\/comments?post=437"}],"version-history":[{"count":0,"href":"https:\/\/agora.xtec.cat\/ies-dperramon\/wp-json\/wp\/v2\/posts\/437\/revisions"}],"wp:attachment":[{"href":"https:\/\/agora.xtec.cat\/ies-dperramon\/wp-json\/wp\/v2\/media?parent=437"}],"wp:term":[{"taxonomy":"category","embeddable":true,"href":"https:\/\/agora.xtec.cat\/ies-dperramon\/wp-json\/wp\/v2\/categories?post=437"},{"taxonomy":"post_tag","embeddable":true,"href":"https:\/\/agora.xtec.cat\/ies-dperramon\/wp-json\/wp\/v2\/tags?post=437"}],"curies":[{"name":"wp","href":"https:\/\/api.w.org\/{rel}","templated":true}]}}