{"id":4369,"date":"2019-01-21T21:06:20","date_gmt":"2019-01-21T20:06:20","guid":{"rendered":"http:\/\/agora.xtec.cat\/ies-dperramon\/?p=4369"},"modified":"2019-01-23T09:13:52","modified_gmt":"2019-01-23T08:13:52","slug":"2n-eso-sortida-viu-el-circ","status":"publish","type":"post","link":"https:\/\/agora.xtec.cat\/ies-dperramon\/eso\/eso-2\/2n-eso-sortida-viu-el-circ\/","title":{"rendered":"2n ESO &#8211; Sortida &#8220;Viu el circ!&#8221;"},"content":{"rendered":"<p><a href=\"https:\/\/agora.xtec.cat\/ies-dperramon\/wp-content\/uploads\/usu947\/2019\/01\/P1010095_web.jpg\"><img loading=\"lazy\" decoding=\"async\" class=\"size-large wp-image-4370\" src=\"https:\/\/agora.xtec.cat\/ies-dperramon\/wp-content\/uploads\/usu947\/2019\/01\/P1010095_web-1024x768.jpg\" alt=\"\" width=\"1024\" height=\"768\" srcset=\"https:\/\/agora.xtec.cat\/ies-dperramon\/wp-content\/uploads\/usu947\/2019\/01\/P1010095_web-1024x768.jpg 1024w, https:\/\/agora.xtec.cat\/ies-dperramon\/wp-content\/uploads\/usu947\/2019\/01\/P1010095_web-300x225.jpg 300w, https:\/\/agora.xtec.cat\/ies-dperramon\/wp-content\/uploads\/usu947\/2019\/01\/P1010095_web-768x576.jpg 768w, https:\/\/agora.xtec.cat\/ies-dperramon\/wp-content\/uploads\/usu947\/2019\/01\/P1010095_web-200x150.jpg 200w\" sizes=\"auto, (max-width: 1024px) 100vw, 1024px\" \/><\/a><\/p>\n<p style=\"text-align: justify;\">El dia 14 de gener de 2019 l\u2019alumnat de 2n d\u2019ESO de la mat\u00e8ria optativa d\u2019educaci\u00f3 f\u00edsica \u201cViu el circ!\u201d va fer un taller a l\u2019Esplai de Circ d\u2019Arenys de Munt. Els nois i les noies van desafiar la for\u00e7a de la gravetat mitjan\u00e7ant la pr\u00e0ctica d\u2019acrob\u00e0cies amb llit el\u00e0stic, la realitzaci\u00f3 d\u2019aeris amb teles i el masteler, i l\u2019execuci\u00f3 d\u2019equilibris i jocs malabars sobre objectes tals com la bola, els rul\u00b7los i el cable. Tamb\u00e9 van desenvolupar la seva creativitat, la capacitat de superaci\u00f3 personal, la responsabilitat, el comprom\u00eds, la cooperaci\u00f3, l\u2019esperit l\u00fadic i el coratge, aspectes que s\u00f3n importants pel seu desenvolupament personal i social. Felicitem l\u2019alumnat per la seva participaci\u00f3. Enhorabona! Sou uns i unes artistes!<br \/>\nProfessora: Inma Benedico.<\/p>\n","protected":false},"excerpt":{"rendered":"<p>El dia 14 de gener de 2019 l\u2019alumnat de 2n d\u2019ESO de la mat\u00e8ria optativa d\u2019educaci\u00f3 f\u00edsica \u201cViu el circ!\u201d va fer un taller a l\u2019Esplai de Circ d\u2019Arenys de Munt. Els nois i les noies van desafiar la for\u00e7a de la gravetat mitjan\u00e7ant la pr\u00e0ctica d\u2019acrob\u00e0cies amb llit el\u00e0stic, la realitzaci\u00f3 d\u2019aeris amb teles [&hellip;]<\/p>\n","protected":false},"author":72,"featured_media":4370,"comment_status":"open","ping_status":"closed","sticky":false,"template":"","format":"standard","meta":{"_bbp_topic_count":0,"_bbp_reply_count":0,"_bbp_total_topic_count":0,"_bbp_total_reply_count":0,"_bbp_voice_count":0,"_bbp_anonymous_reply_count":0,"_bbp_topic_count_hidden":0,"_bbp_reply_count_hidden":0,"_bbp_forum_subforum_count":0,"site-sidebar-layout":"default","site-content-layout":"","ast-site-content-layout":"","site-content-style":"default","site-sidebar-style":"default","ast-global-header-display":"","ast-banner-title-visibility":"","ast-main-header-display":"","ast-hfb-above-header-display":"","ast-hfb-below-header-display":"","ast-hfb-mobile-header-display":"","site-post-title":"","ast-breadcrumbs-content":"","ast-featured-img":"","footer-sml-layout":"","theme-transparent-header-meta":"","adv-header-id-meta":"","stick-header-meta":"","header-above-stick-meta":"","header-main-stick-meta":"","header-below-stick-meta":"","astra-migrate-meta-layouts":"default","ast-page-background-enabled":"default","ast-page-background-meta":{"desktop":{"background-color":"var(--ast-global-color-4)","background-image":"","background-repeat":"repeat","background-position":"center center","background-size":"auto","background-attachment":"scroll","background-type":"","background-media":"","overlay-type":"","overlay-color":"","overlay-opacity":"","overlay-gradient":""},"tablet":{"background-color":"","background-image":"","background-repeat":"repeat","background-position":"center center","background-size":"auto","background-attachment":"scroll","background-type":"","background-media":"","overlay-type":"","overlay-color":"","overlay-opacity":"","overlay-gradient":""},"mobile":{"background-color":"","background-image":"","background-repeat":"repeat","background-position":"center center","background-size":"auto","background-attachment":"scroll","background-type":"","background-media":"","overlay-type":"","overlay-color":"","overlay-opacity":"","overlay-gradient":""}},"ast-content-background-meta":{"desktop":{"background-color":"var(--ast-global-color-5)","background-image":"","background-repeat":"repeat","background-position":"center center","background-size":"auto","background-attachment":"scroll","background-type":"","background-media":"","overlay-type":"","overlay-color":"","overlay-opacity":"","overlay-gradient":""},"tablet":{"background-color":"var(--ast-global-color-5)","background-image":"","background-repeat":"repeat","background-position":"center center","background-size":"auto","background-attachment":"scroll","background-type":"","background-media":"","overlay-type":"","overlay-color":"","overlay-opacity":"","overlay-gradient":""},"mobile":{"background-color":"var(--ast-global-color-5)","background-image":"","background-repeat":"repeat","background-position":"center center","background-size":"auto","background-attachment":"scroll","background-type":"","background-media":"","overlay-type":"","overlay-color":"","overlay-opacity":"","overlay-gradient":""}},"footnotes":""},"categories":[169,133,299,146,5,29,84],"tags":[],"class_list":["post-4369","post","type-post","status-publish","format-standard","has-post-thumbnail","hentry","category-bloginsti","category-creativitat","category-curs-2018-19","category-educacio-fisica","category-eso-2","category-portada","category-sortides"],"post_mailing_queue_ids":[],"_links":{"self":[{"href":"https:\/\/agora.xtec.cat\/ies-dperramon\/wp-json\/wp\/v2\/posts\/4369","targetHints":{"allow":["GET"]}}],"collection":[{"href":"https:\/\/agora.xtec.cat\/ies-dperramon\/wp-json\/wp\/v2\/posts"}],"about":[{"href":"https:\/\/agora.xtec.cat\/ies-dperramon\/wp-json\/wp\/v2\/types\/post"}],"author":[{"embeddable":true,"href":"https:\/\/agora.xtec.cat\/ies-dperramon\/wp-json\/wp\/v2\/users\/72"}],"replies":[{"embeddable":true,"href":"https:\/\/agora.xtec.cat\/ies-dperramon\/wp-json\/wp\/v2\/comments?post=4369"}],"version-history":[{"count":3,"href":"https:\/\/agora.xtec.cat\/ies-dperramon\/wp-json\/wp\/v2\/posts\/4369\/revisions"}],"predecessor-version":[{"id":4372,"href":"https:\/\/agora.xtec.cat\/ies-dperramon\/wp-json\/wp\/v2\/posts\/4369\/revisions\/4372"}],"wp:featuredmedia":[{"embeddable":true,"href":"https:\/\/agora.xtec.cat\/ies-dperramon\/wp-json\/wp\/v2\/media\/4370"}],"wp:attachment":[{"href":"https:\/\/agora.xtec.cat\/ies-dperramon\/wp-json\/wp\/v2\/media?parent=4369"}],"wp:term":[{"taxonomy":"category","embeddable":true,"href":"https:\/\/agora.xtec.cat\/ies-dperramon\/wp-json\/wp\/v2\/categories?post=4369"},{"taxonomy":"post_tag","embeddable":true,"href":"https:\/\/agora.xtec.cat\/ies-dperramon\/wp-json\/wp\/v2\/tags?post=4369"}],"curies":[{"name":"wp","href":"https:\/\/api.w.org\/{rel}","templated":true}]}}