{"id":422,"date":"2010-03-22T21:49:00","date_gmt":"2010-03-22T20:49:00","guid":{"rendered":"http:\/\/agora.xtec.cat\/ies-dperramon\/general\/programa-de-radio-en-frances\/"},"modified":"2010-03-22T21:49:00","modified_gmt":"2010-03-22T20:49:00","slug":"programa-de-radio-en-frances","status":"publish","type":"post","link":"https:\/\/agora.xtec.cat\/ies-dperramon\/general\/programa-de-radio-en-frances\/","title":{"rendered":"Programa de r\u00e0dio en franc\u00e8s"},"content":{"rendered":"<p>La professora de franc\u00e8s, l&#8217;Estela Albesa, m&#8217;ha fet arribar una not\u00edcia sobre el Festival de teatre que se celebra a l&#8217;institut Vicen\u00e7 Plantada de Mollet del vall\u00e8s. L&#8217;Estela ha promogut un programa de r\u00e0dio entre els seus alumnes d&#8217;idioma. Aqu\u00ed en teniu la ressenya.<\/p>\n<div style=\"text-align: justify;\"><\/div>\n<p><span style=\"border-collapse: collapse; font-family: 'times new roman', 'new york', times, serif; font-size: 16px;\"><\/span><\/p>\n<blockquote type=\"cite\">\n<div style=\"font-family: 'times new roman', 'new york', times, serif; font-size: 14pt;\">\n<div style=\"font-family: 'times new roman', 'new york', times, serif; font-size: 14pt;\">\n<div style=\"font-family: 'times new roman', 'new york', times, serif; font-size: 12pt;\">\n<blockquote style=\"border-left-color: rgb(204, 204, 204); border-left-style: solid; border-left-width: 1px; margin-bottom: 0pt; margin-left: 0.8ex; margin-right: 0pt; margin-top: 0pt; padding-left: 1ex;\">\n<div style=\"text-align: justify;\"><a href=\"http:\/\/crpvallesoriental2.files.wordpress.com\/2010\/03\/theatremasks.jpg\" rel=\"nofollow\" style=\"color: #336633;\" target=\"_blank\"><img loading=\"lazy\" decoding=\"async\" alt=\"\" height=\"40\" src=\"http:\/\/crpvallesoriental2.files.wordpress.com\/2010\/03\/theatremasks.jpg\" title=\"theatremasks\" width=\"89\" \/><\/a>Chaque ann\u00e9e, l&#8217;<a href=\"http:\/\/www.xtec.es\/centres\/a8021600\/\" rel=\"nofollow\" style=\"color: #336633;\" target=\"_blank\">Institut Vicen\u00e7 Plantada<\/a>&nbsp;de&nbsp; Mollet del Vall\u00e8s organise le&nbsp;<a href=\"http:\/\/blocs.xtec.cat\/iesvplantada\/\" rel=\"nofollow\" style=\"color: #336633;\" target=\"_blank\">Festival International de Th\u00e9\u00e2tre Jeune Francophone<\/a>. Cette ann\u00e9e on c\u00e9l\u00e9bre la dixi\u00e8me \u00e9dition et ils participent dans une&nbsp;<a href=\"http:\/\/www.gencat.cat\/educacio\/ComeniusRegio\/\" rel=\"nofollow\" style=\"color: #336633;\" target=\"_blank\">Comenius Regio<\/a>.<\/div>\n<div style=\"text-align: justify;\">Nous vous recommandons de regarder le bon travail effectu\u00e9 sur les liens suivants:<\/div>\n<ul>\n<li style=\"margin-left: 15px; text-align: justify;\"><a href=\"http:\/\/www.edu3.cat\/Edu3tv\/Fitxa?p_id=39931\" rel=\"nofollow\" style=\"color: #336633;\" target=\"_blank\">Vid\u00e9o de pr\u00e9sentation du Festival<\/a>. N\u00faria Blaj\u00e9 nous explique comment tout a commenc\u00e9.<\/li>\n<li style=\"margin-left: 15px; text-align: justify;\"><a href=\"http:\/\/blocs.xtec.cat\/iesvplantada\/\" rel=\"nofollow\" style=\"color: #336633;\" target=\"_blank\">Blog du Festival<\/a>. Vous y trouverez la chanson du Festival, \u00e9crite par N\u00faria Blaj\u00e9 et Anna Alonso et compos\u00e9 par David G\u00e8s.<\/li>\n<li style=\"margin-left: 15px; text-align: justify;\">\u00c9dition 2009 (<a href=\"http:\/\/www.teachertube.com\/viewVideo.php?video_id=158828&amp;title=9__me_Festival&amp;ref=A8930014\" rel=\"nofollow\" style=\"color: #336633;\" target=\"_blank\">Partie I<\/a>&nbsp;\/&nbsp;&nbsp;<a href=\"http:\/\/www.teachertube.com\/viewVideo.php?video_id=158832&amp;title=9__me_Festival_II&amp;ref=A8930014\" rel=\"nofollow\" style=\"color: #336633;\" target=\"_blank\">Partie II<\/a>).<\/li>\n<\/ul>\n<div style=\"text-align: justify;\"><a href=\"http:\/\/crpvallesoriental2.files.wordpress.com\/2010\/03\/onair.jpg\" rel=\"nofollow\" style=\"color: #336633;\" target=\"_blank\"><img loading=\"lazy\" decoding=\"async\" alt=\"\" height=\"48\" src=\"http:\/\/crpvallesoriental2.files.wordpress.com\/2010\/03\/onair.jpg\" title=\"onair\" width=\"69\" \/><\/a>Cette ann\u00e9e, un groupe d&#8217;\u00e9tudiants de fran\u00e7ais du lyc\u00e9e&nbsp;<a href=\"http:\/\/www.xtec.es\/centres\/a8034187\/\" rel=\"nofollow\" style=\"color: #336633;\" target=\"_blank\">Institut Dom\u00e8nec Perramon<\/a>&nbsp;du village d&#8217;Arenys de Munt, dirig\u00e9es par la professeure&nbsp;<span style=\"background-attachment: initial; background-clip: initial; background-color: #dbf0fa; background-image: initial; background-origin: initial;\">Estela<\/span>&nbsp;Albesa, ont collabor\u00e9 \u00e0 la diffusion du Festival. Ils ont fait une \u00e9mission de radio \u00e0 partir des informations recueillies dans les questionnaires que ont \u00e9t\u00e9 accomplies par des troupes scolaires invit\u00e9s \u00e0 la dixi\u00e8me \u00e9dition. Un travail de collaboration qui franchit les fronti\u00e8res.<a href=\"http:\/\/www.goear.com\/listen\/fbce762\/festival-teatre-2010-\" rel=\"nofollow\" style=\"color: #336633;\" target=\"_blank\">&nbsp;Cliquez ici&nbsp;<\/a>pour \u00e9couter ce projet.<\/div>\n<\/blockquote>\n<\/div>\n<\/div>\n<\/div>\n<\/blockquote>\n<div>\n<div style=\"font-family: 'times new roman', 'new york', times, serif; font-size: 14pt;\">\n<div style=\"font-family: 'times new roman', 'new york', times, serif; font-size: 14pt;\">\n<div style=\"font-family: 'times new roman', 'new york', times, serif; font-size: 12pt;\">\n<blockquote style=\"border-left-color: rgb(204, 204, 204); border-left-style: solid; border-left-width: 1px; margin-bottom: 0pt; margin-left: 0.8ex; margin-right: 0pt; margin-top: 0pt; padding-left: 1ex;\">\n<div style=\"text-align: justify;\"><\/div>\n<\/blockquote>\n<p><object width=\"353\" height=\"132\"><embed src=\"http:\/\/www.goear.com\/files\/external.swf?file=fbce762\" type=\"application\/x-shockwave-flash\" wmode=\"transparent\" quality=\"high\" width=\"353\" height=\"132\"><\/embed><\/object><\/div>\n<\/div>\n<\/div>\n<\/div>\n<div>http:\/\/domenecperramon.blogspot.com\/feeds\/posts\/default<\/div>\n","protected":false},"excerpt":{"rendered":"<p>La professora de franc\u00e8s, l&#8217;Estela Albesa, m&#8217;ha fet arribar una not\u00edcia sobre el Festival de teatre que se celebra a l&#8217;institut Vicen\u00e7 Plantada de Mollet del vall\u00e8s. L&#8217;Estela ha promogut un programa de r\u00e0dio entre els seus alumnes d&#8217;idioma. Aqu\u00ed en teniu la ressenya. Chaque ann\u00e9e, l&#8217;Institut Vicen\u00e7 Plantada&nbsp;de&nbsp; Mollet del Vall\u00e8s organise le&nbsp;Festival International [&hellip;]<\/p>\n","protected":false},"author":1,"featured_media":0,"comment_status":"open","ping_status":"open","sticky":false,"template":"","format":"standard","meta":{"_bbp_topic_count":0,"_bbp_reply_count":0,"_bbp_total_topic_count":0,"_bbp_total_reply_count":0,"_bbp_voice_count":0,"_bbp_anonymous_reply_count":0,"_bbp_topic_count_hidden":0,"_bbp_reply_count_hidden":0,"_bbp_forum_subforum_count":0,"site-sidebar-layout":"default","site-content-layout":"","ast-site-content-layout":"","site-content-style":"default","site-sidebar-style":"default","ast-global-header-display":"","ast-banner-title-visibility":"","ast-main-header-display":"","ast-hfb-above-header-display":"","ast-hfb-below-header-display":"","ast-hfb-mobile-header-display":"","site-post-title":"","ast-breadcrumbs-content":"","ast-featured-img":"","footer-sml-layout":"","theme-transparent-header-meta":"","adv-header-id-meta":"","stick-header-meta":"","header-above-stick-meta":"","header-main-stick-meta":"","header-below-stick-meta":"","astra-migrate-meta-layouts":"default","ast-page-background-enabled":"default","ast-page-background-meta":{"desktop":{"background-color":"var(--ast-global-color-4)","background-image":"","background-repeat":"repeat","background-position":"center center","background-size":"auto","background-attachment":"scroll","background-type":"","background-media":"","overlay-type":"","overlay-color":"","overlay-opacity":"","overlay-gradient":""},"tablet":{"background-color":"","background-image":"","background-repeat":"repeat","background-position":"center center","background-size":"auto","background-attachment":"scroll","background-type":"","background-media":"","overlay-type":"","overlay-color":"","overlay-opacity":"","overlay-gradient":""},"mobile":{"background-color":"","background-image":"","background-repeat":"repeat","background-position":"center center","background-size":"auto","background-attachment":"scroll","background-type":"","background-media":"","overlay-type":"","overlay-color":"","overlay-opacity":"","overlay-gradient":""}},"ast-content-background-meta":{"desktop":{"background-color":"var(--ast-global-color-5)","background-image":"","background-repeat":"repeat","background-position":"center center","background-size":"auto","background-attachment":"scroll","background-type":"","background-media":"","overlay-type":"","overlay-color":"","overlay-opacity":"","overlay-gradient":""},"tablet":{"background-color":"var(--ast-global-color-5)","background-image":"","background-repeat":"repeat","background-position":"center center","background-size":"auto","background-attachment":"scroll","background-type":"","background-media":"","overlay-type":"","overlay-color":"","overlay-opacity":"","overlay-gradient":""},"mobile":{"background-color":"var(--ast-global-color-5)","background-image":"","background-repeat":"repeat","background-position":"center center","background-size":"auto","background-attachment":"scroll","background-type":"","background-media":"","overlay-type":"","overlay-color":"","overlay-opacity":"","overlay-gradient":""}},"footnotes":""},"categories":[1],"tags":[],"class_list":["post-422","post","type-post","status-publish","format-standard","hentry","category-general"],"post_mailing_queue_ids":[],"_links":{"self":[{"href":"https:\/\/agora.xtec.cat\/ies-dperramon\/wp-json\/wp\/v2\/posts\/422","targetHints":{"allow":["GET"]}}],"collection":[{"href":"https:\/\/agora.xtec.cat\/ies-dperramon\/wp-json\/wp\/v2\/posts"}],"about":[{"href":"https:\/\/agora.xtec.cat\/ies-dperramon\/wp-json\/wp\/v2\/types\/post"}],"author":[{"embeddable":true,"href":"https:\/\/agora.xtec.cat\/ies-dperramon\/wp-json\/wp\/v2\/users\/1"}],"replies":[{"embeddable":true,"href":"https:\/\/agora.xtec.cat\/ies-dperramon\/wp-json\/wp\/v2\/comments?post=422"}],"version-history":[{"count":0,"href":"https:\/\/agora.xtec.cat\/ies-dperramon\/wp-json\/wp\/v2\/posts\/422\/revisions"}],"wp:attachment":[{"href":"https:\/\/agora.xtec.cat\/ies-dperramon\/wp-json\/wp\/v2\/media?parent=422"}],"wp:term":[{"taxonomy":"category","embeddable":true,"href":"https:\/\/agora.xtec.cat\/ies-dperramon\/wp-json\/wp\/v2\/categories?post=422"},{"taxonomy":"post_tag","embeddable":true,"href":"https:\/\/agora.xtec.cat\/ies-dperramon\/wp-json\/wp\/v2\/tags?post=422"}],"curies":[{"name":"wp","href":"https:\/\/api.w.org\/{rel}","templated":true}]}}