{"id":401,"date":"2011-03-16T11:29:00","date_gmt":"2011-03-16T10:29:00","guid":{"rendered":"http:\/\/agora.xtec.cat\/ies-dperramon\/general\/401\/"},"modified":"2011-03-16T11:29:00","modified_gmt":"2011-03-16T10:29:00","slug":"401","status":"publish","type":"post","link":"https:\/\/agora.xtec.cat\/ies-dperramon\/teatre\/401\/","title":{"rendered":""},"content":{"rendered":"<p>Aviat se celebrar\u00e0 la XI edici\u00f3 del Festival International de Th\u00e9\u00e2tre Jeune Francophone de Mollet del Vall\u00e8s. El nostre institut col.labora, com cada any, en aquest projecte Comenius Regio de la Uni\u00f3 Europea \u201cFaisons du th\u00e9\u00e2tre, traversons des fronti\u00e8res \u00bb.<br \/>Aquest any hem col.laborat amb dues activitats :<\/p>\n<p>Alumnes de 1r de Batxillerat han elaborat un programa de r\u00e0dio la finalitat del qual \u00e9s fer la difusi\u00f3 de l\u2019esmentat festival. Aquest programa apareix com enlla\u00e7 al bloc del Festival de l\u2019<a href=\"http:\/\/www.xtec.es\/centres\/a8021600\/\">INS Vicen\u00e7 Plantada<\/a>.<\/p>\n<p>Aqu\u00ed en teniu una mostra:<\/p>\n<p>Els alumnes de 4t d\u2019ESO representaran el dimarts 22 de mar\u00e7 quatre esquetxos, que porten per t\u00edtol \u201cLes m\u00f4mes\u201d, que han estat assajant aquest darrer trimestre.<\/p>\n<p><object data=\"http:\/\/s3.amazonaws.com\/yourlistenAudio\/embed.swf\" height=\"55\" type=\"application\/x-shockwave-flash\" width=\"310\"><param name=\"movie\" value=\"http:\/\/s3.amazonaws.com\/yourlistenAudio\/embed.swf\"><param name=\"FlashVars\" value=\"playerID=1&#038;soundfile=http%3A%2F%2Fdetolcwsksece.cloudfront.net%2F85692.mp3\"><param name=\"quality\" value=\"high\"><param name=\"menu\" value=\"false\"><param name=\"wmode\" value=\"transparent\"><\/object><\/p>\n<div>http:\/\/domenecperramon.blogspot.com\/feeds\/posts\/default<\/div>\n","protected":false},"excerpt":{"rendered":"<p>Aviat se celebrar\u00e0 la XI edici\u00f3 del Festival International de Th\u00e9\u00e2tre Jeune Francophone de Mollet del Vall\u00e8s. El nostre institut col.labora, com cada any, en aquest projecte Comenius Regio de la Uni\u00f3 Europea \u201cFaisons du th\u00e9\u00e2tre, traversons des fronti\u00e8res \u00bb.Aquest any hem col.laborat amb dues activitats : Alumnes de 1r de Batxillerat han elaborat un [&hellip;]<\/p>\n","protected":false},"author":1,"featured_media":0,"comment_status":"open","ping_status":"open","sticky":false,"template":"","format":"standard","meta":{"_bbp_topic_count":0,"_bbp_reply_count":0,"_bbp_total_topic_count":0,"_bbp_total_reply_count":0,"_bbp_voice_count":0,"_bbp_anonymous_reply_count":0,"_bbp_topic_count_hidden":0,"_bbp_reply_count_hidden":0,"_bbp_forum_subforum_count":0,"site-sidebar-layout":"default","site-content-layout":"","ast-site-content-layout":"","site-content-style":"default","site-sidebar-style":"default","ast-global-header-display":"","ast-banner-title-visibility":"","ast-main-header-display":"","ast-hfb-above-header-display":"","ast-hfb-below-header-display":"","ast-hfb-mobile-header-display":"","site-post-title":"","ast-breadcrumbs-content":"","ast-featured-img":"","footer-sml-layout":"","theme-transparent-header-meta":"","adv-header-id-meta":"","stick-header-meta":"","header-above-stick-meta":"","header-main-stick-meta":"","header-below-stick-meta":"","astra-migrate-meta-layouts":"default","ast-page-background-enabled":"default","ast-page-background-meta":{"desktop":{"background-color":"var(--ast-global-color-4)","background-image":"","background-repeat":"repeat","background-position":"center center","background-size":"auto","background-attachment":"scroll","background-type":"","background-media":"","overlay-type":"","overlay-color":"","overlay-opacity":"","overlay-gradient":""},"tablet":{"background-color":"","background-image":"","background-repeat":"repeat","background-position":"center center","background-size":"auto","background-attachment":"scroll","background-type":"","background-media":"","overlay-type":"","overlay-color":"","overlay-opacity":"","overlay-gradient":""},"mobile":{"background-color":"","background-image":"","background-repeat":"repeat","background-position":"center center","background-size":"auto","background-attachment":"scroll","background-type":"","background-media":"","overlay-type":"","overlay-color":"","overlay-opacity":"","overlay-gradient":""}},"ast-content-background-meta":{"desktop":{"background-color":"var(--ast-global-color-5)","background-image":"","background-repeat":"repeat","background-position":"center center","background-size":"auto","background-attachment":"scroll","background-type":"","background-media":"","overlay-type":"","overlay-color":"","overlay-opacity":"","overlay-gradient":""},"tablet":{"background-color":"var(--ast-global-color-5)","background-image":"","background-repeat":"repeat","background-position":"center center","background-size":"auto","background-attachment":"scroll","background-type":"","background-media":"","overlay-type":"","overlay-color":"","overlay-opacity":"","overlay-gradient":""},"mobile":{"background-color":"var(--ast-global-color-5)","background-image":"","background-repeat":"repeat","background-position":"center center","background-size":"auto","background-attachment":"scroll","background-type":"","background-media":"","overlay-type":"","overlay-color":"","overlay-opacity":"","overlay-gradient":""}},"footnotes":""},"categories":[79],"tags":[],"class_list":["post-401","post","type-post","status-publish","format-standard","hentry","category-teatre"],"post_mailing_queue_ids":[],"_links":{"self":[{"href":"https:\/\/agora.xtec.cat\/ies-dperramon\/wp-json\/wp\/v2\/posts\/401","targetHints":{"allow":["GET"]}}],"collection":[{"href":"https:\/\/agora.xtec.cat\/ies-dperramon\/wp-json\/wp\/v2\/posts"}],"about":[{"href":"https:\/\/agora.xtec.cat\/ies-dperramon\/wp-json\/wp\/v2\/types\/post"}],"author":[{"embeddable":true,"href":"https:\/\/agora.xtec.cat\/ies-dperramon\/wp-json\/wp\/v2\/users\/1"}],"replies":[{"embeddable":true,"href":"https:\/\/agora.xtec.cat\/ies-dperramon\/wp-json\/wp\/v2\/comments?post=401"}],"version-history":[{"count":0,"href":"https:\/\/agora.xtec.cat\/ies-dperramon\/wp-json\/wp\/v2\/posts\/401\/revisions"}],"wp:attachment":[{"href":"https:\/\/agora.xtec.cat\/ies-dperramon\/wp-json\/wp\/v2\/media?parent=401"}],"wp:term":[{"taxonomy":"category","embeddable":true,"href":"https:\/\/agora.xtec.cat\/ies-dperramon\/wp-json\/wp\/v2\/categories?post=401"},{"taxonomy":"post_tag","embeddable":true,"href":"https:\/\/agora.xtec.cat\/ies-dperramon\/wp-json\/wp\/v2\/tags?post=401"}],"curies":[{"name":"wp","href":"https:\/\/api.w.org\/{rel}","templated":true}]}}