{"id":3623,"date":"2017-10-27T11:59:11","date_gmt":"2017-10-27T09:59:11","guid":{"rendered":"http:\/\/agora.xtec.cat\/ies-dperramon\/?p=3623"},"modified":"2017-10-27T11:59:11","modified_gmt":"2017-10-27T09:59:11","slug":"presentacio-nou-equip-descola-verda","status":"publish","type":"post","link":"https:\/\/agora.xtec.cat\/ies-dperramon\/portada\/presentacio-nou-equip-descola-verda\/","title":{"rendered":"PRESENTACI\u00d3 NOU EQUIP D&#8217;ESCOLA VERDA"},"content":{"rendered":"<p>Benvolguda comunitat educativa!<\/p>\n<p>Us presentem el nou equip d\u2019Escola Verda d\u2019aquest curs 2017-2018, format per la Laia Duran (Coordinadora), Neus Teixid\u00f3 i Montse Pujol. Conjuntament amb tot el Comit\u00e8 ambiental i la comunitat educativa,\u00a0ens embarcarem en aconseguir amb \u00e8xit els seg\u00fcents objectius:<\/p>\n<ul>\n<li>Millorar la sostenibilitat del centre, a partir d\u2019optimitzar i fer m\u00e9s responsable el consum de recursos (aigua, energia, etc.) i la producci\u00f3 de residus i emissions que es generen en el dia a dia a l\u2019escola.<\/li>\n<li>Millorar els coneixements de tota la comunitat educativa, especialment l\u2019alumnat, en aspectes relacionats amb el medi ambient i el desenvolupament sostenible.<\/li>\n<li>Refor\u00e7ar positivament els valors i les actituds de respecte i cura envers el medi ambient, aix\u00ed com els vincles de participaci\u00f3 i cohesi\u00f3 social a la comunitat educativa.<\/li>\n<\/ul>\n<p><img decoding=\"async\" class=\"aligncenter\" src=\"https:\/\/encrypted-tbn0.gstatic.com\/images?q=tbn:ANd9GcSpEpbU6qN5KDDrF8cfVoboMQEf7qkA4LXHQZxjfv4rLzv6zFQ1cg\" alt=\"Resultat d'imatges de distintiu escola verda 2017\" \/><\/p>\n","protected":false},"excerpt":{"rendered":"<p>Benvolguda comunitat educativa! Us presentem el nou equip d\u2019Escola Verda d\u2019aquest curs 2017-2018, format per la Laia Duran (Coordinadora), Neus Teixid\u00f3 i Montse Pujol. Conjuntament amb tot el Comit\u00e8 ambiental i la comunitat educativa,\u00a0ens embarcarem en aconseguir amb \u00e8xit els seg\u00fcents objectius: Millorar la sostenibilitat del centre, a partir d\u2019optimitzar i fer m\u00e9s responsable el [&hellip;]<\/p>\n","protected":false},"author":173,"featured_media":3624,"comment_status":"open","ping_status":"closed","sticky":false,"template":"","format":"standard","meta":{"_bbp_topic_count":0,"_bbp_reply_count":0,"_bbp_total_topic_count":0,"_bbp_total_reply_count":0,"_bbp_voice_count":0,"_bbp_anonymous_reply_count":0,"_bbp_topic_count_hidden":0,"_bbp_reply_count_hidden":0,"_bbp_forum_subforum_count":0,"site-sidebar-layout":"default","site-content-layout":"","ast-site-content-layout":"","site-content-style":"default","site-sidebar-style":"default","ast-global-header-display":"","ast-banner-title-visibility":"","ast-main-header-display":"","ast-hfb-above-header-display":"","ast-hfb-below-header-display":"","ast-hfb-mobile-header-display":"","site-post-title":"","ast-breadcrumbs-content":"","ast-featured-img":"","footer-sml-layout":"","theme-transparent-header-meta":"","adv-header-id-meta":"","stick-header-meta":"","header-above-stick-meta":"","header-main-stick-meta":"","header-below-stick-meta":"","astra-migrate-meta-layouts":"default","ast-page-background-enabled":"default","ast-page-background-meta":{"desktop":{"background-color":"var(--ast-global-color-4)","background-image":"","background-repeat":"repeat","background-position":"center center","background-size":"auto","background-attachment":"scroll","background-type":"","background-media":"","overlay-type":"","overlay-color":"","overlay-opacity":"","overlay-gradient":""},"tablet":{"background-color":"","background-image":"","background-repeat":"repeat","background-position":"center center","background-size":"auto","background-attachment":"scroll","background-type":"","background-media":"","overlay-type":"","overlay-color":"","overlay-opacity":"","overlay-gradient":""},"mobile":{"background-color":"","background-image":"","background-repeat":"repeat","background-position":"center center","background-size":"auto","background-attachment":"scroll","background-type":"","background-media":"","overlay-type":"","overlay-color":"","overlay-opacity":"","overlay-gradient":""}},"ast-content-background-meta":{"desktop":{"background-color":"var(--ast-global-color-5)","background-image":"","background-repeat":"repeat","background-position":"center center","background-size":"auto","background-attachment":"scroll","background-type":"","background-media":"","overlay-type":"","overlay-color":"","overlay-opacity":"","overlay-gradient":""},"tablet":{"background-color":"var(--ast-global-color-5)","background-image":"","background-repeat":"repeat","background-position":"center center","background-size":"auto","background-attachment":"scroll","background-type":"","background-media":"","overlay-type":"","overlay-color":"","overlay-opacity":"","overlay-gradient":""},"mobile":{"background-color":"var(--ast-global-color-5)","background-image":"","background-repeat":"repeat","background-position":"center center","background-size":"auto","background-attachment":"scroll","background-type":"","background-media":"","overlay-type":"","overlay-color":"","overlay-opacity":"","overlay-gradient":""}},"footnotes":""},"categories":[134,253,29],"tags":[56,287],"class_list":["post-3623","post","type-post","status-publish","format-standard","has-post-thumbnail","hentry","category-escola-verda","category-escola-verda-escola-verda","category-portada","tag-escola-verda","tag-escola-verda-equip"],"post_mailing_queue_ids":[],"_links":{"self":[{"href":"https:\/\/agora.xtec.cat\/ies-dperramon\/wp-json\/wp\/v2\/posts\/3623","targetHints":{"allow":["GET"]}}],"collection":[{"href":"https:\/\/agora.xtec.cat\/ies-dperramon\/wp-json\/wp\/v2\/posts"}],"about":[{"href":"https:\/\/agora.xtec.cat\/ies-dperramon\/wp-json\/wp\/v2\/types\/post"}],"author":[{"embeddable":true,"href":"https:\/\/agora.xtec.cat\/ies-dperramon\/wp-json\/wp\/v2\/users\/173"}],"replies":[{"embeddable":true,"href":"https:\/\/agora.xtec.cat\/ies-dperramon\/wp-json\/wp\/v2\/comments?post=3623"}],"version-history":[{"count":2,"href":"https:\/\/agora.xtec.cat\/ies-dperramon\/wp-json\/wp\/v2\/posts\/3623\/revisions"}],"predecessor-version":[{"id":3626,"href":"https:\/\/agora.xtec.cat\/ies-dperramon\/wp-json\/wp\/v2\/posts\/3623\/revisions\/3626"}],"wp:featuredmedia":[{"embeddable":true,"href":"https:\/\/agora.xtec.cat\/ies-dperramon\/wp-json\/wp\/v2\/media\/3624"}],"wp:attachment":[{"href":"https:\/\/agora.xtec.cat\/ies-dperramon\/wp-json\/wp\/v2\/media?parent=3623"}],"wp:term":[{"taxonomy":"category","embeddable":true,"href":"https:\/\/agora.xtec.cat\/ies-dperramon\/wp-json\/wp\/v2\/categories?post=3623"},{"taxonomy":"post_tag","embeddable":true,"href":"https:\/\/agora.xtec.cat\/ies-dperramon\/wp-json\/wp\/v2\/tags?post=3623"}],"curies":[{"name":"wp","href":"https:\/\/api.w.org\/{rel}","templated":true}]}}