{"id":351,"date":"2014-09-25T15:50:00","date_gmt":"2014-09-25T14:50:00","guid":{"rendered":"http:\/\/agora.xtec.cat\/ies-dperramon\/general\/xv-edicio-de-ciencia-en-accio-a-barcelona\/"},"modified":"2014-09-25T15:50:00","modified_gmt":"2014-09-25T14:50:00","slug":"xv-edicio-de-ciencia-en-accio-a-barcelona","status":"publish","type":"post","link":"https:\/\/agora.xtec.cat\/ies-dperramon\/general\/xv-edicio-de-ciencia-en-accio-a-barcelona\/","title":{"rendered":"XV EDICI\u00d3 DE CI\u00c8NCIA EN ACCI\u00d3, A BARCELONA"},"content":{"rendered":"<p><a href=\"http:\/\/1.bp.blogspot.com\/-xvvI6HZk12A\/VCQrmTS8dQI\/AAAAAAAACjI\/KuDQtfqYq4o\/s1600\/portada%2Btriptico.jpg\" style=\"clear: right; float: right; margin-bottom: 1em; margin-left: 1em;\"><img loading=\"lazy\" decoding=\"async\" border=\"0\" src=\"http:\/\/1.bp.blogspot.com\/-xvvI6HZk12A\/VCQrmTS8dQI\/AAAAAAAACjI\/KuDQtfqYq4o\/s1600\/portada%2Btriptico.jpg\" height=\"184\" width=\"200\" \/><\/a>Els dies 3, 4 i 5 d&#8217;octubre t\u00e9 lloc a Barcelona la Cloenda del Concurs de Ci\u00e8ncia en Acci\u00f3, a Cosmocaixa. Hi participen diferents joves cient\u00edfics de parla hispana i portuguesa.<br \/>Des del Departament de Ci\u00e8ncies Experimentals de l&#8217;institut Dom\u00e8nec Perramon organitzem una sortida pel dissabte al mat\u00ed. Si esteu interessats ens ho heu de comunicar &nbsp;abans del 29 de setembre.<br \/>Aqu\u00ed podeu trobar <a href=\"http:\/\/www.cienciaenaccion.org\/es\/2014\/home.html\">m\u00e9s informaci\u00f3<\/a> i el programa d&#8217;activitats.<\/p>\n<p>NOTA: QUEDA SUSPESA L&#8217;ACTIVITAT PER NO ARRIBAR AL &nbsp;M\u00cdNIM D&#8217;ALUMNES PER A PODER FER-LA.<br \/>Podeu anar-hi lliurement. L&#8217;entrada als menors de 16 anys \u00e9s gratuita.<\/p>\n<div>http:\/\/domenecperramon.blogspot.com\/feeds\/posts\/default<\/div>\n","protected":false},"excerpt":{"rendered":"<p>Els dies 3, 4 i 5 d&#8217;octubre t\u00e9 lloc a Barcelona la Cloenda del Concurs de Ci\u00e8ncia en Acci\u00f3, a Cosmocaixa. Hi participen diferents joves cient\u00edfics de parla hispana i portuguesa.Des del Departament de Ci\u00e8ncies Experimentals de l&#8217;institut Dom\u00e8nec Perramon organitzem una sortida pel dissabte al mat\u00ed. Si esteu interessats ens ho heu de comunicar [&hellip;]<\/p>\n","protected":false},"author":1,"featured_media":0,"comment_status":"open","ping_status":"open","sticky":false,"template":"","format":"standard","meta":{"_bbp_topic_count":0,"_bbp_reply_count":0,"_bbp_total_topic_count":0,"_bbp_total_reply_count":0,"_bbp_voice_count":0,"_bbp_anonymous_reply_count":0,"_bbp_topic_count_hidden":0,"_bbp_reply_count_hidden":0,"_bbp_forum_subforum_count":0,"site-sidebar-layout":"default","site-content-layout":"","ast-site-content-layout":"","site-content-style":"default","site-sidebar-style":"default","ast-global-header-display":"","ast-banner-title-visibility":"","ast-main-header-display":"","ast-hfb-above-header-display":"","ast-hfb-below-header-display":"","ast-hfb-mobile-header-display":"","site-post-title":"","ast-breadcrumbs-content":"","ast-featured-img":"","footer-sml-layout":"","theme-transparent-header-meta":"","adv-header-id-meta":"","stick-header-meta":"","header-above-stick-meta":"","header-main-stick-meta":"","header-below-stick-meta":"","astra-migrate-meta-layouts":"default","ast-page-background-enabled":"default","ast-page-background-meta":{"desktop":{"background-color":"var(--ast-global-color-4)","background-image":"","background-repeat":"repeat","background-position":"center center","background-size":"auto","background-attachment":"scroll","background-type":"","background-media":"","overlay-type":"","overlay-color":"","overlay-opacity":"","overlay-gradient":""},"tablet":{"background-color":"","background-image":"","background-repeat":"repeat","background-position":"center center","background-size":"auto","background-attachment":"scroll","background-type":"","background-media":"","overlay-type":"","overlay-color":"","overlay-opacity":"","overlay-gradient":""},"mobile":{"background-color":"","background-image":"","background-repeat":"repeat","background-position":"center center","background-size":"auto","background-attachment":"scroll","background-type":"","background-media":"","overlay-type":"","overlay-color":"","overlay-opacity":"","overlay-gradient":""}},"ast-content-background-meta":{"desktop":{"background-color":"var(--ast-global-color-5)","background-image":"","background-repeat":"repeat","background-position":"center center","background-size":"auto","background-attachment":"scroll","background-type":"","background-media":"","overlay-type":"","overlay-color":"","overlay-opacity":"","overlay-gradient":""},"tablet":{"background-color":"var(--ast-global-color-5)","background-image":"","background-repeat":"repeat","background-position":"center center","background-size":"auto","background-attachment":"scroll","background-type":"","background-media":"","overlay-type":"","overlay-color":"","overlay-opacity":"","overlay-gradient":""},"mobile":{"background-color":"var(--ast-global-color-5)","background-image":"","background-repeat":"repeat","background-position":"center center","background-size":"auto","background-attachment":"scroll","background-type":"","background-media":"","overlay-type":"","overlay-color":"","overlay-opacity":"","overlay-gradient":""}},"footnotes":""},"categories":[1],"tags":[],"class_list":["post-351","post","type-post","status-publish","format-standard","hentry","category-general"],"post_mailing_queue_ids":[],"_links":{"self":[{"href":"https:\/\/agora.xtec.cat\/ies-dperramon\/wp-json\/wp\/v2\/posts\/351","targetHints":{"allow":["GET"]}}],"collection":[{"href":"https:\/\/agora.xtec.cat\/ies-dperramon\/wp-json\/wp\/v2\/posts"}],"about":[{"href":"https:\/\/agora.xtec.cat\/ies-dperramon\/wp-json\/wp\/v2\/types\/post"}],"author":[{"embeddable":true,"href":"https:\/\/agora.xtec.cat\/ies-dperramon\/wp-json\/wp\/v2\/users\/1"}],"replies":[{"embeddable":true,"href":"https:\/\/agora.xtec.cat\/ies-dperramon\/wp-json\/wp\/v2\/comments?post=351"}],"version-history":[{"count":0,"href":"https:\/\/agora.xtec.cat\/ies-dperramon\/wp-json\/wp\/v2\/posts\/351\/revisions"}],"wp:attachment":[{"href":"https:\/\/agora.xtec.cat\/ies-dperramon\/wp-json\/wp\/v2\/media?parent=351"}],"wp:term":[{"taxonomy":"category","embeddable":true,"href":"https:\/\/agora.xtec.cat\/ies-dperramon\/wp-json\/wp\/v2\/categories?post=351"},{"taxonomy":"post_tag","embeddable":true,"href":"https:\/\/agora.xtec.cat\/ies-dperramon\/wp-json\/wp\/v2\/tags?post=351"}],"curies":[{"name":"wp","href":"https:\/\/api.w.org\/{rel}","templated":true}]}}