{"id":319,"date":"2015-03-23T23:47:00","date_gmt":"2015-03-23T22:47:00","guid":{"rendered":""},"modified":"2016-02-19T23:39:23","modified_gmt":"2016-02-19T22:39:23","slug":"guifre-sanchez-medalla-de-bronze-en-lolimpiada-de-matematiques","status":"publish","type":"post","link":"https:\/\/agora.xtec.cat\/ies-dperramon\/general\/guifre-sanchez-medalla-de-bronze-en-lolimpiada-de-matematiques\/","title":{"rendered":"GUIFR\u00c9 S\u00c1NCHEZ, MEDALLA DE BRONZE EN L&#8217;OLIMP\u00cdADA DE MATEM\u00c0TIQUES"},"content":{"rendered":"<p><span style=\"background-color: white; color: #444444; font-family: arial, helvetica, sans-serif; font-size: 12.7272720336914px; line-height: 12.8000001907349px;\"><br \/><\/span><\/p>\n<div style=\"clear: both; text-align: center;\">L&#8217;alumne de segon de Batxillerat Guifr\u00e9 S\u00e1nchez ha assolit una medalla de bronze en la fase nacional de l&#8217;Olimp\u00edada de Matem\u00e0tiuqes. La prova ha tingut lloc a Badajoz els deis 20 i 21 de mar\u00e7. \u00c9s un gran honor perl nostre institut que un dels nostres alumnes hagi obtingut tants bons resultats.&nbsp;<\/div>\n<div style=\"clear: both; text-align: center;\">A la foto el veiem amb dos companys d&#8217;olimp\u00edada.<\/div>\n<div style=\"clear: both; text-align: center;\"><\/div>\n<div style=\"clear: both; text-align: center;\"><\/div>\n<div style=\"clear: both; text-align: center;\"><a href=\"http:\/\/agora.xtec.cat\/ies-dperramon\/wp-content\/uploads\/usu947\/2015\/03\/guifre-2Bmates.jpg\" style=\"margin-left: 1em; margin-right: 1em;\"><img loading=\"lazy\" decoding=\"async\" border=\"0\" src=\"http:\/\/agora.xtec.cat\/ies-dperramon\/wp-content\/uploads\/usu947\/2015\/03\/guifre-2Bmates.jpg\" height=\"179\" width=\"320\" \/><\/a><\/div>\n<p><span style=\"background-color: white; color: #444444; font-family: arial, helvetica, sans-serif; font-size: 12.7272720336914px; line-height: 12.8000001907349px;\"><br \/><\/span><span style=\"text-align: center;\">En Guifr\u00e9 ho ha viscut aix\u00ed:<\/span><br \/><span style=\"text-align: center;\"><br \/><\/span><span style=\"background-color: white; color: #444444; font-family: arial, helvetica, sans-serif; font-size: 12.7272720336914px; line-height: 12.8000001907349px;\">&nbsp;&#8220;L&#8217;experi\u00e8ncia ha estat al\u00b7lucinant! Portava preparant-me dos anys, dos anys que des de bon princpi he afrontat amb molt\u00edssima il\u00b7lusi\u00f3, amb ganes d&#8217;aprendre, amb ganes de descobrir la meva passi\u00f3 per les matem\u00e0tiques. Quan per primera vegada vaig assabentar-me de l&#8217;exist\u00e8ncia de l&#8217;Olimp\u00edada Matem\u00e0tica Catalana,h i vaig fer un cop d&#8217;ull als problemes que all\u00e0 es demanava resoldre, em vaig quedar molt, per\u00f2 que molt sorpr\u00e8s! No sabia per quin problema comen\u00e7ar, ni tampoc sabia comen\u00e7ar-ne cap, estava completament perdut. Per\u00f2 aquells problemes&#8230;Aquells problemes eren diferents, no eren els de l&#8217;instutut, tenien alguna cosa que a mi em cridava molt\u00edssim l&#8217;atenci\u00f3: havies de crear per poder-los solucionar, no hi havia un cam\u00ed pautat: i m&#8217;hi vaig endinsar per complet.<\/span><br \/><span style=\"background-color: white; color: #444444; font-family: arial, helvetica, sans-serif; font-size: 12.7272720336914px; line-height: 12.8000001907349px;\">A primer de Batxillerat vaig assistir a un curs de preparaci\u00f3 a la Universitat Aut\u00f2noma de Barcelona, que a m\u00e9s de treballar problemes de l&#8217;Olimp\u00edada tamb\u00e9 em va permetre aprendre un munt de conceptes nous i interessant\u00edssims. vaig presentar-me a la fase catalana, per\u00f2 no hi va haver sort. I com que a mi el que m&#8217;agrada \u00e9s aprendre matem\u00e0tiques aquest any m&#8217;hi he trnat a apuntar. Naturalment, entenent millor i m\u00e9s tot el que al llarg del curs s&#8217;ha anat explicant.<\/span><br \/><span style=\"background-color: white; color: #444444; font-family: arial, helvetica, sans-serif; font-size: 12.7272720336914px; line-height: 12.8000001907349px;\">&nbsp;Em vaig tornar a presentar a la fase catalana, pensava que no m&#8217;havia anat prou b\u00e9, per\u00f2 vaig quedar seleccionat. Euf\u00f2ria \u00e9s el que sentia! Que obtingu\u00e9s premi a la fase catalan implicava participar a la OME, l&#8217;Olimp\u00edada de Matem\u00e0tiques d&#8217; Espanya, que s&#8217;ha celebrat els dies 20 i 21 de mar\u00e7 a Badajoz.<\/span><br \/><span style=\"background-color: white; color: #444444; font-family: arial, helvetica, sans-serif; font-size: 12.7272720336914px; line-height: 12.8000001907349px;\">He tingut l&#8217;enorme privilegi de trobar-me envoltat d&#8217;una comunitat de joves matem\u00e0tics ,que com jo, tenen un inter\u00e0s descomunal per endinsar-se i aprofundir en aquesta \u00e0rea del coneixement, i despr\u00e9s de molt d&#8217;esfor\u00e7 i de dues dures proves de tres hores i mitja cadascuna, he obtingut medalla de bronze, un reconeixement que em fa enormement feli\u00e7! Amb tot aix\u00f2, dir que guradar\u00e9 un record inoblidable de l&#8217;experi\u00e8ncia conjunta d&#8217;aquests dos anys que, malgrat ars s&#8217;estigui aproxiamnt al seu final, s\u00e9 que em permetr\u00e0, amb tot el que m&#8217;ha fet aprendre, obrir una quantitat de portes inimaginable. Les m\u00e9s sinceres gr\u00e0cies als qui en aquest llarg cam\u00ed han confiat en mi&#8221;.<\/span><br \/><span style=\"background-color: white; color: #444444; font-family: arial, helvetica, sans-serif; font-size: 12.7272720336914px; line-height: 12.8000001907349px;\">Des d&#8217;aqu\u00ed i en nom de tot el centre, rep una gran felicitaci\u00f3 i a seguir endavant amb aquestes ganes i curiositat de voler saber el perqu\u00e8 del qu\u00e8 esn envolta. I molta sort a la fase Nacional de F\u00edsica, que tamb\u00e9 est\u00e0 seleccionat. MOLTES FELICITATS.<\/span><\/p>\n<div>http:\/\/domenecperramon.blogspot.com\/feeds\/posts\/default<\/div>\n","protected":false},"excerpt":{"rendered":"<p>L&#8217;alumne de segon de Batxillerat Guifr\u00e9 S\u00e1nchez ha assolit una medalla de bronze en la fase nacional de l&#8217;Olimp\u00edada de Matem\u00e0tiuqes. La prova ha tingut lloc a Badajoz els deis 20 i 21 de mar\u00e7. \u00c9s un gran honor perl nostre institut que un dels nostres alumnes hagi obtingut tants bons resultats.&nbsp; A la foto [&hellip;]<\/p>\n","protected":false},"author":1,"featured_media":686,"comment_status":"open","ping_status":"open","sticky":false,"template":"","format":"standard","meta":{"_bbp_topic_count":0,"_bbp_reply_count":0,"_bbp_total_topic_count":0,"_bbp_total_reply_count":0,"_bbp_voice_count":0,"_bbp_anonymous_reply_count":0,"_bbp_topic_count_hidden":0,"_bbp_reply_count_hidden":0,"_bbp_forum_subforum_count":0,"site-sidebar-layout":"default","site-content-layout":"","ast-site-content-layout":"","site-content-style":"default","site-sidebar-style":"default","ast-global-header-display":"","ast-banner-title-visibility":"","ast-main-header-display":"","ast-hfb-above-header-display":"","ast-hfb-below-header-display":"","ast-hfb-mobile-header-display":"","site-post-title":"","ast-breadcrumbs-content":"","ast-featured-img":"","footer-sml-layout":"","theme-transparent-header-meta":"","adv-header-id-meta":"","stick-header-meta":"","header-above-stick-meta":"","header-main-stick-meta":"","header-below-stick-meta":"","astra-migrate-meta-layouts":"default","ast-page-background-enabled":"default","ast-page-background-meta":{"desktop":{"background-color":"var(--ast-global-color-4)","background-image":"","background-repeat":"repeat","background-position":"center center","background-size":"auto","background-attachment":"scroll","background-type":"","background-media":"","overlay-type":"","overlay-color":"","overlay-opacity":"","overlay-gradient":""},"tablet":{"background-color":"","background-image":"","background-repeat":"repeat","background-position":"center center","background-size":"auto","background-attachment":"scroll","background-type":"","background-media":"","overlay-type":"","overlay-color":"","overlay-opacity":"","overlay-gradient":""},"mobile":{"background-color":"","background-image":"","background-repeat":"repeat","background-position":"center center","background-size":"auto","background-attachment":"scroll","background-type":"","background-media":"","overlay-type":"","overlay-color":"","overlay-opacity":"","overlay-gradient":""}},"ast-content-background-meta":{"desktop":{"background-color":"var(--ast-global-color-5)","background-image":"","background-repeat":"repeat","background-position":"center center","background-size":"auto","background-attachment":"scroll","background-type":"","background-media":"","overlay-type":"","overlay-color":"","overlay-opacity":"","overlay-gradient":""},"tablet":{"background-color":"var(--ast-global-color-5)","background-image":"","background-repeat":"repeat","background-position":"center center","background-size":"auto","background-attachment":"scroll","background-type":"","background-media":"","overlay-type":"","overlay-color":"","overlay-opacity":"","overlay-gradient":""},"mobile":{"background-color":"var(--ast-global-color-5)","background-image":"","background-repeat":"repeat","background-position":"center center","background-size":"auto","background-attachment":"scroll","background-type":"","background-media":"","overlay-type":"","overlay-color":"","overlay-opacity":"","overlay-gradient":""}},"footnotes":""},"categories":[1],"tags":[],"class_list":["post-319","post","type-post","status-publish","format-standard","has-post-thumbnail","hentry","category-general"],"post_mailing_queue_ids":[],"_links":{"self":[{"href":"https:\/\/agora.xtec.cat\/ies-dperramon\/wp-json\/wp\/v2\/posts\/319","targetHints":{"allow":["GET"]}}],"collection":[{"href":"https:\/\/agora.xtec.cat\/ies-dperramon\/wp-json\/wp\/v2\/posts"}],"about":[{"href":"https:\/\/agora.xtec.cat\/ies-dperramon\/wp-json\/wp\/v2\/types\/post"}],"author":[{"embeddable":true,"href":"https:\/\/agora.xtec.cat\/ies-dperramon\/wp-json\/wp\/v2\/users\/1"}],"replies":[{"embeddable":true,"href":"https:\/\/agora.xtec.cat\/ies-dperramon\/wp-json\/wp\/v2\/comments?post=319"}],"version-history":[{"count":1,"href":"https:\/\/agora.xtec.cat\/ies-dperramon\/wp-json\/wp\/v2\/posts\/319\/revisions"}],"predecessor-version":[{"id":687,"href":"https:\/\/agora.xtec.cat\/ies-dperramon\/wp-json\/wp\/v2\/posts\/319\/revisions\/687"}],"wp:featuredmedia":[{"embeddable":true,"href":"https:\/\/agora.xtec.cat\/ies-dperramon\/wp-json\/wp\/v2\/media\/686"}],"wp:attachment":[{"href":"https:\/\/agora.xtec.cat\/ies-dperramon\/wp-json\/wp\/v2\/media?parent=319"}],"wp:term":[{"taxonomy":"category","embeddable":true,"href":"https:\/\/agora.xtec.cat\/ies-dperramon\/wp-json\/wp\/v2\/categories?post=319"},{"taxonomy":"post_tag","embeddable":true,"href":"https:\/\/agora.xtec.cat\/ies-dperramon\/wp-json\/wp\/v2\/tags?post=319"}],"curies":[{"name":"wp","href":"https:\/\/api.w.org\/{rel}","templated":true}]}}