{"id":2662,"date":"2016-11-04T14:17:02","date_gmt":"2016-11-04T13:17:02","guid":{"rendered":"http:\/\/agora.xtec.cat\/ies-dperramon\/?p=2662"},"modified":"2017-11-11T12:46:40","modified_gmt":"2017-11-11T11:46:40","slug":"qui-som-el-projecte-riera","status":"publish","type":"post","link":"https:\/\/agora.xtec.cat\/ies-dperramon\/eso\/riera\/qui-som-el-projecte-riera\/","title":{"rendered":"Qui som el Projecte Riera"},"content":{"rendered":"<p><span style=\"font-weight: 400;\"><a href=\"http:\/\/agora.xtec.cat\/ies-dperramon\/wp-content\/uploads\/usu947\/2016\/09\/IMG_1127-e1478265078924.jpg\"><img loading=\"lazy\" decoding=\"async\" class=\"wp-image-2608 alignleft\" src=\"http:\/\/agora.xtec.cat\/ies-dperramon\/wp-content\/uploads\/usu947\/2016\/09\/IMG_1127-1024x768.jpg\" alt=\"img_1127\" width=\"355\" height=\"266\" \/><\/a>Hola a tothom!<\/span><\/p>\n<p><span style=\"font-weight: 400;\">Aquesta setmana ens presentarem un per un i us contarem una mica de nosaltres. Aix\u00ed ens podeu con\u00e8ixer millor i podreu saber quines tasques desenvolupem a les empreses on fem les pr\u00e0ctiques.<\/span><\/p>\n<p><span style=\"font-weight: 400;\"><strong>Yuma keita<\/strong>:<\/span><\/p>\n<p><span style=\"font-weight: 400;\">Em dic Yuma, tinc 16 anys i m\u2019agrada molt escoltar m\u00fasica i passar l\u2019estona amb els amics, en un futur m\u2019agradaria estudiar un cicle de farmac\u00e8utica, perruqueria o pastisseria, per aix\u00f2 aquest any estic fent pr\u00e0ctiques al forn de Can Puig d\u2019Arenys de Munt, all\u00e0 ajudo al pastisser Xavi a fer molts tipus de panellets com per exemple: de llimona, taronja, coco, caf\u00e8, cirera, rovell, ametlles, pinyons, i molt m\u00e9s. Tamb\u00e9 ajudo a pesar els aliments que s\u2019han de posar a la massa com la farina, el sucre i la sal. Rento els estris que s\u2019embruten, ajudo a batre ous, escombrar i fregar el terra, a fer llaunes, amassar la pasta, col\u00b7locar alguns aliments al congelador, desfer la xocolata, empaquetar el pa torrat i moltes coses m\u00e9s.<\/span><\/p>\n<p><strong>Vicen\u00e7 Dom\u00e8nech:<\/strong><\/p>\n<p><span style=\"font-weight: 400;\">Em dic Vicen\u00e7, tinc 17 anys i m\u2019encanta anar amb bicicleta i arreglar-la. El proper any m\u2019agradaria fer un cicle d\u2019esports o un cicle de planxa i pintura. Quan puc agafo la bici i me\u2019n vaig a fer una ruta per la muntanya, m\u2019encanta. Estic fent les pr\u00e0ctiques a l\u2019escola Sant Mart\u00ed amb el mestre d\u2019educaci\u00f3 f\u00edsica, i tamb\u00e9 ajudo als nens de tres i quatre anys al menjador, estic molt content amb els nens.<\/span><\/p>\n<p><strong>Oumaima Rioua:<\/strong><\/p>\n<p><span style=\"font-weight: 400;\">Em dic Oumaima, tinc 16 anys, visc Arenys de Munt i s\u00f3c de Marroc (Larache). Vaig a fer pr\u00e0ctiques a la llar d\u2019infants La Petjada, all\u00e0 ajudo els nens i nenes a recollir la classe i a posar-se la jaquetes per sortir al pati. Jugo amb ells i els ajudo a llegir els contes. Entro a les 8 del mat\u00ed i surto a les 14:00 hores. Quan acabi l\u2019ESO m&#8217;agradaria estudiar un cicle de Educadora infantil a Pineda o a Matar\u00f3 i espero que em vagi tot b\u00e9.<\/span><\/p>\n<p><strong>Mohamed Hanini:<\/strong><\/p>\n<p><span style=\"font-weight: 400;\">Em dic Mohamed Hanini, tinc 17 anys i visc a Arenys de Munt.\u00a0<\/span><span style=\"font-weight: 400;\">Faig les pr\u00e0ctiques a un taller de mec\u00e0nica. Els ajudo a arreglar els cotxes. Els hi canvio les rodes i l\u2019oli. Les estones que em queden lliures jugo a futbol. M\u00b4agrada molt el F.C. Barcelona.<\/span><\/p>\n<p><strong>Laura Mart\u00ednez:<\/strong><\/p>\n<p><span style=\"font-weight: 400;\">Em dic Laura, tinc 16 anys i visc a Arenys de Munt. Faig pr\u00e0ctiques a l\u2019escola Sobirans i all\u00e0 ajudo a cicle infantil: (P3, P4 i P5). Els nens aprenen a escriure, aprenen les parts del cos, jugem a l\u2019hora del pati, fem psicomotricitat, aprenem a compartir, fem excursions a la muntanya (Lourdes) i tamb\u00e9 els ajudo a l\u2019hora de dinar. Quan acabi l\u2019ESO m\u2019agradaria estudiar un cicle de Educaci\u00f3 Infantil a Pineda o Matar\u00f3. <\/span><\/p>\n<p><strong>Ilias Kalouch:<\/strong><\/p>\n<p><span style=\"font-weight: 400;\">Em dic Ilias Kalouch Ben Jilali, tinc 17 anys, faig 4rt d\u2019ESO i visc a Arenys de Munt des del 2007. M\u2019agrada, perqu\u00e8 \u00e9s un poble molt tranquil i hi ha bona gent, he passat m\u00e9s de la meitat de la meva vida en Arenys de Munt, \u00e9s el meu segon poble. Jo vaig n\u00e9ixer a Larache (Marroc), he estat all\u00e0 fins als 7 anys i despr\u00e8s vaig venir a viure a Arenys de Munt.<\/span><\/p>\n<p><strong>Gerard Mart\u00edn:<\/strong><\/p>\n<p><span style=\"font-weight: 400;\">Em dic Gerard, tinc 16 anys i visc Arenys De Munt. En el futur m\u2019agradaria arribar a la universitat i estudiar ingieneria, tamb\u00e9 m\u2019agrada la cuina.<\/span><\/p>\n<p><span style=\"font-weight: 400;\">Un hobby que tinc \u00e9s anar al gimn\u00e0s i els ordinadors. Estic fen pr\u00e0ctiques a un restaurant que es diu Infinit, ajudant al xef. L\u2019ajudo a tallar l\u2019embotit, agafar aliments de la c\u00e0mera, tallar cebes, pelar patates, etc.<\/span><\/p>\n<p><strong>David Lancho:<\/strong><\/p>\n<p><span style=\"font-weight: 400;\">Em dic \u00a0David Lancho, tinc 15 anys i visc a Collsacreu. Estic fent les pr\u00e0ctiques \u00a0a una empresa d\u2019espai d\u2019oci, all\u00e0 treballo al bar fent caf\u00e8s i entrepans. Quan hi han festes d\u2019aniversari tamb\u00e9 preparo les coses del xiquipark.<\/span><\/p>\n<p><strong>David Hidalgo:<\/strong><\/p>\n<p><span style=\"font-weight: 400;\">Me llamo David Hidalgo Herrera, \u00a0tengo16 a\u00f1os y vivo en Arenys de Munt.\u00a0<\/span><span style=\"font-weight: 400;\">De momento no tengo claro qu\u00e9 quiero estudiar ni de qu\u00e9 trabajar\u00e9.\u00a0<\/span><span style=\"font-weight: 400;\">Me gusta el deporte, sobre todo los que tienen que ver con el contacto f\u00edsico.\u00a0<\/span><span style=\"font-weight: 400;\">Practico artes marciales pero quiero probar a jugar a rugby.\u00a0<\/span><span style=\"font-weight: 400;\">He trabajado en la Brigada Jove d\u2019Arenys de Munt.\u00a0<\/span><span style=\"font-weight: 400;\">Con el Instituto he estado de pr\u00e1cticas en Can Puig y ahora mismo las hago en un gimnasio. Me mandan a expandir la arena de la pista de p\u00e1del, hacer de camarero, estar pendiente de la barra, ordenar pesas, etc. <\/span><\/p>\n","protected":false},"excerpt":{"rendered":"<p>Hola a tothom! Aquesta setmana ens presentarem un per un i us contarem una mica de nosaltres. Aix\u00ed ens podeu con\u00e8ixer millor i podreu saber quines tasques desenvolupem a les empreses on fem les pr\u00e0ctiques. Yuma keita: Em dic Yuma, tinc 16 anys i m\u2019agrada molt escoltar m\u00fasica i passar l\u2019estona amb els amics, en [&hellip;]<\/p>\n","protected":false},"author":66,"featured_media":2608,"comment_status":"open","ping_status":"closed","sticky":false,"template":"","format":"standard","meta":{"_bbp_topic_count":0,"_bbp_reply_count":0,"_bbp_total_topic_count":0,"_bbp_total_reply_count":0,"_bbp_voice_count":0,"_bbp_anonymous_reply_count":0,"_bbp_topic_count_hidden":0,"_bbp_reply_count_hidden":0,"_bbp_forum_subforum_count":0,"site-sidebar-layout":"default","site-content-layout":"","ast-site-content-layout":"","site-content-style":"default","site-sidebar-style":"default","ast-global-header-display":"","ast-banner-title-visibility":"","ast-main-header-display":"","ast-hfb-above-header-display":"","ast-hfb-below-header-display":"","ast-hfb-mobile-header-display":"","site-post-title":"","ast-breadcrumbs-content":"","ast-featured-img":"","footer-sml-layout":"","theme-transparent-header-meta":"","adv-header-id-meta":"","stick-header-meta":"","header-above-stick-meta":"","header-main-stick-meta":"","header-below-stick-meta":"","astra-migrate-meta-layouts":"default","ast-page-background-enabled":"default","ast-page-background-meta":{"desktop":{"background-color":"var(--ast-global-color-4)","background-image":"","background-repeat":"repeat","background-position":"center center","background-size":"auto","background-attachment":"scroll","background-type":"","background-media":"","overlay-type":"","overlay-color":"","overlay-opacity":"","overlay-gradient":""},"tablet":{"background-color":"","background-image":"","background-repeat":"repeat","background-position":"center center","background-size":"auto","background-attachment":"scroll","background-type":"","background-media":"","overlay-type":"","overlay-color":"","overlay-opacity":"","overlay-gradient":""},"mobile":{"background-color":"","background-image":"","background-repeat":"repeat","background-position":"center center","background-size":"auto","background-attachment":"scroll","background-type":"","background-media":"","overlay-type":"","overlay-color":"","overlay-opacity":"","overlay-gradient":""}},"ast-content-background-meta":{"desktop":{"background-color":"var(--ast-global-color-5)","background-image":"","background-repeat":"repeat","background-position":"center center","background-size":"auto","background-attachment":"scroll","background-type":"","background-media":"","overlay-type":"","overlay-color":"","overlay-opacity":"","overlay-gradient":""},"tablet":{"background-color":"var(--ast-global-color-5)","background-image":"","background-repeat":"repeat","background-position":"center center","background-size":"auto","background-attachment":"scroll","background-type":"","background-media":"","overlay-type":"","overlay-color":"","overlay-opacity":"","overlay-gradient":""},"mobile":{"background-color":"var(--ast-global-color-5)","background-image":"","background-repeat":"repeat","background-position":"center center","background-size":"auto","background-attachment":"scroll","background-type":"","background-media":"","overlay-type":"","overlay-color":"","overlay-opacity":"","overlay-gradient":""}},"footnotes":""},"categories":[227],"tags":[],"class_list":["post-2662","post","type-post","status-publish","format-standard","has-post-thumbnail","hentry","category-riera"],"post_mailing_queue_ids":[],"_links":{"self":[{"href":"https:\/\/agora.xtec.cat\/ies-dperramon\/wp-json\/wp\/v2\/posts\/2662","targetHints":{"allow":["GET"]}}],"collection":[{"href":"https:\/\/agora.xtec.cat\/ies-dperramon\/wp-json\/wp\/v2\/posts"}],"about":[{"href":"https:\/\/agora.xtec.cat\/ies-dperramon\/wp-json\/wp\/v2\/types\/post"}],"author":[{"embeddable":true,"href":"https:\/\/agora.xtec.cat\/ies-dperramon\/wp-json\/wp\/v2\/users\/66"}],"replies":[{"embeddable":true,"href":"https:\/\/agora.xtec.cat\/ies-dperramon\/wp-json\/wp\/v2\/comments?post=2662"}],"version-history":[{"count":3,"href":"https:\/\/agora.xtec.cat\/ies-dperramon\/wp-json\/wp\/v2\/posts\/2662\/revisions"}],"predecessor-version":[{"id":2667,"href":"https:\/\/agora.xtec.cat\/ies-dperramon\/wp-json\/wp\/v2\/posts\/2662\/revisions\/2667"}],"wp:featuredmedia":[{"embeddable":true,"href":"https:\/\/agora.xtec.cat\/ies-dperramon\/wp-json\/wp\/v2\/media\/2608"}],"wp:attachment":[{"href":"https:\/\/agora.xtec.cat\/ies-dperramon\/wp-json\/wp\/v2\/media?parent=2662"}],"wp:term":[{"taxonomy":"category","embeddable":true,"href":"https:\/\/agora.xtec.cat\/ies-dperramon\/wp-json\/wp\/v2\/categories?post=2662"},{"taxonomy":"post_tag","embeddable":true,"href":"https:\/\/agora.xtec.cat\/ies-dperramon\/wp-json\/wp\/v2\/tags?post=2662"}],"curies":[{"name":"wp","href":"https:\/\/api.w.org\/{rel}","templated":true}]}}