{"id":2633,"date":"2016-10-13T20:29:36","date_gmt":"2016-10-13T18:29:36","guid":{"rendered":"http:\/\/agora.xtec.cat\/ies-dperramon\/?p=2633"},"modified":"2019-02-23T07:49:47","modified_gmt":"2019-02-23T06:49:47","slug":"comencem-les-practiques-a-les-empreses","status":"publish","type":"post","link":"https:\/\/agora.xtec.cat\/ies-dperramon\/portada\/comencem-les-practiques-a-les-empreses\/","title":{"rendered":"Comencem les pr\u00e0ctiques a les empreses!"},"content":{"rendered":"<p><span style=\"font-weight: 400;\">Bones! Ja som aqu\u00ed de nou amb moltes novetats.<\/span><\/p>\n<p><span style=\"font-weight: 400;\">Divendres 7 d\u2019octubre vam anar acompanyats pel director i tutor, Joan Duran, i en Sergi de l\u2019ajuntament a presentar-nos a les empreses que ens han assignat a cadasc\u00fa. Ens van informar de les nostres tasques, responsabilitats, horaris, etc. Hav\u00edem de comen\u00e7ar dimecres, per\u00f2 com que era festiu comencem dem\u00e0 divendres amb moltes ganes!<\/span><\/p>\n<p><span style=\"font-weight: 400;\">La darrera setmana hem estat ben ocupats, us contem: estem pintant la classe amb el nostre tutor. Primer vam calcular la superf\u00edcie de la classe per saber quina quantitat de pintura necessit\u00e0vem, i vam triar es colors (blanc, verd i rosa) despr\u00e8s vam preparar la classe amb paper i cinta per poder pintar i vam tapar tot el que no vol\u00edem embrutar. Encara ens queda una mica per pintar, quan acabem us ensenyarem com de maca ha quedat.<\/span><\/p>\n<p><span style=\"font-weight: 400;\">Tamb\u00e9 hem estat treballant amb les jardineres. Hem comen\u00e7at a donar-los una capa de vern\u00eds i hem plantat aloe vera, que va molt b\u00e9 per a la pell.<\/span><\/p>\n<p><span style=\"font-weight: 400;\">A l\u2019\u00e0mbit ling\u00fc\u00edstic hem apr\u00e9s a fer un curr\u00edculum i una carta de presentaci\u00f3. Hem conegut els diferents tipus de curr\u00edculum i hem posat en pr\u00e0ctica els tractaments de cortesia. En angl\u00e8s estem practicant els presents, si seguim aix\u00ed prompte hi podrem anar a Londres! \ud83d\ude09<\/span><\/p>\n<p><span style=\"font-weight: 400;\">Les properes setmanes estarem ocupats preparant una petita sorpresa per a celebrar Halloween que de segur que us agradar\u00e0.<\/span><\/p>\n<p><span style=\"font-weight: 400;\">Prompte us donarem m\u00e9s detalls i us contarem com ens va per les empreses.<\/span><br \/>\n<span style=\"font-weight: 400;\">Fins aviat!<\/span><\/p>\n","protected":false},"excerpt":{"rendered":"<p>Divendres 7 d\u2019octubre vam anar acompanyats pel director i tutor, Joan Duran, i en Sergi de l\u2019ajuntament a presentar-nos a les empreses que ens han assignat a cadasc\u00fa. Ens van informar de les nostres tasques, responsabilitats, horaris, etc. Hav\u00edem de comen\u00e7ar dimecres, per\u00f2 com que era festiu comencem dem\u00e0 divendres amb moltes ganes!<\/p>\n","protected":false},"author":66,"featured_media":0,"comment_status":"open","ping_status":"closed","sticky":false,"template":"","format":"standard","meta":{"_bbp_topic_count":0,"_bbp_reply_count":0,"_bbp_total_topic_count":0,"_bbp_total_reply_count":0,"_bbp_voice_count":0,"_bbp_anonymous_reply_count":0,"_bbp_topic_count_hidden":0,"_bbp_reply_count_hidden":0,"_bbp_forum_subforum_count":0,"site-sidebar-layout":"default","site-content-layout":"","ast-site-content-layout":"","site-content-style":"default","site-sidebar-style":"default","ast-global-header-display":"","ast-banner-title-visibility":"","ast-main-header-display":"","ast-hfb-above-header-display":"","ast-hfb-below-header-display":"","ast-hfb-mobile-header-display":"","site-post-title":"","ast-breadcrumbs-content":"","ast-featured-img":"","footer-sml-layout":"","theme-transparent-header-meta":"","adv-header-id-meta":"","stick-header-meta":"","header-above-stick-meta":"","header-main-stick-meta":"","header-below-stick-meta":"","astra-migrate-meta-layouts":"default","ast-page-background-enabled":"default","ast-page-background-meta":{"desktop":{"background-color":"var(--ast-global-color-4)","background-image":"","background-repeat":"repeat","background-position":"center center","background-size":"auto","background-attachment":"scroll","background-type":"","background-media":"","overlay-type":"","overlay-color":"","overlay-opacity":"","overlay-gradient":""},"tablet":{"background-color":"","background-image":"","background-repeat":"repeat","background-position":"center center","background-size":"auto","background-attachment":"scroll","background-type":"","background-media":"","overlay-type":"","overlay-color":"","overlay-opacity":"","overlay-gradient":""},"mobile":{"background-color":"","background-image":"","background-repeat":"repeat","background-position":"center center","background-size":"auto","background-attachment":"scroll","background-type":"","background-media":"","overlay-type":"","overlay-color":"","overlay-opacity":"","overlay-gradient":""}},"ast-content-background-meta":{"desktop":{"background-color":"var(--ast-global-color-5)","background-image":"","background-repeat":"repeat","background-position":"center center","background-size":"auto","background-attachment":"scroll","background-type":"","background-media":"","overlay-type":"","overlay-color":"","overlay-opacity":"","overlay-gradient":""},"tablet":{"background-color":"var(--ast-global-color-5)","background-image":"","background-repeat":"repeat","background-position":"center center","background-size":"auto","background-attachment":"scroll","background-type":"","background-media":"","overlay-type":"","overlay-color":"","overlay-opacity":"","overlay-gradient":""},"mobile":{"background-color":"var(--ast-global-color-5)","background-image":"","background-repeat":"repeat","background-position":"center center","background-size":"auto","background-attachment":"scroll","background-type":"","background-media":"","overlay-type":"","overlay-color":"","overlay-opacity":"","overlay-gradient":""}},"footnotes":""},"categories":[29,227],"tags":[],"class_list":["post-2633","post","type-post","status-publish","format-standard","hentry","category-portada","category-riera"],"post_mailing_queue_ids":[],"_links":{"self":[{"href":"https:\/\/agora.xtec.cat\/ies-dperramon\/wp-json\/wp\/v2\/posts\/2633","targetHints":{"allow":["GET"]}}],"collection":[{"href":"https:\/\/agora.xtec.cat\/ies-dperramon\/wp-json\/wp\/v2\/posts"}],"about":[{"href":"https:\/\/agora.xtec.cat\/ies-dperramon\/wp-json\/wp\/v2\/types\/post"}],"author":[{"embeddable":true,"href":"https:\/\/agora.xtec.cat\/ies-dperramon\/wp-json\/wp\/v2\/users\/66"}],"replies":[{"embeddable":true,"href":"https:\/\/agora.xtec.cat\/ies-dperramon\/wp-json\/wp\/v2\/comments?post=2633"}],"version-history":[{"count":2,"href":"https:\/\/agora.xtec.cat\/ies-dperramon\/wp-json\/wp\/v2\/posts\/2633\/revisions"}],"predecessor-version":[{"id":2635,"href":"https:\/\/agora.xtec.cat\/ies-dperramon\/wp-json\/wp\/v2\/posts\/2633\/revisions\/2635"}],"wp:attachment":[{"href":"https:\/\/agora.xtec.cat\/ies-dperramon\/wp-json\/wp\/v2\/media?parent=2633"}],"wp:term":[{"taxonomy":"category","embeddable":true,"href":"https:\/\/agora.xtec.cat\/ies-dperramon\/wp-json\/wp\/v2\/categories?post=2633"},{"taxonomy":"post_tag","embeddable":true,"href":"https:\/\/agora.xtec.cat\/ies-dperramon\/wp-json\/wp\/v2\/tags?post=2633"}],"curies":[{"name":"wp","href":"https:\/\/api.w.org\/{rel}","templated":true}]}}