{"id":2493,"date":"2016-07-13T20:58:34","date_gmt":"2016-07-13T18:58:34","guid":{"rendered":"http:\/\/agora.xtec.cat\/ies-dperramon\/?p=2493"},"modified":"2016-09-22T23:18:20","modified_gmt":"2016-09-22T21:18:20","slug":"carta-de-joan-duran-nou-director-de-lins-domenec-perramon","status":"publish","type":"post","link":"https:\/\/agora.xtec.cat\/ies-dperramon\/general\/carta-de-joan-duran-nou-director-de-lins-domenec-perramon\/","title":{"rendered":"Carta de Joan Duran, nou director de l&#8217;INS Dom\u00e8nec Perramon"},"content":{"rendered":"<p>&nbsp;<\/p>\n<p style=\"text-align: justify;\"><em><a href=\"http:\/\/agora.xtec.cat\/ies-dperramon\/wp-content\/uploads\/usu947\/2016\/07\/joanduran.jpg\"><img loading=\"lazy\" decoding=\"async\" class=\"alignleft wp-image-2500\" src=\"http:\/\/agora.xtec.cat\/ies-dperramon\/wp-content\/uploads\/usu947\/2016\/07\/joanduran-207x300.jpg\" alt=\"joanduran\" width=\"259\" height=\"375\" srcset=\"https:\/\/agora.xtec.cat\/ies-dperramon\/wp-content\/uploads\/usu947\/2016\/07\/joanduran-207x300.jpg 207w, https:\/\/agora.xtec.cat\/ies-dperramon\/wp-content\/uploads\/usu947\/2016\/07\/joanduran-768x1111.jpg 768w, https:\/\/agora.xtec.cat\/ies-dperramon\/wp-content\/uploads\/usu947\/2016\/07\/joanduran-708x1024.jpg 708w, https:\/\/agora.xtec.cat\/ies-dperramon\/wp-content\/uploads\/usu947\/2016\/07\/joanduran.jpg 866w\" sizes=\"auto, (max-width: 259px) 100vw, 259px\" \/><\/a><\/em>Benvolgudes fam\u00edlies,<\/p>\n<p style=\"text-align: justify;\">En primer lloc, us vull donar la benvinguda al curs 2016-2017 en nom de tots els membres de la comunitat educativa de l\u2019Institut.<\/p>\n<p style=\"text-align: justify;\">Em plau comunicar-vos que des de l\u20191 de juliol de 2016 s\u00f3c el director de l\u2019Institut Dom\u00e8nec Perramon d\u2019Arenys de Munt i que aquest proper curs l\u2019equip directiu estar\u00e0 format per:<\/p>\n<p style=\"padding-left: 30px; text-align: justify;\">Director: Joan Duran Ferrer<\/p>\n<p style=\"padding-left: 30px; text-align: justify;\">Cap d\u2019Estudis: Anabel Mart\u00ednez S\u00e1nchez<\/p>\n<p style=\"padding-left: 30px; text-align: justify;\">Coordinadora Pedag\u00f2gica: Anna Ros Balagu\u00e9<\/p>\n<p style=\"padding-left: 30px; text-align: justify;\">Secret\u00e0ria: Montse Pujol Caimel<\/p>\n<p style=\"text-align: justify;\">Tant el nou equip directiu com jo iniciem amb il\u00b7lusi\u00f3 i entusiasme aquesta nova etapa\u00a0 i esperem disposar de la vostra confian\u00e7a per tirar endavant amb els nous reptes que ens hem proposat per enguany.<\/p>\n<p style=\"text-align: justify;\">Des de l\u2019institut Dom\u00e8nec Perramon estem conven\u00e7uts que per oferir un ensenyament de qualitat per als vostres fills, cal la implicaci\u00f3 i col\u00b7laboraci\u00f3 de tota la comunitat educativa (alumnes, fam\u00edlies i professors). Per aquest motiu, no dubteu, en qualsevol moment del curs, a demanar-nos aclariments o a fer-nos arribar els comentaris i aportacions que considereu que puguin ajudar-nos a millorar l\u2019acci\u00f3 educativa del centre.<\/p>\n<p style=\"text-align: justify;\">En segon lloc, aprofito la present per donar-vos les seg\u00fcents informacions relacionades amb el proper curs escolar <strong>2016-2017<\/strong>:<\/p>\n<ol style=\"text-align: justify;\">\n<li><strong>Recuperaci\u00f3 de mat\u00e8ries suspeses d\u2019ESO i Batxillerat<\/strong>.\n<ul>\n<li>Els alumnes d\u2019<strong>ESO que tinguin mat\u00e8ries suspeses a juny<\/strong>, hauran de realitzar els deures d\u2019estiu que se\u2019ls ha posat i fer un examen extraordinari els dies <strong>1 i<\/strong> <strong>2 de setembre<\/strong>, segons el calendari adjunt. El deures d\u2019estiu s\u2019hauran de lliurar en el moment de fer l\u2019examen.<\/li>\n<li>Els alumnes <strong>de 1r de batxillerat que tinguin mat\u00e8ries suspeses a juny<\/strong>, hauran de fer un examen extraordinari els dies <strong>1 i 2 de setembre<\/strong>, segons el calendari adjunt.<\/li>\n<\/ul>\n<\/li>\n<li><strong>Tria d\u2019optatives de 1r, 2n i 3r d\u2019ESO <\/strong><\/li>\n<\/ol>\n<p style=\"text-align: justify;\">Els alumnes de 1r, 2n i 3r d\u2019ESO hauran de venir al centre <strong>dimecres 7 de setembre a les 9:00h per recollir el full de Tria d\u2019optatives <\/strong>i l\u2019hauran de <u>retornar<\/u> <strong>dijous 8 de setembre de 9:00 a 10:00h<\/strong> (a les 10:00h s\u2019inicia l\u2019assignaci\u00f3 d\u2019optatives i si no s\u2019ha rebut la tria de l\u2019alumne se li assignar\u00e0 l\u2019optativa que hagi tingut menys demanda, per tal d\u2019equilibrar el nombre d\u2019alumnes de les diferents optatives)<\/p>\n<ol style=\"text-align: justify;\" start=\"3\">\n<li><strong>Venda i reciclatge de llibres de text<\/strong><\/li>\n<\/ol>\n<p style=\"text-align: justify;\">L\u2019AMPA ser\u00e0 al centre <strong>dimarts 6 de setembre d\u201911:00 a 13:00<\/strong> per recollir els llibres del programa de reciclatge del curs 2015-2016 dels alumnes que s\u2019hagin presentat als ex\u00e0mens de setembre i que no els hagin lliurat encara.<\/p>\n<p style=\"text-align: justify;\">Comercial Girona vindr\u00e0 al centre\u00a0 per a la venda de llibres per al curs 2016-2017 els <strong>dies 7 i 8 de setembre de 10:30 a 13:30 i de 15:00 a 17:00<\/strong><\/p>\n<ol style=\"text-align: justify;\" start=\"4\">\n<li><strong>Inici del nou curs 2016-2017:<\/strong> <strong>dilluns 12 de setembre<\/strong><\/li>\n<\/ol>\n<p style=\"text-align: justify;\">La presentaci\u00f3 del curs 2016-2017 i l\u2019inici de les classes ser\u00e0 <strong>dilluns 12 de setembre<\/strong>, segons l\u2019horari seg\u00fcent:<\/p>\n<p style=\"padding-left: 30px; text-align: justify;\">8:00 &#8211; 1r ESO (al gimn\u00e0s del centre)<\/p>\n<p style=\"padding-left: 30px; text-align: justify;\">9:00 &#8211; 2n, 3r i 4t\u00a0 ESO, i 1r i 2n de Batxillerat \u00a0(a les aules de tutoria)<\/p>\n<ol style=\"text-align: justify;\" start=\"5\">\n<li><strong>Reunions de pares<\/strong> d\u2019inici de curs d\u2019ESO i Batxillerat:<\/li>\n<\/ol>\n<table class=\"aligncenter\" style=\"border-color: #facfcf; height: 225px;\" border=\"1\" width=\"314\">\n<tbody>\n<tr>\n<td width=\"147\"><strong>DIA<\/strong><\/td>\n<td width=\"57\"><strong>HORA<\/strong><\/td>\n<td width=\"120\"><strong>CURS<\/strong><\/td>\n<\/tr>\n<tr>\n<td width=\"147\">Dimecres, 7 de setembre<\/td>\n<td width=\"57\">19:00<\/td>\n<td width=\"120\">1r d\u2019ESO<\/td>\n<\/tr>\n<tr>\n<td width=\"147\">Dimecres, 14 de setembre<\/td>\n<td width=\"57\">19:00<\/td>\n<td width=\"120\">2n d\u2019ESO<\/td>\n<\/tr>\n<tr>\n<td width=\"147\">Dimecres, 21 de setembre<\/td>\n<td width=\"57\">19:00<\/td>\n<td width=\"120\">3r i 4t d\u2019ESO<\/td>\n<\/tr>\n<tr>\n<td width=\"147\">Dimecres, 28 de setembre<\/td>\n<td width=\"57\">19:00<\/td>\n<td width=\"120\">1r i 2n de Batxillerat<\/td>\n<\/tr>\n<\/tbody>\n<\/table>\n<p style=\"text-align: justify;\">Totes aquestes informacions les hem resumit en un calendari que trobareu m\u00e9s avall; tamb\u00e9\u00a0us hem adjuntat el <strong>calendari d\u2019ex\u00e0mens extraordinaris<\/strong> que ja us van donar els tutors en recollir les notes el mes de juny.<\/p>\n<p style=\"text-align: justify;\">Em poso a la vostra disposici\u00f3 per resoldre qualsevol dubte que us pugui sorgir i aprofito l\u2019ocasi\u00f3 per saludar-vos ben cordialment,<\/p>\n<p style=\"text-align: justify;\">Joan Duran Ferrer<\/p>\n<p style=\"text-align: justify;\">Director<\/p>\n<p>&nbsp;<\/p>\n","protected":false},"excerpt":{"rendered":"<p>&nbsp; Benvolgudes fam\u00edlies, En primer lloc, us vull donar la benvinguda al curs 2016-2017 en nom de tots els membres de la comunitat educativa de l\u2019Institut. Em plau comunicar-vos que des de l\u20191 de juliol de 2016 s\u00f3c el director de l\u2019Institut Dom\u00e8nec Perramon d\u2019Arenys de Munt i que aquest proper curs l\u2019equip directiu estar\u00e0 [&hellip;]<\/p>\n","protected":false},"author":1,"featured_media":0,"comment_status":"open","ping_status":"open","sticky":false,"template":"","format":"standard","meta":{"_bbp_topic_count":0,"_bbp_reply_count":0,"_bbp_total_topic_count":0,"_bbp_total_reply_count":0,"_bbp_voice_count":0,"_bbp_anonymous_reply_count":0,"_bbp_topic_count_hidden":0,"_bbp_reply_count_hidden":0,"_bbp_forum_subforum_count":0,"site-sidebar-layout":"default","site-content-layout":"","ast-site-content-layout":"","site-content-style":"default","site-sidebar-style":"default","ast-global-header-display":"","ast-banner-title-visibility":"","ast-main-header-display":"","ast-hfb-above-header-display":"","ast-hfb-below-header-display":"","ast-hfb-mobile-header-display":"","site-post-title":"","ast-breadcrumbs-content":"","ast-featured-img":"","footer-sml-layout":"","theme-transparent-header-meta":"","adv-header-id-meta":"","stick-header-meta":"","header-above-stick-meta":"","header-main-stick-meta":"","header-below-stick-meta":"","astra-migrate-meta-layouts":"default","ast-page-background-enabled":"default","ast-page-background-meta":{"desktop":{"background-color":"var(--ast-global-color-4)","background-image":"","background-repeat":"repeat","background-position":"center center","background-size":"auto","background-attachment":"scroll","background-type":"","background-media":"","overlay-type":"","overlay-color":"","overlay-opacity":"","overlay-gradient":""},"tablet":{"background-color":"","background-image":"","background-repeat":"repeat","background-position":"center center","background-size":"auto","background-attachment":"scroll","background-type":"","background-media":"","overlay-type":"","overlay-color":"","overlay-opacity":"","overlay-gradient":""},"mobile":{"background-color":"","background-image":"","background-repeat":"repeat","background-position":"center center","background-size":"auto","background-attachment":"scroll","background-type":"","background-media":"","overlay-type":"","overlay-color":"","overlay-opacity":"","overlay-gradient":""}},"ast-content-background-meta":{"desktop":{"background-color":"var(--ast-global-color-5)","background-image":"","background-repeat":"repeat","background-position":"center center","background-size":"auto","background-attachment":"scroll","background-type":"","background-media":"","overlay-type":"","overlay-color":"","overlay-opacity":"","overlay-gradient":""},"tablet":{"background-color":"var(--ast-global-color-5)","background-image":"","background-repeat":"repeat","background-position":"center center","background-size":"auto","background-attachment":"scroll","background-type":"","background-media":"","overlay-type":"","overlay-color":"","overlay-opacity":"","overlay-gradient":""},"mobile":{"background-color":"var(--ast-global-color-5)","background-image":"","background-repeat":"repeat","background-position":"center center","background-size":"auto","background-attachment":"scroll","background-type":"","background-media":"","overlay-type":"","overlay-color":"","overlay-opacity":"","overlay-gradient":""}},"footnotes":""},"categories":[1,149,29],"tags":[217],"class_list":["post-2493","post","type-post","status-publish","format-standard","hentry","category-general","category-inici","category-portada","tag-curs-2016-17"],"post_mailing_queue_ids":[],"_links":{"self":[{"href":"https:\/\/agora.xtec.cat\/ies-dperramon\/wp-json\/wp\/v2\/posts\/2493","targetHints":{"allow":["GET"]}}],"collection":[{"href":"https:\/\/agora.xtec.cat\/ies-dperramon\/wp-json\/wp\/v2\/posts"}],"about":[{"href":"https:\/\/agora.xtec.cat\/ies-dperramon\/wp-json\/wp\/v2\/types\/post"}],"author":[{"embeddable":true,"href":"https:\/\/agora.xtec.cat\/ies-dperramon\/wp-json\/wp\/v2\/users\/1"}],"replies":[{"embeddable":true,"href":"https:\/\/agora.xtec.cat\/ies-dperramon\/wp-json\/wp\/v2\/comments?post=2493"}],"version-history":[{"count":3,"href":"https:\/\/agora.xtec.cat\/ies-dperramon\/wp-json\/wp\/v2\/posts\/2493\/revisions"}],"predecessor-version":[{"id":2523,"href":"https:\/\/agora.xtec.cat\/ies-dperramon\/wp-json\/wp\/v2\/posts\/2493\/revisions\/2523"}],"wp:attachment":[{"href":"https:\/\/agora.xtec.cat\/ies-dperramon\/wp-json\/wp\/v2\/media?parent=2493"}],"wp:term":[{"taxonomy":"category","embeddable":true,"href":"https:\/\/agora.xtec.cat\/ies-dperramon\/wp-json\/wp\/v2\/categories?post=2493"},{"taxonomy":"post_tag","embeddable":true,"href":"https:\/\/agora.xtec.cat\/ies-dperramon\/wp-json\/wp\/v2\/tags?post=2493"}],"curies":[{"name":"wp","href":"https:\/\/api.w.org\/{rel}","templated":true}]}}