{"id":1666,"date":"2015-03-02T12:04:09","date_gmt":"2015-03-02T12:04:09","guid":{"rendered":"http:\/\/www.dperramon.cat\/?p=1177"},"modified":"2015-03-02T12:04:09","modified_gmt":"2015-03-02T12:04:09","slug":"jornada-de-portes-obertes","status":"publish","type":"post","link":"https:\/\/agora.xtec.cat\/ies-dperramon\/inici\/jornada-de-portes-obertes\/","title":{"rendered":"JORNADA DE PORTES OBERTES"},"content":{"rendered":"<p><a href=\"http:\/\/agora.xtec.cat\/ies-dperramon\/wp-content\/uploads\/usu947\/2013\/07\/slide12.jpg\"><img loading=\"lazy\" decoding=\"async\" class=\"aligncenter size-full wp-image-453\" alt=\"slide1\" src=\"http:\/\/agora.xtec.cat\/ies-dperramon\/wp-content\/uploads\/usu947\/2013\/07\/slide12.jpg\" width=\"1000\" height=\"300\" \/><\/a><\/p>\n<p><span style=\"font-size: medium;\">Benvolgudes fam\u00edlies, us volem convidar a la nostra jornada de <strong>PORTES OBERTES<\/strong> que farem el proper <strong>7 DE MAR\u00c7 DE 2015<\/strong>. Aquest dia, us explicarem la nostra metodologia i els projectes i us mostrarem les instal\u00b7lacions. \u00a0Tamb\u00e9 ser\u00e0 una jornada pr\u00e0ctica per als alumnes en qu\u00e8 podran ser observadors i participants \u00a0d&#8217;algunes de les activitats que estem fent al centre. <\/span><\/p>\n<p><span style=\"font-size: large;\"><strong>Us adjuntem tres documents importants:<\/strong><\/span><\/p>\n<p><span style=\"font-size: medium;\"><span style=\"color: #ff0000;\">Tr\u00edptic informatiu del centre, de la preinscripci\u00f3 i de la matr\u00edcula.<\/span> \u00a0<a href=\"http:\/\/agora.xtec.cat\/ies-dperramon\/wp-content\/uploads\/usu947\/2015\/03\/Tr\u00edptic-preinscripci\u00f3-14-15.pdf\" target=\"_blank\">Tr\u00edptic preinscripci\u00f3 14-15<\/a><\/span><\/p>\n<p><span style=\"font-size: medium; color: #ff0000;\">Full d&#8217;activitats de la jornada de portes obertes.\u00a0<a href=\"http:\/\/agora.xtec.cat\/ies-dperramon\/wp-content\/uploads\/usu947\/2015\/03\/JORNADA-DE-PORTES-OBERTES.pdf\" target=\"_blank\"><span style=\"color: #ff0000;\">JORNADA DE PORTES OBERTES<\/span><\/a><\/span><\/p>\n<p><span style=\"font-size: medium; color: #ff0000;\">Full de preinscripci\u00f3.\u00a0<a href=\"http:\/\/agora.xtec.cat\/ies-dperramon\/wp-content\/uploads\/usu947\/2015\/03\/Preinscripci\u00f3-14-15.pdf\" target=\"_blank\"><span style=\"color: #ff0000;\">Preinscripci\u00f3 14-15<\/span><\/a><\/span><\/p>\n<p><span style=\"font-size: large; color: #99cc00;\">PREPAREM LA JORNADA DE PORTES OBERTES &#8230;CONSULTEU EL NOSTRE FACEBOOK<\/span><\/p>\n","protected":false},"excerpt":{"rendered":"<p>Benvolgudes fam\u00edlies, us volem convidar a la nostra jornada de PORTES OBERTES que farem el proper 7 DE MAR\u00c7 DE 2015. Aquest dia, us explicarem la nostra metodologia i els projectes i us mostrarem les instal\u00b7lacions. \u00a0Tamb\u00e9 ser\u00e0 una jornada pr\u00e0ctica per als alumnes en qu\u00e8 podran ser observadors i participants \u00a0d&#8217;algunes de les activitats [&hellip;]<\/p>\n","protected":false},"author":1,"featured_media":0,"comment_status":"open","ping_status":"open","sticky":false,"template":"","format":"standard","meta":{"_bbp_topic_count":0,"_bbp_reply_count":0,"_bbp_total_topic_count":0,"_bbp_total_reply_count":0,"_bbp_voice_count":0,"_bbp_anonymous_reply_count":0,"_bbp_topic_count_hidden":0,"_bbp_reply_count_hidden":0,"_bbp_forum_subforum_count":0,"site-sidebar-layout":"default","site-content-layout":"","ast-site-content-layout":"","site-content-style":"default","site-sidebar-style":"default","ast-global-header-display":"","ast-banner-title-visibility":"","ast-main-header-display":"","ast-hfb-above-header-display":"","ast-hfb-below-header-display":"","ast-hfb-mobile-header-display":"","site-post-title":"","ast-breadcrumbs-content":"","ast-featured-img":"","footer-sml-layout":"","theme-transparent-header-meta":"","adv-header-id-meta":"","stick-header-meta":"","header-above-stick-meta":"","header-main-stick-meta":"","header-below-stick-meta":"","astra-migrate-meta-layouts":"default","ast-page-background-enabled":"default","ast-page-background-meta":{"desktop":{"background-color":"var(--ast-global-color-4)","background-image":"","background-repeat":"repeat","background-position":"center center","background-size":"auto","background-attachment":"scroll","background-type":"","background-media":"","overlay-type":"","overlay-color":"","overlay-opacity":"","overlay-gradient":""},"tablet":{"background-color":"","background-image":"","background-repeat":"repeat","background-position":"center center","background-size":"auto","background-attachment":"scroll","background-type":"","background-media":"","overlay-type":"","overlay-color":"","overlay-opacity":"","overlay-gradient":""},"mobile":{"background-color":"","background-image":"","background-repeat":"repeat","background-position":"center center","background-size":"auto","background-attachment":"scroll","background-type":"","background-media":"","overlay-type":"","overlay-color":"","overlay-opacity":"","overlay-gradient":""}},"ast-content-background-meta":{"desktop":{"background-color":"var(--ast-global-color-5)","background-image":"","background-repeat":"repeat","background-position":"center center","background-size":"auto","background-attachment":"scroll","background-type":"","background-media":"","overlay-type":"","overlay-color":"","overlay-opacity":"","overlay-gradient":""},"tablet":{"background-color":"var(--ast-global-color-5)","background-image":"","background-repeat":"repeat","background-position":"center center","background-size":"auto","background-attachment":"scroll","background-type":"","background-media":"","overlay-type":"","overlay-color":"","overlay-opacity":"","overlay-gradient":""},"mobile":{"background-color":"var(--ast-global-color-5)","background-image":"","background-repeat":"repeat","background-position":"center center","background-size":"auto","background-attachment":"scroll","background-type":"","background-media":"","overlay-type":"","overlay-color":"","overlay-opacity":"","overlay-gradient":""}},"footnotes":""},"categories":[149],"tags":[],"class_list":["post-1666","post","type-post","status-publish","format-standard","hentry","category-inici"],"post_mailing_queue_ids":[],"_links":{"self":[{"href":"https:\/\/agora.xtec.cat\/ies-dperramon\/wp-json\/wp\/v2\/posts\/1666","targetHints":{"allow":["GET"]}}],"collection":[{"href":"https:\/\/agora.xtec.cat\/ies-dperramon\/wp-json\/wp\/v2\/posts"}],"about":[{"href":"https:\/\/agora.xtec.cat\/ies-dperramon\/wp-json\/wp\/v2\/types\/post"}],"author":[{"embeddable":true,"href":"https:\/\/agora.xtec.cat\/ies-dperramon\/wp-json\/wp\/v2\/users\/1"}],"replies":[{"embeddable":true,"href":"https:\/\/agora.xtec.cat\/ies-dperramon\/wp-json\/wp\/v2\/comments?post=1666"}],"version-history":[{"count":0,"href":"https:\/\/agora.xtec.cat\/ies-dperramon\/wp-json\/wp\/v2\/posts\/1666\/revisions"}],"wp:attachment":[{"href":"https:\/\/agora.xtec.cat\/ies-dperramon\/wp-json\/wp\/v2\/media?parent=1666"}],"wp:term":[{"taxonomy":"category","embeddable":true,"href":"https:\/\/agora.xtec.cat\/ies-dperramon\/wp-json\/wp\/v2\/categories?post=1666"},{"taxonomy":"post_tag","embeddable":true,"href":"https:\/\/agora.xtec.cat\/ies-dperramon\/wp-json\/wp\/v2\/tags?post=1666"}],"curies":[{"name":"wp","href":"https:\/\/api.w.org\/{rel}","templated":true}]}}