{"id":1664,"date":"2015-02-24T13:40:07","date_gmt":"2015-02-24T13:40:07","guid":{"rendered":"http:\/\/www.dperramon.cat\/?p=1172"},"modified":"2015-02-24T13:40:07","modified_gmt":"2015-02-24T13:40:07","slug":"vaga-dalumnes-el-dijous-26-de-febrer","status":"publish","type":"post","link":"https:\/\/agora.xtec.cat\/ies-dperramon\/inici\/vaga-dalumnes-el-dijous-26-de-febrer\/","title":{"rendered":"VAGA D&#8217;ALUMNES EL DIJOUS 26 DE FEBRER"},"content":{"rendered":"<p><span style=\"font-size: medium;\">Els alumnes de l&#8217;institut han decidit afegir-se a la convocat\u00f2ria de vaga proposada pel &#8220;Sindicat d&#8217;Estudiants&#8221;, \u00fanicament el \u00a0dijous \u00a026 de febrer.<\/span><\/p>\n<div><span style=\"font-size: medium;\">\u00a0Despr\u00e9s de diverses reunions informatives els alumnes de les diferents aules han votat sobre el recolzament o no de la vaga. Finalment, els representants dels alumnes al Consell Escolar han comunicat avui, \u00a0a la direcci\u00f3 del centre, el resultat de la votaci\u00f3 \u00a0dels alumnes amb dret a vaga. El resultat ha estat majorit\u00e0riament \u00a0de s\u00ed a la convocat\u00f2ria.\u00a0<\/span><\/div>\n<div><\/div>\n<div><span style=\"font-size: medium;\">\u00a0Us volem recordar que \u00fanicament els alumnes de 3r, 4t i batxillerat tenen aquest dret, i sempre amb la justificaci\u00f3 dels pares o tutors. Per tant els alumnes que fan vaga hauran de presentar la justificaci\u00f3 signada pels pares dem\u00e0 dimecres.<\/span><\/div>\n<div><span style=\"font-size: medium;\">Tamb\u00e9 us volem recordar que el professorat no est\u00e0 de vaga, per tant seguirem amb les nostres activitats.<\/span><\/div>\n<div><span style=\"font-size: medium;\">\u00a0<\/span><\/div>\n","protected":false},"excerpt":{"rendered":"<p>Els alumnes de l&#8217;institut han decidit afegir-se a la convocat\u00f2ria de vaga proposada pel &#8220;Sindicat d&#8217;Estudiants&#8221;, \u00fanicament el \u00a0dijous \u00a026 de febrer. \u00a0Despr\u00e9s de diverses reunions informatives els alumnes de les diferents aules han votat sobre el recolzament o no de la vaga. Finalment, els representants dels alumnes al Consell Escolar han comunicat avui, \u00a0a [&hellip;]<\/p>\n","protected":false},"author":1,"featured_media":0,"comment_status":"open","ping_status":"open","sticky":false,"template":"","format":"standard","meta":{"_bbp_topic_count":0,"_bbp_reply_count":0,"_bbp_total_topic_count":0,"_bbp_total_reply_count":0,"_bbp_voice_count":0,"_bbp_anonymous_reply_count":0,"_bbp_topic_count_hidden":0,"_bbp_reply_count_hidden":0,"_bbp_forum_subforum_count":0,"site-sidebar-layout":"default","site-content-layout":"","ast-site-content-layout":"","site-content-style":"default","site-sidebar-style":"default","ast-global-header-display":"","ast-banner-title-visibility":"","ast-main-header-display":"","ast-hfb-above-header-display":"","ast-hfb-below-header-display":"","ast-hfb-mobile-header-display":"","site-post-title":"","ast-breadcrumbs-content":"","ast-featured-img":"","footer-sml-layout":"","theme-transparent-header-meta":"","adv-header-id-meta":"","stick-header-meta":"","header-above-stick-meta":"","header-main-stick-meta":"","header-below-stick-meta":"","astra-migrate-meta-layouts":"default","ast-page-background-enabled":"default","ast-page-background-meta":{"desktop":{"background-color":"var(--ast-global-color-4)","background-image":"","background-repeat":"repeat","background-position":"center center","background-size":"auto","background-attachment":"scroll","background-type":"","background-media":"","overlay-type":"","overlay-color":"","overlay-opacity":"","overlay-gradient":""},"tablet":{"background-color":"","background-image":"","background-repeat":"repeat","background-position":"center center","background-size":"auto","background-attachment":"scroll","background-type":"","background-media":"","overlay-type":"","overlay-color":"","overlay-opacity":"","overlay-gradient":""},"mobile":{"background-color":"","background-image":"","background-repeat":"repeat","background-position":"center center","background-size":"auto","background-attachment":"scroll","background-type":"","background-media":"","overlay-type":"","overlay-color":"","overlay-opacity":"","overlay-gradient":""}},"ast-content-background-meta":{"desktop":{"background-color":"var(--ast-global-color-5)","background-image":"","background-repeat":"repeat","background-position":"center center","background-size":"auto","background-attachment":"scroll","background-type":"","background-media":"","overlay-type":"","overlay-color":"","overlay-opacity":"","overlay-gradient":""},"tablet":{"background-color":"var(--ast-global-color-5)","background-image":"","background-repeat":"repeat","background-position":"center center","background-size":"auto","background-attachment":"scroll","background-type":"","background-media":"","overlay-type":"","overlay-color":"","overlay-opacity":"","overlay-gradient":""},"mobile":{"background-color":"var(--ast-global-color-5)","background-image":"","background-repeat":"repeat","background-position":"center center","background-size":"auto","background-attachment":"scroll","background-type":"","background-media":"","overlay-type":"","overlay-color":"","overlay-opacity":"","overlay-gradient":""}},"footnotes":""},"categories":[149],"tags":[],"class_list":["post-1664","post","type-post","status-publish","format-standard","hentry","category-inici"],"post_mailing_queue_ids":[],"_links":{"self":[{"href":"https:\/\/agora.xtec.cat\/ies-dperramon\/wp-json\/wp\/v2\/posts\/1664","targetHints":{"allow":["GET"]}}],"collection":[{"href":"https:\/\/agora.xtec.cat\/ies-dperramon\/wp-json\/wp\/v2\/posts"}],"about":[{"href":"https:\/\/agora.xtec.cat\/ies-dperramon\/wp-json\/wp\/v2\/types\/post"}],"author":[{"embeddable":true,"href":"https:\/\/agora.xtec.cat\/ies-dperramon\/wp-json\/wp\/v2\/users\/1"}],"replies":[{"embeddable":true,"href":"https:\/\/agora.xtec.cat\/ies-dperramon\/wp-json\/wp\/v2\/comments?post=1664"}],"version-history":[{"count":0,"href":"https:\/\/agora.xtec.cat\/ies-dperramon\/wp-json\/wp\/v2\/posts\/1664\/revisions"}],"wp:attachment":[{"href":"https:\/\/agora.xtec.cat\/ies-dperramon\/wp-json\/wp\/v2\/media?parent=1664"}],"wp:term":[{"taxonomy":"category","embeddable":true,"href":"https:\/\/agora.xtec.cat\/ies-dperramon\/wp-json\/wp\/v2\/categories?post=1664"},{"taxonomy":"post_tag","embeddable":true,"href":"https:\/\/agora.xtec.cat\/ies-dperramon\/wp-json\/wp\/v2\/tags?post=1664"}],"curies":[{"name":"wp","href":"https:\/\/api.w.org\/{rel}","templated":true}]}}