{"id":1654,"date":"2014-11-23T18:36:48","date_gmt":"2014-11-23T18:36:48","guid":{"rendered":"http:\/\/www.dperramon.cat\/?p=1020"},"modified":"2014-11-23T18:36:48","modified_gmt":"2014-11-23T18:36:48","slug":"estada-linguistica-a-brighton-2","status":"publish","type":"post","link":"https:\/\/agora.xtec.cat\/ies-dperramon\/inici\/estada-linguistica-a-brighton-2\/","title":{"rendered":"ESTADA LING\u00dc\u00cdSTICA A BRIGHTON"},"content":{"rendered":"<p><img decoding=\"async\" alt=\"WW1 Centenary in Brighton\" src=\"http:\/\/www.visitbrighton.com\/imageresizer\/?image=%2Fdbimgs%2Fmain%20image%20home%2Ejpg&amp;action=Winter2013_Large_Feature\" \/><\/p>\n<p><span style=\"font-size: large;\">Del 10 al 17 de maig farem el viatge d&#8217;estudis ling\u00fc\u00edstics a <span style=\"text-decoration: underline;\"><strong><span style=\"font-size: x-large;\">Brighton (Anglaterra)<\/span><\/strong><\/span>. Us adjuntem una part de la informaci\u00f3 sobre aquesta estada. Recordeu que dimecres 26 de novembre a les 18h farem la reuni\u00f3, al gimn\u00e0s del centre, per explicar el viatge. L&#8217;estada ling\u00fc\u00edstica est\u00e0 pensada per a alumnes de \u00a02n d&#8217;ESO \u00a0fins a 1r de batxillerat.<\/span><\/p>\n<p><a href=\"http:\/\/agora.xtec.cat\/ies-dperramon\/wp-content\/uploads\/usu947\/2014\/11\/Brighton-programa-para-grupos-2015.pdf\" target=\"_blank\">Brighton-programa para grupos 2015<\/a><\/p>\n<p><a href=\"http:\/\/agora.xtec.cat\/ies-dperramon\/wp-content\/uploads\/usu947\/2014\/11\/PresentacionBrightonGeneral.pptx\" target=\"_blank\">PresentacionBrightonGeneral<\/a><\/p>\n<p><a href=\"http:\/\/www.visitbrighton.com\/plan-your-visit\/photos-and-videos\" target=\"_blank\">http:\/\/www.visitbrighton.com\/plan-your-visit\/photos-and-videos<\/a><\/p>\n<p>&nbsp;<\/p>\n","protected":false},"excerpt":{"rendered":"<p>Del 10 al 17 de maig farem el viatge d&#8217;estudis ling\u00fc\u00edstics a Brighton (Anglaterra). Us adjuntem una part de la informaci\u00f3 sobre aquesta estada. Recordeu que dimecres 26 de novembre a les 18h farem la reuni\u00f3, al gimn\u00e0s del centre, per explicar el viatge. L&#8217;estada ling\u00fc\u00edstica est\u00e0 pensada per a alumnes de \u00a02n d&#8217;ESO \u00a0fins [&hellip;]<\/p>\n","protected":false},"author":1,"featured_media":0,"comment_status":"open","ping_status":"open","sticky":false,"template":"","format":"standard","meta":{"_bbp_topic_count":0,"_bbp_reply_count":0,"_bbp_total_topic_count":0,"_bbp_total_reply_count":0,"_bbp_voice_count":0,"_bbp_anonymous_reply_count":0,"_bbp_topic_count_hidden":0,"_bbp_reply_count_hidden":0,"_bbp_forum_subforum_count":0,"site-sidebar-layout":"default","site-content-layout":"","ast-site-content-layout":"","site-content-style":"default","site-sidebar-style":"default","ast-global-header-display":"","ast-banner-title-visibility":"","ast-main-header-display":"","ast-hfb-above-header-display":"","ast-hfb-below-header-display":"","ast-hfb-mobile-header-display":"","site-post-title":"","ast-breadcrumbs-content":"","ast-featured-img":"","footer-sml-layout":"","theme-transparent-header-meta":"","adv-header-id-meta":"","stick-header-meta":"","header-above-stick-meta":"","header-main-stick-meta":"","header-below-stick-meta":"","astra-migrate-meta-layouts":"default","ast-page-background-enabled":"default","ast-page-background-meta":{"desktop":{"background-color":"var(--ast-global-color-4)","background-image":"","background-repeat":"repeat","background-position":"center center","background-size":"auto","background-attachment":"scroll","background-type":"","background-media":"","overlay-type":"","overlay-color":"","overlay-opacity":"","overlay-gradient":""},"tablet":{"background-color":"","background-image":"","background-repeat":"repeat","background-position":"center center","background-size":"auto","background-attachment":"scroll","background-type":"","background-media":"","overlay-type":"","overlay-color":"","overlay-opacity":"","overlay-gradient":""},"mobile":{"background-color":"","background-image":"","background-repeat":"repeat","background-position":"center center","background-size":"auto","background-attachment":"scroll","background-type":"","background-media":"","overlay-type":"","overlay-color":"","overlay-opacity":"","overlay-gradient":""}},"ast-content-background-meta":{"desktop":{"background-color":"var(--ast-global-color-5)","background-image":"","background-repeat":"repeat","background-position":"center center","background-size":"auto","background-attachment":"scroll","background-type":"","background-media":"","overlay-type":"","overlay-color":"","overlay-opacity":"","overlay-gradient":""},"tablet":{"background-color":"var(--ast-global-color-5)","background-image":"","background-repeat":"repeat","background-position":"center center","background-size":"auto","background-attachment":"scroll","background-type":"","background-media":"","overlay-type":"","overlay-color":"","overlay-opacity":"","overlay-gradient":""},"mobile":{"background-color":"var(--ast-global-color-5)","background-image":"","background-repeat":"repeat","background-position":"center center","background-size":"auto","background-attachment":"scroll","background-type":"","background-media":"","overlay-type":"","overlay-color":"","overlay-opacity":"","overlay-gradient":""}},"footnotes":""},"categories":[149],"tags":[],"class_list":["post-1654","post","type-post","status-publish","format-standard","hentry","category-inici"],"post_mailing_queue_ids":[],"_links":{"self":[{"href":"https:\/\/agora.xtec.cat\/ies-dperramon\/wp-json\/wp\/v2\/posts\/1654","targetHints":{"allow":["GET"]}}],"collection":[{"href":"https:\/\/agora.xtec.cat\/ies-dperramon\/wp-json\/wp\/v2\/posts"}],"about":[{"href":"https:\/\/agora.xtec.cat\/ies-dperramon\/wp-json\/wp\/v2\/types\/post"}],"author":[{"embeddable":true,"href":"https:\/\/agora.xtec.cat\/ies-dperramon\/wp-json\/wp\/v2\/users\/1"}],"replies":[{"embeddable":true,"href":"https:\/\/agora.xtec.cat\/ies-dperramon\/wp-json\/wp\/v2\/comments?post=1654"}],"version-history":[{"count":0,"href":"https:\/\/agora.xtec.cat\/ies-dperramon\/wp-json\/wp\/v2\/posts\/1654\/revisions"}],"wp:attachment":[{"href":"https:\/\/agora.xtec.cat\/ies-dperramon\/wp-json\/wp\/v2\/media?parent=1654"}],"wp:term":[{"taxonomy":"category","embeddable":true,"href":"https:\/\/agora.xtec.cat\/ies-dperramon\/wp-json\/wp\/v2\/categories?post=1654"},{"taxonomy":"post_tag","embeddable":true,"href":"https:\/\/agora.xtec.cat\/ies-dperramon\/wp-json\/wp\/v2\/tags?post=1654"}],"curies":[{"name":"wp","href":"https:\/\/api.w.org\/{rel}","templated":true}]}}