{"id":1652,"date":"2014-11-04T13:08:31","date_gmt":"2014-11-04T13:08:31","guid":{"rendered":"http:\/\/www.dperramon.cat\/?p=1007"},"modified":"2014-11-04T13:08:31","modified_gmt":"2014-11-04T13:08:31","slug":"eleccions-al-consell-escolar","status":"publish","type":"post","link":"https:\/\/agora.xtec.cat\/ies-dperramon\/inici\/eleccions-al-consell-escolar\/","title":{"rendered":"ELECCIONS AL CONSELL ESCOLAR"},"content":{"rendered":"<p><a href=\"http:\/\/agora.xtec.cat\/ies-dperramon\/wp-content\/uploads\/usu947\/2014\/11\/eleccions-a-consell-escolar.jpg\"><img loading=\"lazy\" decoding=\"async\" class=\"aligncenter size-full wp-image-1004\" alt=\"eleccions a consell escolar\" src=\"http:\/\/agora.xtec.cat\/ies-dperramon\/wp-content\/uploads\/usu947\/2014\/11\/eleccions-a-consell-escolar.jpg\" width=\"1029\" height=\"93\" \/><\/a><\/p>\n<p><span style=\"font-size: large;\"><strong>INICIEM EL PROC\u00c9S ELECTORAL AL CONSELL ESCOLAR DEL CENTRE<\/strong><\/span><\/p>\n<p><span style=\"font-size: large;\">Podeu consultar \u00a0la nostra convocat\u00f2ria, per\u00f2 aqu\u00ed teniu els trets m\u00e9s importants<\/span><\/p>\n<p><span style=\"font-size: large;\">3 de novembre, \u00a0exposem els censos electorals al taulell d&#8217;anuncis<\/span><\/p>\n<p><span style=\"font-size: large;\">12 de novembre, constituci\u00f3 de les meses electorals<\/span><\/p>\n<p><span style=\"font-size: large;\">18 de novembre, darrer dia per presentar les candidatures<\/span><\/p>\n<p><span style=\"font-size: large;\">26 de novembre, votacions de tots els sectors (pares a partir de les 8h i fins les 18h)<\/span><\/p>\n<p><span style=\"font-size: large;\">Acc\u00e9s a la convocat\u00f2ria i a la carta ales fam\u00edlies<\/span><\/p>\n<p><a href=\"http:\/\/agora.xtec.cat\/ies-dperramon\/wp-content\/uploads\/usu947\/2014\/11\/convocatoria-eleccions-al-consell-escolar-carta-a-la-comunitat-educativa.pdf\" target=\"_blank\">convocatoria eleccions al consell escolar carta a la comunitat educativa<\/a><\/p>\n<p><a href=\"http:\/\/agora.xtec.cat\/ies-dperramon\/wp-content\/uploads\/usu947\/2014\/11\/convocatoria-eleccions-al-consell-escolar-2014.pdf\" target=\"_blank\">convocatoria eleccions al consell escolar 2014<\/a><\/p>\n","protected":false},"excerpt":{"rendered":"<p>INICIEM EL PROC\u00c9S ELECTORAL AL CONSELL ESCOLAR DEL CENTRE Podeu consultar \u00a0la nostra convocat\u00f2ria, per\u00f2 aqu\u00ed teniu els trets m\u00e9s importants 3 de novembre, \u00a0exposem els censos electorals al taulell d&#8217;anuncis 12 de novembre, constituci\u00f3 de les meses electorals 18 de novembre, darrer dia per presentar les candidatures 26 de novembre, votacions de tots els [&hellip;]<\/p>\n","protected":false},"author":1,"featured_media":0,"comment_status":"open","ping_status":"open","sticky":false,"template":"","format":"standard","meta":{"_bbp_topic_count":0,"_bbp_reply_count":0,"_bbp_total_topic_count":0,"_bbp_total_reply_count":0,"_bbp_voice_count":0,"_bbp_anonymous_reply_count":0,"_bbp_topic_count_hidden":0,"_bbp_reply_count_hidden":0,"_bbp_forum_subforum_count":0,"site-sidebar-layout":"default","site-content-layout":"","ast-site-content-layout":"","site-content-style":"default","site-sidebar-style":"default","ast-global-header-display":"","ast-banner-title-visibility":"","ast-main-header-display":"","ast-hfb-above-header-display":"","ast-hfb-below-header-display":"","ast-hfb-mobile-header-display":"","site-post-title":"","ast-breadcrumbs-content":"","ast-featured-img":"","footer-sml-layout":"","theme-transparent-header-meta":"","adv-header-id-meta":"","stick-header-meta":"","header-above-stick-meta":"","header-main-stick-meta":"","header-below-stick-meta":"","astra-migrate-meta-layouts":"default","ast-page-background-enabled":"default","ast-page-background-meta":{"desktop":{"background-color":"var(--ast-global-color-4)","background-image":"","background-repeat":"repeat","background-position":"center center","background-size":"auto","background-attachment":"scroll","background-type":"","background-media":"","overlay-type":"","overlay-color":"","overlay-opacity":"","overlay-gradient":""},"tablet":{"background-color":"","background-image":"","background-repeat":"repeat","background-position":"center center","background-size":"auto","background-attachment":"scroll","background-type":"","background-media":"","overlay-type":"","overlay-color":"","overlay-opacity":"","overlay-gradient":""},"mobile":{"background-color":"","background-image":"","background-repeat":"repeat","background-position":"center center","background-size":"auto","background-attachment":"scroll","background-type":"","background-media":"","overlay-type":"","overlay-color":"","overlay-opacity":"","overlay-gradient":""}},"ast-content-background-meta":{"desktop":{"background-color":"var(--ast-global-color-5)","background-image":"","background-repeat":"repeat","background-position":"center center","background-size":"auto","background-attachment":"scroll","background-type":"","background-media":"","overlay-type":"","overlay-color":"","overlay-opacity":"","overlay-gradient":""},"tablet":{"background-color":"var(--ast-global-color-5)","background-image":"","background-repeat":"repeat","background-position":"center center","background-size":"auto","background-attachment":"scroll","background-type":"","background-media":"","overlay-type":"","overlay-color":"","overlay-opacity":"","overlay-gradient":""},"mobile":{"background-color":"var(--ast-global-color-5)","background-image":"","background-repeat":"repeat","background-position":"center center","background-size":"auto","background-attachment":"scroll","background-type":"","background-media":"","overlay-type":"","overlay-color":"","overlay-opacity":"","overlay-gradient":""}},"footnotes":""},"categories":[149],"tags":[],"class_list":["post-1652","post","type-post","status-publish","format-standard","hentry","category-inici"],"post_mailing_queue_ids":[],"_links":{"self":[{"href":"https:\/\/agora.xtec.cat\/ies-dperramon\/wp-json\/wp\/v2\/posts\/1652","targetHints":{"allow":["GET"]}}],"collection":[{"href":"https:\/\/agora.xtec.cat\/ies-dperramon\/wp-json\/wp\/v2\/posts"}],"about":[{"href":"https:\/\/agora.xtec.cat\/ies-dperramon\/wp-json\/wp\/v2\/types\/post"}],"author":[{"embeddable":true,"href":"https:\/\/agora.xtec.cat\/ies-dperramon\/wp-json\/wp\/v2\/users\/1"}],"replies":[{"embeddable":true,"href":"https:\/\/agora.xtec.cat\/ies-dperramon\/wp-json\/wp\/v2\/comments?post=1652"}],"version-history":[{"count":0,"href":"https:\/\/agora.xtec.cat\/ies-dperramon\/wp-json\/wp\/v2\/posts\/1652\/revisions"}],"wp:attachment":[{"href":"https:\/\/agora.xtec.cat\/ies-dperramon\/wp-json\/wp\/v2\/media?parent=1652"}],"wp:term":[{"taxonomy":"category","embeddable":true,"href":"https:\/\/agora.xtec.cat\/ies-dperramon\/wp-json\/wp\/v2\/categories?post=1652"},{"taxonomy":"post_tag","embeddable":true,"href":"https:\/\/agora.xtec.cat\/ies-dperramon\/wp-json\/wp\/v2\/tags?post=1652"}],"curies":[{"name":"wp","href":"https:\/\/api.w.org\/{rel}","templated":true}]}}