{"id":1467,"date":"2016-02-01T12:38:06","date_gmt":"2016-02-01T12:38:06","guid":{"rendered":"http:\/\/www.dperramon.cat\/?p=1467"},"modified":"2016-05-15T22:37:10","modified_gmt":"2016-05-15T20:37:10","slug":"gener-i-febrer-de-2016","status":"publish","type":"post","link":"https:\/\/agora.xtec.cat\/ies-dperramon\/revista\/gener-i-febrer-de-2016\/","title":{"rendered":"Gener i febrer de 2016"},"content":{"rendered":"<h2>Xerrades i tallers<\/h2>\n<p>Mobilitat internacional, 2n bat, 11 de gener<\/p>\n<p>Actuacions en cas d&#8217;emerg\u00e8ncies, 3r d&#8217;ESO, 11 i 14 de gener<\/p>\n<p>Prevenci\u00f3 i resoluci\u00f3 de conflictes, 2n d&#8217;ESO , 13 de gener<\/p>\n<p>Prevenci\u00f3 de la Viol\u00e8ncia de g\u00e8nere, 3r i 4t d&#8217;ESO, 1r i 2n de Batx, 6 dies entre gener i febrer<\/p>\n<h6>\u00a0(3r ESO: Estereotips de g\u00e8nere,\u00a0\u00a04t ESO Detecci\u00f3 d&#8217;abusos en les parelles,1r bat Concepte d&#8217;amor rom\u00e0ntic,\u00a02n bat: Autoestima)<\/h6>\n<p>Sexualitat i afectivitat, 2n d&#8217;ESO, 20 de gener<\/p>\n<p>Orientaci\u00f3 universit\u00e0ria (UB), 1r i 2n de bat. 26 de febrer<\/p>\n<pre>Xerrada families de 4t d'ESO pro-viatge de final de curs , 1 de febrer a les 17.30h<\/pre>\n<h2>Sortides<\/h2>\n<p>Taller de cuina i nutrici\u00f3 (UB), 19 gener, 1r bat cient\u00edfic<\/p>\n<p>Sortida f\u00edsica (UB), 22 de gener, 2n bat cient\u00edfic i tecnol\u00f2gic<\/p>\n<p>Museu Egipci, 16 de febrer, 1r d&#8217;ESO<\/p>\n<pre>Esquiada , 1r de bat, 10,11 i 12 de febrer<\/pre>\n<h2>Festa de carnestoltes 5 de febrer de 11 a 13:30h<\/h2>\n<p>Els alumnes faran classe les dues primeres hores, despr\u00e9s ens disfressarem, menjarem xocolata (AMPA) i farem la rua i els balls al gimn\u00e0s de l&#8217;institut. L&#8217;hora de sortida ser\u00e0 les 13:30 aproximadament.<\/p>\n<h2>Prova de 4t d&#8217;ESO 16 i 17 de febrer<\/h2>\n<p>La prova de quart d&#8217;ESO avalua les compet\u00e8ncies i coneixements b\u00e0sics que els alumnes han d&#8217;haver adquirit en compet\u00e8ncia comunicativa ling\u00fc\u00edstica, en compet\u00e8ncia cientificotecnol\u00f2gica i en compet\u00e8ncia matem\u00e0tica. Aquesta prova externa est\u00e0 elaborada i organitzada pel <strong>Consell Superior d&#8217;Avaluaci\u00f3 del Sistema Educatiu.<\/strong><\/p>\n<p>&nbsp;<\/p>\n","protected":false},"excerpt":{"rendered":"<p>Xerrades i tallers Mobilitat internacional, 2n bat, 11 de gener Actuacions en cas d&#8217;emerg\u00e8ncies, 3r d&#8217;ESO, 11 i 14 de gener Prevenci\u00f3 i resoluci\u00f3 de conflictes, 2n d&#8217;ESO , 13 de gener Prevenci\u00f3 de la Viol\u00e8ncia de g\u00e8nere, 3r i 4t d&#8217;ESO, 1r i 2n de Batx, 6 dies entre gener i febrer \u00a0(3r ESO: [&hellip;]<\/p>\n","protected":false},"author":1,"featured_media":0,"comment_status":"open","ping_status":"open","sticky":false,"template":"","format":"standard","meta":{"_bbp_topic_count":0,"_bbp_reply_count":0,"_bbp_total_topic_count":0,"_bbp_total_reply_count":0,"_bbp_voice_count":0,"_bbp_anonymous_reply_count":0,"_bbp_topic_count_hidden":0,"_bbp_reply_count_hidden":0,"_bbp_forum_subforum_count":0,"site-sidebar-layout":"default","site-content-layout":"","ast-site-content-layout":"","site-content-style":"default","site-sidebar-style":"default","ast-global-header-display":"","ast-banner-title-visibility":"","ast-main-header-display":"","ast-hfb-above-header-display":"","ast-hfb-below-header-display":"","ast-hfb-mobile-header-display":"","site-post-title":"","ast-breadcrumbs-content":"","ast-featured-img":"","footer-sml-layout":"","theme-transparent-header-meta":"","adv-header-id-meta":"","stick-header-meta":"","header-above-stick-meta":"","header-main-stick-meta":"","header-below-stick-meta":"","astra-migrate-meta-layouts":"default","ast-page-background-enabled":"default","ast-page-background-meta":{"desktop":{"background-color":"var(--ast-global-color-4)","background-image":"","background-repeat":"repeat","background-position":"center center","background-size":"auto","background-attachment":"scroll","background-type":"","background-media":"","overlay-type":"","overlay-color":"","overlay-opacity":"","overlay-gradient":""},"tablet":{"background-color":"","background-image":"","background-repeat":"repeat","background-position":"center center","background-size":"auto","background-attachment":"scroll","background-type":"","background-media":"","overlay-type":"","overlay-color":"","overlay-opacity":"","overlay-gradient":""},"mobile":{"background-color":"","background-image":"","background-repeat":"repeat","background-position":"center center","background-size":"auto","background-attachment":"scroll","background-type":"","background-media":"","overlay-type":"","overlay-color":"","overlay-opacity":"","overlay-gradient":""}},"ast-content-background-meta":{"desktop":{"background-color":"var(--ast-global-color-5)","background-image":"","background-repeat":"repeat","background-position":"center center","background-size":"auto","background-attachment":"scroll","background-type":"","background-media":"","overlay-type":"","overlay-color":"","overlay-opacity":"","overlay-gradient":""},"tablet":{"background-color":"var(--ast-global-color-5)","background-image":"","background-repeat":"repeat","background-position":"center center","background-size":"auto","background-attachment":"scroll","background-type":"","background-media":"","overlay-type":"","overlay-color":"","overlay-opacity":"","overlay-gradient":""},"mobile":{"background-color":"var(--ast-global-color-5)","background-image":"","background-repeat":"repeat","background-position":"center center","background-size":"auto","background-attachment":"scroll","background-type":"","background-media":"","overlay-type":"","overlay-color":"","overlay-opacity":"","overlay-gradient":""}},"footnotes":""},"categories":[149,77],"tags":[],"class_list":["post-1467","post","type-post","status-publish","format-standard","hentry","category-inici","category-revista"],"post_mailing_queue_ids":[],"_links":{"self":[{"href":"https:\/\/agora.xtec.cat\/ies-dperramon\/wp-json\/wp\/v2\/posts\/1467","targetHints":{"allow":["GET"]}}],"collection":[{"href":"https:\/\/agora.xtec.cat\/ies-dperramon\/wp-json\/wp\/v2\/posts"}],"about":[{"href":"https:\/\/agora.xtec.cat\/ies-dperramon\/wp-json\/wp\/v2\/types\/post"}],"author":[{"embeddable":true,"href":"https:\/\/agora.xtec.cat\/ies-dperramon\/wp-json\/wp\/v2\/users\/1"}],"replies":[{"embeddable":true,"href":"https:\/\/agora.xtec.cat\/ies-dperramon\/wp-json\/wp\/v2\/comments?post=1467"}],"version-history":[{"count":0,"href":"https:\/\/agora.xtec.cat\/ies-dperramon\/wp-json\/wp\/v2\/posts\/1467\/revisions"}],"wp:attachment":[{"href":"https:\/\/agora.xtec.cat\/ies-dperramon\/wp-json\/wp\/v2\/media?parent=1467"}],"wp:term":[{"taxonomy":"category","embeddable":true,"href":"https:\/\/agora.xtec.cat\/ies-dperramon\/wp-json\/wp\/v2\/categories?post=1467"},{"taxonomy":"post_tag","embeddable":true,"href":"https:\/\/agora.xtec.cat\/ies-dperramon\/wp-json\/wp\/v2\/tags?post=1467"}],"curies":[{"name":"wp","href":"https:\/\/api.w.org\/{rel}","templated":true}]}}