{"id":1312,"date":"2015-06-10T11:36:20","date_gmt":"2015-06-10T09:36:20","guid":{"rendered":"http:\/\/www.dperramon.cat\/?p=1312"},"modified":"2016-05-04T19:45:15","modified_gmt":"2016-05-04T17:45:15","slug":"llibres-2015-16","status":"publish","type":"post","link":"https:\/\/agora.xtec.cat\/ies-dperramon\/bloginsti\/llibres-2015-16\/","title":{"rendered":"Llibres 2015-16"},"content":{"rendered":"<p><strong><span style=\"font-size: large; color: #ff0000;\"><a href=\"http:\/\/agora.xtec.cat\/ies-dperramon\/wp-content\/uploads\/usu947\/2013\/07\/llibres.jpg\"><a href=\"http:\/\/agora.xtec.cat\/ies-dperramon\/wp-content\/uploads\/usu947\/2015\/06\/Llibres2015-16.doc.pdf\"><br \/>\n<\/a><img loading=\"lazy\" decoding=\"async\" class=\"size-full wp-image-856 alignleft\" alt=\"llibres\" src=\"http:\/\/agora.xtec.cat\/ies-dperramon\/wp-content\/uploads\/usu947\/2013\/07\/llibres.jpg\" width=\"182\" height=\"276\" \/><\/a>\u00a0 <\/span><\/strong><\/p>\n<p><strong><span style=\"font-size: large; color: #ff0000;\">\u00a0<span style=\"font-size: x-large;\">Seguirem amb el reciclatge de llibres!!!<\/span>\u00a0<\/span><\/strong><\/p>\n<p><strong><span style=\"font-size: large;\">L&#8217;AMPA he fet el seg\u00fcent calendari per reutilitzar els llibres i per comprar de nous.\u00a0<\/span><\/strong><\/p>\n<p><span style=\"font-size: large;\">&#8211;<span style=\"font-size: medium;\">del 15 al 26 de juny recollida de llibres del curs actual (es revisaran tots els llibres per donar-los com a aptes)<\/span><\/span><\/p>\n<p><span style=\"font-size: medium;\">-Del 6 al 8 de juliol entrega de llibres reutilitzats a tots els alumnes que han aportat llibres per l&#8217;intercanvi i comanda de llibres nous (Comercial Girona)<\/span><\/p>\n<p><span style=\"font-size: medium;\">-7 i 8 de setembre recollida de comandes de llibres nous fetes a Comercial Girona<\/span><\/p>\n<p><span style=\"font-size: medium;\">\u00a0<\/span><span style=\"font-size: medium;\">En el seg\u00fcent fitxer teniu el proc\u00e9s m\u00e9s detallat: \u00a0<\/span><\/p>\n<p><span style=\"font-size: medium;\"><a href=\"http:\/\/agora.xtec.cat\/ies-dperramon\/wp-content\/uploads\/usu947\/2015\/06\/Reutilitzaci\u00f3-llibres-AMPA.pdf\">Reutilitzaci\u00f3 llibres AMPA<\/a><\/span><\/p>\n<p><strong><span style=\"font-size: large;\">El fitxer seg\u00fcent podeu trobar tots els llibres del curs vinent.<\/span><\/strong><\/p>\n<p><span style=\"font-size: large;\"><a href=\"http:\/\/agora.xtec.cat\/ies-dperramon\/wp-content\/uploads\/usu947\/2015\/06\/Llibres2015-16.doc.pdf\">Llibres2015-16.doc<\/a><\/span><\/p>\n<p>&nbsp;<\/p>\n","protected":false},"excerpt":{"rendered":"<p>\u00a0 \u00a0Seguirem amb el reciclatge de llibres!!!\u00a0 L&#8217;AMPA he fet el seg\u00fcent calendari per reutilitzar els llibres i per comprar de nous.\u00a0 &#8211;del 15 al 26 de juny recollida de llibres del curs actual (es revisaran tots els llibres per donar-los com a aptes) -Del 6 al 8 de juliol entrega de llibres reutilitzats a [&hellip;]<\/p>\n","protected":false},"author":1,"featured_media":0,"comment_status":"open","ping_status":"open","sticky":false,"template":"","format":"standard","meta":{"_bbp_topic_count":0,"_bbp_reply_count":0,"_bbp_total_topic_count":0,"_bbp_total_reply_count":0,"_bbp_voice_count":0,"_bbp_anonymous_reply_count":0,"_bbp_topic_count_hidden":0,"_bbp_reply_count_hidden":0,"_bbp_forum_subforum_count":0,"site-sidebar-layout":"default","site-content-layout":"","ast-site-content-layout":"","site-content-style":"default","site-sidebar-style":"default","ast-global-header-display":"","ast-banner-title-visibility":"","ast-main-header-display":"","ast-hfb-above-header-display":"","ast-hfb-below-header-display":"","ast-hfb-mobile-header-display":"","site-post-title":"","ast-breadcrumbs-content":"","ast-featured-img":"","footer-sml-layout":"","theme-transparent-header-meta":"","adv-header-id-meta":"","stick-header-meta":"","header-above-stick-meta":"","header-main-stick-meta":"","header-below-stick-meta":"","astra-migrate-meta-layouts":"default","ast-page-background-enabled":"default","ast-page-background-meta":{"desktop":{"background-color":"var(--ast-global-color-4)","background-image":"","background-repeat":"repeat","background-position":"center center","background-size":"auto","background-attachment":"scroll","background-type":"","background-media":"","overlay-type":"","overlay-color":"","overlay-opacity":"","overlay-gradient":""},"tablet":{"background-color":"","background-image":"","background-repeat":"repeat","background-position":"center center","background-size":"auto","background-attachment":"scroll","background-type":"","background-media":"","overlay-type":"","overlay-color":"","overlay-opacity":"","overlay-gradient":""},"mobile":{"background-color":"","background-image":"","background-repeat":"repeat","background-position":"center center","background-size":"auto","background-attachment":"scroll","background-type":"","background-media":"","overlay-type":"","overlay-color":"","overlay-opacity":"","overlay-gradient":""}},"ast-content-background-meta":{"desktop":{"background-color":"var(--ast-global-color-5)","background-image":"","background-repeat":"repeat","background-position":"center center","background-size":"auto","background-attachment":"scroll","background-type":"","background-media":"","overlay-type":"","overlay-color":"","overlay-opacity":"","overlay-gradient":""},"tablet":{"background-color":"var(--ast-global-color-5)","background-image":"","background-repeat":"repeat","background-position":"center center","background-size":"auto","background-attachment":"scroll","background-type":"","background-media":"","overlay-type":"","overlay-color":"","overlay-opacity":"","overlay-gradient":""},"mobile":{"background-color":"var(--ast-global-color-5)","background-image":"","background-repeat":"repeat","background-position":"center center","background-size":"auto","background-attachment":"scroll","background-type":"","background-media":"","overlay-type":"","overlay-color":"","overlay-opacity":"","overlay-gradient":""}},"footnotes":""},"categories":[169],"tags":[174],"class_list":["post-1312","post","type-post","status-publish","format-standard","hentry","category-bloginsti","tag-llibres"],"post_mailing_queue_ids":[],"_links":{"self":[{"href":"https:\/\/agora.xtec.cat\/ies-dperramon\/wp-json\/wp\/v2\/posts\/1312","targetHints":{"allow":["GET"]}}],"collection":[{"href":"https:\/\/agora.xtec.cat\/ies-dperramon\/wp-json\/wp\/v2\/posts"}],"about":[{"href":"https:\/\/agora.xtec.cat\/ies-dperramon\/wp-json\/wp\/v2\/types\/post"}],"author":[{"embeddable":true,"href":"https:\/\/agora.xtec.cat\/ies-dperramon\/wp-json\/wp\/v2\/users\/1"}],"replies":[{"embeddable":true,"href":"https:\/\/agora.xtec.cat\/ies-dperramon\/wp-json\/wp\/v2\/comments?post=1312"}],"version-history":[{"count":1,"href":"https:\/\/agora.xtec.cat\/ies-dperramon\/wp-json\/wp\/v2\/posts\/1312\/revisions"}],"predecessor-version":[{"id":1911,"href":"https:\/\/agora.xtec.cat\/ies-dperramon\/wp-json\/wp\/v2\/posts\/1312\/revisions\/1911"}],"wp:attachment":[{"href":"https:\/\/agora.xtec.cat\/ies-dperramon\/wp-json\/wp\/v2\/media?parent=1312"}],"wp:term":[{"taxonomy":"category","embeddable":true,"href":"https:\/\/agora.xtec.cat\/ies-dperramon\/wp-json\/wp\/v2\/categories?post=1312"},{"taxonomy":"post_tag","embeddable":true,"href":"https:\/\/agora.xtec.cat\/ies-dperramon\/wp-json\/wp\/v2\/tags?post=1312"}],"curies":[{"name":"wp","href":"https:\/\/api.w.org\/{rel}","templated":true}]}}