{"id":1046,"date":"2016-03-07T18:49:59","date_gmt":"2016-03-07T17:49:59","guid":{"rendered":"http:\/\/revistadigitaldp.cat\/?p=586"},"modified":"2016-05-15T22:32:33","modified_gmt":"2016-05-15T20:32:33","slug":"edgar-allan-poe","status":"publish","type":"post","link":"https:\/\/agora.xtec.cat\/ies-dperramon\/revista\/edgar-allan-poe\/","title":{"rendered":"Edgar Allan Poe"},"content":{"rendered":"<p><img loading=\"lazy\" decoding=\"async\" class=\"alignnone size-medium wp-image-610\" src=\"http:\/\/agora.xtec.cat\/ies-dperramon\/wp-content\/uploads\/usu947\/2016\/03\/teresa0001-206x300.jpg\" alt=\"teresa0001\" width=\"206\" height=\"300\" \/><\/p>\n<p><span style=\"font-weight: 400;\">Aquest trimestre els alumnes de 3r han estat llegint un llibre i ens han volgut dir de quin llibre es tracta i ensenyar-nos com era l&#8217;autor Edagar A. Poe\u00a0i explicar-nos de que va un cap\u00edtol del llibre perqu\u00e8 li agafeu el gustet i el llegiu:<\/span><\/p>\n<p>\u201cLos alumnos de tercero hemos hecho como lectura obligatoria de este a\u00f1o &#8220;El gato negro y otros cuentos de horror&#8221; de Edgar Allan Poe.\u00a0<span style=\"font-weight: 400;\">Y tras leerlo, hicimos un trabajo acerca del libro, estas son las ilustraciones que hemos hecho de algunas de las historias m\u00e1s conocidas del autor.\u201d<\/span><\/p>\n<p><span style=\"font-weight: 400;\">(Jennifer L.)<\/span><\/p>\n<p>Nosaltres hem volgut anar m\u00e9s enll\u00e0 i ens han donat uns videos i presentacions que han fet i os ho volem ensenyar, ja que s\u00f3n molt interessant, i sempre va b\u00e9 saber de mes autors i sobretot de<\/p>\n<p>de l\u2019Edgar A. Poe que es un home molt curios i interesant, aqu\u00ed va el video que i la presentaci\u00f3 que ens ha agradat m\u00e9s:<\/p>\n<p>&nbsp;<\/p>\n<div style=\"width: 640px;\" class=\"wp-video\"><!--[if lt IE 9]><script>document.createElement('video');<\/script><![endif]-->\n<video class=\"wp-video-shortcode\" id=\"video-1046-1\" width=\"640\" height=\"368\" preload=\"metadata\" controls=\"controls\"><source type=\"video\/mp4\" src=\"http:\/\/agora.xtec.cat\/ies-dperramon\/wp-content\/uploads\/usu947\/2016\/03\/XiaoYing_Video_1454353201132.mp4?_=1\" \/><a href=\"http:\/\/agora.xtec.cat\/ies-dperramon\/wp-content\/uploads\/usu947\/2016\/03\/XiaoYing_Video_1454353201132.mp4\">http:\/\/agora.xtec.cat\/ies-dperramon\/wp-content\/uploads\/usu947\/2016\/03\/XiaoYing_Video_1454353201132.mp4<\/a><\/video><\/div>\n<p>&nbsp;<\/p>\n<p>&nbsp;<\/p>\n<p><a href=\"http:\/\/agora.xtec.cat\/ies-dperramon\/wp-content\/uploads\/usu947\/2016\/03\/Power-point-el-gato-negro-judit-maria-juli-y-berta.pdf\" rel=\"\">Power point el gato negro judit, maria, juli y berta<\/a><\/p>\n<p>Tamb\u00e9 tenim dibuixos molt originals que han fet:<\/p>\n<p><img loading=\"lazy\" decoding=\"async\" class=\"alignnone size-medium wp-image-610\" src=\"http:\/\/agora.xtec.cat\/ies-dperramon\/wp-content\/uploads\/usu947\/2016\/03\/teresa0001-206x300.jpg\" alt=\"teresa0001\" width=\"206\" height=\"300\" \/> <img loading=\"lazy\" decoding=\"async\" class=\"alignnone size-medium wp-image-612\" src=\"http:\/\/agora.xtec.cat\/ies-dperramon\/wp-content\/uploads\/usu947\/2016\/03\/teresa0004-207x300.jpg\" alt=\"teresa0004\" width=\"207\" height=\"300\" \/> <img loading=\"lazy\" decoding=\"async\" class=\"alignnone size-medium wp-image-613\" src=\"http:\/\/agora.xtec.cat\/ies-dperramon\/wp-content\/uploads\/usu947\/2016\/03\/teresa0006-207x300.jpg\" alt=\"teresa0006\" width=\"207\" height=\"300\" \/> <img loading=\"lazy\" decoding=\"async\" class=\"alignnone size-medium wp-image-614\" src=\"http:\/\/agora.xtec.cat\/ies-dperramon\/wp-content\/uploads\/usu947\/2016\/03\/teresa0008-207x300.jpg\" alt=\"teresa0008\" width=\"207\" height=\"300\" \/> <img loading=\"lazy\" decoding=\"async\" class=\"alignnone size-medium wp-image-615\" src=\"http:\/\/agora.xtec.cat\/ies-dperramon\/wp-content\/uploads\/usu947\/2016\/03\/teresa0009-207x300.jpg\" alt=\"teresa0009\" width=\"207\" height=\"300\" \/> <img loading=\"lazy\" decoding=\"async\" class=\"alignnone size-medium wp-image-616\" src=\"http:\/\/agora.xtec.cat\/ies-dperramon\/wp-content\/uploads\/usu947\/2016\/03\/teresa0010-207x300.jpg\" alt=\"teresa0010\" width=\"207\" height=\"300\" \/><\/p>\n<p>Esperem que os hagi agradat tan com ens agradat a nosaltres!!<\/p>\n<p>&nbsp;<\/p>\n<p>&nbsp;<\/p>\n","protected":false},"excerpt":{"rendered":"<p>Aquest trimestre els alumnes de 3r han estat llegint un llibre i ens han volgut dir de quin llibre es tracta i ensenyar-nos com era l&#8217;autor Edagar A. Poe\u00a0i explicar-nos de que va un cap\u00edtol del llibre perqu\u00e8 li agafeu el gustet i el llegiu: \u201cLos alumnos de tercero hemos hecho como lectura obligatoria de [&hellip;]<\/p>\n","protected":false},"author":36,"featured_media":0,"comment_status":"open","ping_status":"open","sticky":false,"template":"","format":"image","meta":{"_bbp_topic_count":0,"_bbp_reply_count":0,"_bbp_total_topic_count":0,"_bbp_total_reply_count":0,"_bbp_voice_count":0,"_bbp_anonymous_reply_count":0,"_bbp_topic_count_hidden":0,"_bbp_reply_count_hidden":0,"_bbp_forum_subforum_count":0,"site-sidebar-layout":"default","site-content-layout":"","ast-site-content-layout":"","site-content-style":"default","site-sidebar-style":"default","ast-global-header-display":"","ast-banner-title-visibility":"","ast-main-header-display":"","ast-hfb-above-header-display":"","ast-hfb-below-header-display":"","ast-hfb-mobile-header-display":"","site-post-title":"","ast-breadcrumbs-content":"","ast-featured-img":"","footer-sml-layout":"","theme-transparent-header-meta":"","adv-header-id-meta":"","stick-header-meta":"","header-above-stick-meta":"","header-main-stick-meta":"","header-below-stick-meta":"","astra-migrate-meta-layouts":"default","ast-page-background-enabled":"default","ast-page-background-meta":{"desktop":{"background-color":"var(--ast-global-color-4)","background-image":"","background-repeat":"repeat","background-position":"center center","background-size":"auto","background-attachment":"scroll","background-type":"","background-media":"","overlay-type":"","overlay-color":"","overlay-opacity":"","overlay-gradient":""},"tablet":{"background-color":"","background-image":"","background-repeat":"repeat","background-position":"center center","background-size":"auto","background-attachment":"scroll","background-type":"","background-media":"","overlay-type":"","overlay-color":"","overlay-opacity":"","overlay-gradient":""},"mobile":{"background-color":"","background-image":"","background-repeat":"repeat","background-position":"center center","background-size":"auto","background-attachment":"scroll","background-type":"","background-media":"","overlay-type":"","overlay-color":"","overlay-opacity":"","overlay-gradient":""}},"ast-content-background-meta":{"desktop":{"background-color":"var(--ast-global-color-5)","background-image":"","background-repeat":"repeat","background-position":"center center","background-size":"auto","background-attachment":"scroll","background-type":"","background-media":"","overlay-type":"","overlay-color":"","overlay-opacity":"","overlay-gradient":""},"tablet":{"background-color":"var(--ast-global-color-5)","background-image":"","background-repeat":"repeat","background-position":"center center","background-size":"auto","background-attachment":"scroll","background-type":"","background-media":"","overlay-type":"","overlay-color":"","overlay-opacity":"","overlay-gradient":""},"mobile":{"background-color":"var(--ast-global-color-5)","background-image":"","background-repeat":"repeat","background-position":"center center","background-size":"auto","background-attachment":"scroll","background-type":"","background-media":"","overlay-type":"","overlay-color":"","overlay-opacity":"","overlay-gradient":""}},"footnotes":""},"categories":[135,77],"tags":[],"class_list":["post-1046","post","type-post","status-publish","format-image","hentry","category-noticies","category-revista","post_format-post-format-image"],"post_mailing_queue_ids":[],"_links":{"self":[{"href":"https:\/\/agora.xtec.cat\/ies-dperramon\/wp-json\/wp\/v2\/posts\/1046","targetHints":{"allow":["GET"]}}],"collection":[{"href":"https:\/\/agora.xtec.cat\/ies-dperramon\/wp-json\/wp\/v2\/posts"}],"about":[{"href":"https:\/\/agora.xtec.cat\/ies-dperramon\/wp-json\/wp\/v2\/types\/post"}],"author":[{"embeddable":true,"href":"https:\/\/agora.xtec.cat\/ies-dperramon\/wp-json\/wp\/v2\/users\/36"}],"replies":[{"embeddable":true,"href":"https:\/\/agora.xtec.cat\/ies-dperramon\/wp-json\/wp\/v2\/comments?post=1046"}],"version-history":[{"count":0,"href":"https:\/\/agora.xtec.cat\/ies-dperramon\/wp-json\/wp\/v2\/posts\/1046\/revisions"}],"wp:attachment":[{"href":"https:\/\/agora.xtec.cat\/ies-dperramon\/wp-json\/wp\/v2\/media?parent=1046"}],"wp:term":[{"taxonomy":"category","embeddable":true,"href":"https:\/\/agora.xtec.cat\/ies-dperramon\/wp-json\/wp\/v2\/categories?post=1046"},{"taxonomy":"post_tag","embeddable":true,"href":"https:\/\/agora.xtec.cat\/ies-dperramon\/wp-json\/wp\/v2\/tags?post=1046"}],"curies":[{"name":"wp","href":"https:\/\/api.w.org\/{rel}","templated":true}]}}