{"id":270,"count":10,"description":"Benvolgudes Fam\u00edlies,\r\n\r\nUs enllacem tota la informaci\u00f3 necess\u00e0ria del Batxillerat impartit a l'INS Dom\u00e8nec Perramon.\r\n\r\n<a href=\"https:\/\/docs.google.com\/presentation\/d\/1U73eI847R2Ed17Tkpbu7KPIBCkauhgf3ywKnfl86N44\/edit#slide=id.ged79132c19_0_0\"><img class=\"wp-image-5480 aligncenter\" src=\"https:\/\/agora.xtec.cat\/ies-dperramon\/wp-content\/uploads\/usu947\/2022\/03\/BATXI.jpg\" alt=\"\" width=\"299\" height=\"220\" \/><\/a>\r\n\r\nA m\u00e9s a m\u00e9s us enllacem tota la informaci\u00f3 actualitzada <span style=\"font-weight: 400;\">sobre l'acc\u00e9s a la Universitat:<\/span>\r\n\r\n<span style=\"font-weight: 400;\">Aqu\u00ed trobar\u00e0s tota la informaci\u00f3 actualitzada sobre l'acc\u00e9s a la Universitat:\u00a0<\/span><span style=\"font-weight: 400;\">Horaris PAU, informaci\u00f3 sobre les mat\u00e8ries, notes de tall, dates de preinscripci\u00f3 i matr\u00edcula, etc\u2026<\/span>\r\n\r\n<a href=\"https:\/\/universitats.gencat.cat\/ca\/inici\"><span style=\"font-weight: 400;\">https:\/\/universitats.gencat.cat\/ca\/inici<\/span><\/a>\r\n\r\n&nbsp;\r\n\r\n&nbsp;","link":"https:\/\/agora.xtec.cat\/ies-dperramon\/categoria\/batxillerat\/","name":"Batxillerat","slug":"batxillerat","taxonomy":"category","parent":0,"meta":[],"_links":{"self":[{"href":"https:\/\/agora.xtec.cat\/ies-dperramon\/wp-json\/wp\/v2\/categories\/270","targetHints":{"allow":["GET"]}}],"collection":[{"href":"https:\/\/agora.xtec.cat\/ies-dperramon\/wp-json\/wp\/v2\/categories"}],"about":[{"href":"https:\/\/agora.xtec.cat\/ies-dperramon\/wp-json\/wp\/v2\/taxonomies\/category"}],"wp:post_type":[{"href":"https:\/\/agora.xtec.cat\/ies-dperramon\/wp-json\/wp\/v2\/posts?categories=270"}],"curies":[{"name":"wp","href":"https:\/\/api.w.org\/{rel}","templated":true}]}}