{"id":136,"count":5,"description":"MEDIACI\u00d3\r\n\r\n<a name=\"_GoBack\"><\/a> El projecte de Mediaci\u00f3 es va comen\u00e7ar a implementar en el curs 2014-2015. \u00c9s un projecte com\u00fa amb l'ajuntament d'Arenys de Munt, Va sorgir de la voluntat d'incorporar noves l\u00ednies de resoluci\u00f3 de conflicte i de millora de la conviv\u00e8ncia a l'institut.\r\n\r\nDurant el curs 2015\/16 vam consolidar l'Equip de Mediadors format per set alumnes de 4t d'ESO i 1r de Batx, dues professores i la Mediadora municipal. Durant aquest curs \u00a0l'Equip ha estat molt actiu i han realitzat diferents mediacions dins del centre, han participat en la festa de la Conviv\u00e8ncia del poble i han realitzat tallers de gesti\u00f3 de conflictes amb els alumnes de 6\u00e8 de les escoles Sobirans i Sant Mart\u00ed.\r\n\r\nComencem aquest nou curs amb il\u00b7lusi\u00f3, ja que tenim dotze alumnes m\u00e9s formant-se per ser mediadors i amb nous projectes per encetar.","link":"https:\/\/agora.xtec.cat\/ies-dperramon\/categoria\/orientacio\/","name":"Mediaci\u00f3 i orientaci\u00f3","slug":"orientacio","taxonomy":"category","parent":0,"meta":[],"_links":{"self":[{"href":"https:\/\/agora.xtec.cat\/ies-dperramon\/wp-json\/wp\/v2\/categories\/136","targetHints":{"allow":["GET"]}}],"collection":[{"href":"https:\/\/agora.xtec.cat\/ies-dperramon\/wp-json\/wp\/v2\/categories"}],"about":[{"href":"https:\/\/agora.xtec.cat\/ies-dperramon\/wp-json\/wp\/v2\/taxonomies\/category"}],"wp:post_type":[{"href":"https:\/\/agora.xtec.cat\/ies-dperramon\/wp-json\/wp\/v2\/posts?categories=136"}],"curies":[{"name":"wp","href":"https:\/\/api.w.org\/{rel}","templated":true}]}}