{"id":6451,"date":"2026-04-29T11:45:02","date_gmt":"2026-04-29T09:45:02","guid":{"rendered":"https:\/\/agora.xtec.cat\/ies-castelldelquer-prats\/?p=6451"},"modified":"2026-04-29T11:45:26","modified_gmt":"2026-04-29T09:45:26","slug":"els-alumnes-de-2n-gaudeixen-duna-jornada-dun-torneig-de-bitlles-catalanes","status":"publish","type":"post","link":"https:\/\/agora.xtec.cat\/ies-castelldelquer-prats\/eso\/eso-2\/els-alumnes-de-2n-gaudeixen-duna-jornada-dun-torneig-de-bitlles-catalanes\/","title":{"rendered":"Els alumnes de 2n gaudeixen d\u2019una jornada d\u2019un torneig de bitlles catalanes"},"content":{"rendered":"<p><i><span style=\"font-weight: 400\">Naia Farr\u00e9, Pol Sch\u00fcler i Laia Subirana.<\/span><\/i><\/p>\n<p><span style=\"font-weight: 400\">El passat dimarts 14 d\u2019abril els alumnes de 2n d\u2019ESO van organitzar un torneig de bitlles catalanes a les tres \u00faltimes hores, amb ajuda d\u2019un equip de bitllaires de la comarca del Llu\u00e7an\u00e8s. Vam fer 3 tirades per ronda i vam fer 3 rondes, els equips eren de 5 jugadors (excepte dos equips).\u00a0<\/span><\/p>\n<p><span style=\"font-weight: 400\">L\u2019objectiu era aconseguir els m\u00e0xims punts possibles que eren 30 per ronda. A cada ronda es sumaven tots els punts de l\u2019equip i quan van acabar totes les 3 rondes van sumar en global.<\/span><\/p>\n<p><span style=\"font-weight: 400\">Cada equip tenia un paper on apuntaven la puntuaci\u00f3 de cada ronda. S\u2019havien de col\u00b7locar a darrere una l\u00ednia i una persona darrere les bitlles per llavors col\u00b7locar-les b\u00e9. La persona que tirava, quan sonava un xiulet havia de tirar els tres bitllots i quan tornava a sonar el xiulet els podien anar a recollir.<\/span><\/p>\n<p><span style=\"font-weight: 400\">Per \u00faltim van donar els papers de puntuaci\u00f3 a la Gemma i van entregar unes medalles de fusta com a premis, constru\u00efdes pels mateixos alumnes.\u00a0<\/span><\/p>\n<p><span style=\"font-weight: 400\">Els alumnes de 2n valoren molt positivament l\u2019activitat ja que han pogut con\u00e8ixer una mica m\u00e9s sobre la cultura del nostre pa\u00eds.<\/span><\/p>\n<p>&nbsp;<\/p>\n","protected":false},"excerpt":{"rendered":"<p>Naia Farr\u00e9, Pol Sch\u00fcler i Laia Subirana.<br \/>\nEl passat dimarts 14 d\u2019abril els alumnes de 2n d\u2019ESO van organitzar un torneig de bitlles catalanes a les tres \u00faltimes hores, amb ajuda d\u2019un equip de bitllaires de la comarca del Llu\u00e7an\u00e8s. Vam fer 3 tirades per ronda&hellip;  <a href=\"https:\/\/agora.xtec.cat\/ies-castelldelquer-prats\/eso\/eso-2\/els-alumnes-de-2n-gaudeixen-duna-jornada-dun-torneig-de-bitlles-catalanes\/\" title=\"Read Els alumnes de 2n gaudeixen d\u2019una jornada d\u2019un torneig de bitlles catalanes\">Llegeix m\u00e9s\u00bb<\/a><\/p>\n","protected":false},"author":7,"featured_media":0,"comment_status":"open","ping_status":"open","sticky":false,"template":"","format":"standard","meta":{"_bbp_topic_count":0,"_bbp_reply_count":0,"_bbp_total_topic_count":0,"_bbp_total_reply_count":0,"_bbp_voice_count":0,"_bbp_anonymous_reply_count":0,"_bbp_topic_count_hidden":0,"_bbp_reply_count_hidden":0,"_bbp_forum_subforum_count":0,"footnotes":""},"categories":[5,29],"tags":[],"class_list":["post-6451","post","type-post","status-publish","format-standard","hentry","category-eso-2","category-portada"],"post_mailing_queue_ids":[],"_links":{"self":[{"href":"https:\/\/agora.xtec.cat\/ies-castelldelquer-prats\/wp-json\/wp\/v2\/posts\/6451","targetHints":{"allow":["GET"]}}],"collection":[{"href":"https:\/\/agora.xtec.cat\/ies-castelldelquer-prats\/wp-json\/wp\/v2\/posts"}],"about":[{"href":"https:\/\/agora.xtec.cat\/ies-castelldelquer-prats\/wp-json\/wp\/v2\/types\/post"}],"author":[{"embeddable":true,"href":"https:\/\/agora.xtec.cat\/ies-castelldelquer-prats\/wp-json\/wp\/v2\/users\/7"}],"replies":[{"embeddable":true,"href":"https:\/\/agora.xtec.cat\/ies-castelldelquer-prats\/wp-json\/wp\/v2\/comments?post=6451"}],"version-history":[{"count":1,"href":"https:\/\/agora.xtec.cat\/ies-castelldelquer-prats\/wp-json\/wp\/v2\/posts\/6451\/revisions"}],"predecessor-version":[{"id":6452,"href":"https:\/\/agora.xtec.cat\/ies-castelldelquer-prats\/wp-json\/wp\/v2\/posts\/6451\/revisions\/6452"}],"wp:attachment":[{"href":"https:\/\/agora.xtec.cat\/ies-castelldelquer-prats\/wp-json\/wp\/v2\/media?parent=6451"}],"wp:term":[{"taxonomy":"category","embeddable":true,"href":"https:\/\/agora.xtec.cat\/ies-castelldelquer-prats\/wp-json\/wp\/v2\/categories?post=6451"},{"taxonomy":"post_tag","embeddable":true,"href":"https:\/\/agora.xtec.cat\/ies-castelldelquer-prats\/wp-json\/wp\/v2\/tags?post=6451"}],"curies":[{"name":"wp","href":"https:\/\/api.w.org\/{rel}","templated":true}]}}