{"id":6446,"date":"2026-04-29T11:38:02","date_gmt":"2026-04-29T09:38:02","guid":{"rendered":"https:\/\/agora.xtec.cat\/ies-castelldelquer-prats\/?p=6446"},"modified":"2026-04-29T11:38:17","modified_gmt":"2026-04-29T09:38:17","slug":"lalumnat-de-3r-deso-viura-un-experiencia-unica-al-cami-de-santiago","status":"publish","type":"post","link":"https:\/\/agora.xtec.cat\/ies-castelldelquer-prats\/eso\/eso-3\/lalumnat-de-3r-deso-viura-un-experiencia-unica-al-cami-de-santiago\/","title":{"rendered":"L\u2019ALUMNAT DE 3R D\u2019ESO VIUR\u00c0 UN EXPERI\u00c8NCIA \u00daNICA AL CAM\u00cd DE SANTIAGO"},"content":{"rendered":"<p><i><span style=\"font-weight: 400\">A. Casanovas, F. Hayoun i N. Ziani<\/span><\/i><\/p>\n<p><span style=\"font-weight: 400\">El proper dilluns 11 de maig, els i les alumnes de 3r d\u2019ESO iniciaran una nova experi\u00e8ncia al Cam\u00ed de Santiago, un viatge ple d\u2019aventura i conviv\u00e8ncia. Al llarg d\u2019aquest recorregut, tindran l\u2019oportunitat de gaudir de la natura, con\u00e8ixer nous paisatges i compartir moments \u00fanics amb els seus companys i companyes.<\/span><\/p>\n<p><span style=\"font-weight: 400\">Aquesta activitat no nom\u00e9s consistir\u00e0 a caminar, sin\u00f3 tamb\u00e9 a aprendre a treballar en equip, con\u00e8ixer cultura i enfortir els vincles entre ells.\u00a0<\/span><\/p>\n<p><span style=\"font-weight: 400\">Les activitats consistiran, als matins, a caminar pels senders que configuren el Cam\u00ed de Santiago. A les tardes, tornaran als punts d\u2019allotjament i, m\u00e9s tard, sortiran per visitar els voltants; algunes tardes es dedicaran a activitats l\u00fadiques, mentre que d\u2019altres estaran orientades a activitats culturals i d\u2019aprenentatge.<\/span><\/p>\n<p><span style=\"font-weight: 400\">Ser\u00e0 una gran experi\u00e8ncia que els permetr\u00e0 desconnectar de la rutina di\u00e0ria i connectar amb l\u2019entorn i amb ells mateixos.<\/span><\/p>\n<p><span style=\"font-weight: 400\">En conclusi\u00f3, el Cam\u00ed de Santiago ser\u00e0 una experi\u00e8ncia \u00fanica que combinar\u00e0 aprenentatge i conviv\u00e8ncia. Sens dubte, aquest viatge deixar\u00e0 records inoblidables i moments molt especials en els alumnes.\u00a0<\/span><\/p>\n<p>&nbsp;<\/p>\n","protected":false},"excerpt":{"rendered":"<p>A. Casanovas, F. Hayoun i N. Ziani<br \/>\nEl proper dilluns 11 de maig, els i les alumnes de 3r d\u2019ESO iniciaran una nova experi\u00e8ncia al Cam\u00ed de Santiago, un viatge ple d\u2019aventura i conviv\u00e8ncia. Al llarg d\u2019aquest recorregut, tindran l\u2019oportunitat de gaudir de la natura, con\u00e8ixer&hellip;  <a href=\"https:\/\/agora.xtec.cat\/ies-castelldelquer-prats\/eso\/eso-3\/lalumnat-de-3r-deso-viura-un-experiencia-unica-al-cami-de-santiago\/\" title=\"Read L\u2019ALUMNAT DE 3R D\u2019ESO VIUR\u00c0 UN EXPERI\u00c8NCIA \u00daNICA AL CAM\u00cd DE SANTIAGO\">Llegeix m\u00e9s\u00bb<\/a><\/p>\n","protected":false},"author":7,"featured_media":0,"comment_status":"open","ping_status":"open","sticky":false,"template":"","format":"standard","meta":{"_bbp_topic_count":0,"_bbp_reply_count":0,"_bbp_total_topic_count":0,"_bbp_total_reply_count":0,"_bbp_voice_count":0,"_bbp_anonymous_reply_count":0,"_bbp_topic_count_hidden":0,"_bbp_reply_count_hidden":0,"_bbp_forum_subforum_count":0,"footnotes":""},"categories":[6,29],"tags":[],"class_list":["post-6446","post","type-post","status-publish","format-standard","hentry","category-eso-3","category-portada"],"post_mailing_queue_ids":[],"_links":{"self":[{"href":"https:\/\/agora.xtec.cat\/ies-castelldelquer-prats\/wp-json\/wp\/v2\/posts\/6446","targetHints":{"allow":["GET"]}}],"collection":[{"href":"https:\/\/agora.xtec.cat\/ies-castelldelquer-prats\/wp-json\/wp\/v2\/posts"}],"about":[{"href":"https:\/\/agora.xtec.cat\/ies-castelldelquer-prats\/wp-json\/wp\/v2\/types\/post"}],"author":[{"embeddable":true,"href":"https:\/\/agora.xtec.cat\/ies-castelldelquer-prats\/wp-json\/wp\/v2\/users\/7"}],"replies":[{"embeddable":true,"href":"https:\/\/agora.xtec.cat\/ies-castelldelquer-prats\/wp-json\/wp\/v2\/comments?post=6446"}],"version-history":[{"count":2,"href":"https:\/\/agora.xtec.cat\/ies-castelldelquer-prats\/wp-json\/wp\/v2\/posts\/6446\/revisions"}],"predecessor-version":[{"id":6448,"href":"https:\/\/agora.xtec.cat\/ies-castelldelquer-prats\/wp-json\/wp\/v2\/posts\/6446\/revisions\/6448"}],"wp:attachment":[{"href":"https:\/\/agora.xtec.cat\/ies-castelldelquer-prats\/wp-json\/wp\/v2\/media?parent=6446"}],"wp:term":[{"taxonomy":"category","embeddable":true,"href":"https:\/\/agora.xtec.cat\/ies-castelldelquer-prats\/wp-json\/wp\/v2\/categories?post=6446"},{"taxonomy":"post_tag","embeddable":true,"href":"https:\/\/agora.xtec.cat\/ies-castelldelquer-prats\/wp-json\/wp\/v2\/tags?post=6446"}],"curies":[{"name":"wp","href":"https:\/\/api.w.org\/{rel}","templated":true}]}}